{"id":581221,"date":"2024-12-08T17:09:12","date_gmt":"2024-12-08T21:09:12","guid":{"rendered":"https:\/\/diariodominicano.com\/?p=581221"},"modified":"2024-12-08T17:47:38","modified_gmt":"2024-12-08T21:47:38","slug":"autoferia-popular-concluye-con-rd17000-millones-en-solicitudes-de-prestamos-el-plazo-de-financiamiento-mas-comun-fue-a-7-anos","status":"publish","type":"post","link":"https:\/\/diariodominicano.com\/?p=581221","title":{"rendered":"Autoferia Popular concluye con RD$17,000 millones en solicitudes de pr\u00e9stamos  El plazo de financiamiento m\u00e1s com\u00fan fue a 7 a\u00f1os"},"content":{"rendered":"\n<figure class=\"wp-block-image size-large\"><img loading=\"lazy\" decoding=\"async\" width=\"1024\" height=\"576\" src=\"https:\/\/diariodominicano.com\/wp-content\/uploads\/2024\/12\/DSC05530-2-1024x576.jpg\" alt=\"\" class=\"wp-image-581237\" srcset=\"https:\/\/diariodominicano.com\/wp-content\/uploads\/2024\/12\/DSC05530-2-1024x576.jpg 1024w, https:\/\/diariodominicano.com\/wp-content\/uploads\/2024\/12\/DSC05530-2-300x169.jpg 300w, https:\/\/diariodominicano.com\/wp-content\/uploads\/2024\/12\/DSC05530-2-768x432.jpg 768w, https:\/\/diariodominicano.com\/wp-content\/uploads\/2024\/12\/DSC05530-2-1536x864.jpg 1536w, https:\/\/diariodominicano.com\/wp-content\/uploads\/2024\/12\/DSC05530-2-2048x1152.jpg 2048w, https:\/\/diariodominicano.com\/wp-content\/uploads\/2024\/12\/DSC05530-2-816x459.jpg 816w\" sizes=\"auto, (max-width: 1024px) 100vw, 1024px\" \/><\/figure>\n\n\n\n<p>De izquierda a derecha, los se\u00f1ores Jos\u00e9 Tav\u00e1rez, Jean Carlos Ubiera F\u00e9liz, Alfredo Cabrero, Francisco Ram\u00edrez, Leonte Brea y Jos\u00e9 Gonz\u00e1lez.<\/p>\n\n\n\n<figure class=\"wp-block-image size-large\"><img loading=\"lazy\" decoding=\"async\" width=\"1024\" height=\"576\" src=\"https:\/\/diariodominicano.com\/wp-content\/uploads\/2024\/12\/DSC05531-1-1024x576.jpg\" alt=\"\" class=\"wp-image-581229\" srcset=\"https:\/\/diariodominicano.com\/wp-content\/uploads\/2024\/12\/DSC05531-1-1024x576.jpg 1024w, https:\/\/diariodominicano.com\/wp-content\/uploads\/2024\/12\/DSC05531-1-300x169.jpg 300w, https:\/\/diariodominicano.com\/wp-content\/uploads\/2024\/12\/DSC05531-1-768x432.jpg 768w, https:\/\/diariodominicano.com\/wp-content\/uploads\/2024\/12\/DSC05531-1-1536x864.jpg 1536w, https:\/\/diariodominicano.com\/wp-content\/uploads\/2024\/12\/DSC05531-1-2048x1152.jpg 2048w, https:\/\/diariodominicano.com\/wp-content\/uploads\/2024\/12\/DSC05531-1-816x459.jpg 816w\" sizes=\"auto, (max-width: 1024px) 100vw, 1024px\" \/><\/figure>\n\n\n\n<p>De izquierda a derecha, los se\u00f1ores Fernando Miguel Villanueva, Joan Abreu, Fernando Villanueva, Christopher Paniagua, Francisco Ram\u00edrez, Leonte Brea y Julio de la Cruz.<\/p>\n\n\n\n<p><strong>Santo Domingo, D.N<\/strong>., RD.- \u2013 La vig\u00e9sima novena Autoferia Popular cerr\u00f3 con RD$17,000 millones en solicitudes de pr\u00e9stamos para un total de 9,100 veh\u00edculos nuevos, de los cuales hasta el momento se han aprobado RD$7,500 millones, seg\u00fan datos provisionales.<\/p>\n\n\n\n<p>De este monto general, m\u00e1s de RD$850 millones han sido destinados al financiamiento de veh\u00edculos h\u00edbridos y el\u00e9ctricos.<\/p>\n\n\n\n<p>El plazo de financiamiento m\u00e1s com\u00fan utilizado por los usuarios ha sido el de la tasa fija del 13.95% a 3 a\u00f1os.<\/p>\n\n\n\n<figure class=\"wp-block-image size-large\"><img loading=\"lazy\" decoding=\"async\" width=\"1024\" height=\"576\" src=\"https:\/\/diariodominicano.com\/wp-content\/uploads\/2024\/12\/DSC05532-1-1024x576.jpg\" alt=\"\" class=\"wp-image-581252\" srcset=\"https:\/\/diariodominicano.com\/wp-content\/uploads\/2024\/12\/DSC05532-1-1024x576.jpg 1024w, https:\/\/diariodominicano.com\/wp-content\/uploads\/2024\/12\/DSC05532-1-300x169.jpg 300w, https:\/\/diariodominicano.com\/wp-content\/uploads\/2024\/12\/DSC05532-1-768x432.jpg 768w, https:\/\/diariodominicano.com\/wp-content\/uploads\/2024\/12\/DSC05532-1-1536x864.jpg 1536w, https:\/\/diariodominicano.com\/wp-content\/uploads\/2024\/12\/DSC05532-1-2048x1153.jpg 2048w, https:\/\/diariodominicano.com\/wp-content\/uploads\/2024\/12\/DSC05532-1-816x459.jpg 816w\" sizes=\"auto, (max-width: 1024px) 100vw, 1024px\" \/><\/figure>\n\n\n\n<p> De izquierda a derecha, los se\u00f1ores Leonte Brea, Cristian Valdez, Wilfredo Lithgow, Francisco Ram\u00edrez, Maribel Bellapart, Christopher Paniagua, V\u00edctor Carvajal y Oliver Hern\u00e1ndez Ferm\u00edn.<\/p>\n\n\n\n<p>Una edici\u00f3n m\u00e1s, los veh\u00edculos tipo SUV o jeepetas fueron los m\u00e1s comprados, con un monto promedio de RD$1.9 millones por unidad financiada, representando el 70% de los autos adquiridos. El plazo de financiamiento m\u00e1s com\u00fan fue a 7 a\u00f1os.<\/p>\n\n\n\n<p>Las personas de 30 a\u00f1os fueron las que m\u00e1s autom\u00f3viles compraron, seguidas por las de entre 40 y 50 a\u00f1os. Los hombres adquirieron 6 de cada 10 veh\u00edculos.<\/p>\n\n\n\n<p>En esta Autoferia Popular, los clientes pudieron financiar hasta el 90% del valor del veh\u00edculo, con un plazo de hasta siete a\u00f1os para pagar desde enero de 2025 y la opci\u00f3n de realizar pagos adicionales. Adem\u00e1s, al adquirir un veh\u00edculo nuevo, participaron en sorteos de tres pagos iniciales de RD$300 mil cada uno.<\/p>\n\n\n\n<figure class=\"wp-block-image size-large\"><img loading=\"lazy\" decoding=\"async\" width=\"1024\" height=\"683\" src=\"https:\/\/diariodominicano.com\/wp-content\/uploads\/2024\/12\/DSC05533-1024x683.jpg\" alt=\"\" class=\"wp-image-581254\" srcset=\"https:\/\/diariodominicano.com\/wp-content\/uploads\/2024\/12\/DSC05533-1024x683.jpg 1024w, https:\/\/diariodominicano.com\/wp-content\/uploads\/2024\/12\/DSC05533-300x200.jpg 300w, https:\/\/diariodominicano.com\/wp-content\/uploads\/2024\/12\/DSC05533-768x512.jpg 768w, https:\/\/diariodominicano.com\/wp-content\/uploads\/2024\/12\/DSC05533-1536x1024.jpg 1536w, https:\/\/diariodominicano.com\/wp-content\/uploads\/2024\/12\/DSC05533-2048x1365.jpg 2048w, https:\/\/diariodominicano.com\/wp-content\/uploads\/2024\/12\/DSC05533-816x544.jpg 816w\" sizes=\"auto, (max-width: 1024px) 100vw, 1024px\" \/><\/figure>\n\n\n\n<p>La vig\u00e9sima novena Autoferia Popular cerr\u00f3 con RD$17,000 millones en solicitudes de pr\u00e9stamos.<\/p>\n\n\n\n<p>Disfrutaron tambi\u00e9n de m\u00faltiples opciones de financiamiento para cada necesidad, como Pr\u00e9stamos 0 Kil\u00f3metro, pr\u00e9stamos verdes de Hazte Eco para h\u00edbridos y el\u00e9ctricos, Leasing Popular para profesionales, pymes y empresas, y condiciones especiales para veh\u00edculos usados.<\/p>\n\n\n\n<p><strong>Renovaci\u00f3n del parque vehicular<\/strong><\/p>\n\n\n\n<p>En esta versi\u00f3n de la Autoferia Popular los clientes eligieron sus modelos de entre un cat\u00e1logo de 62 marcas de veh\u00edculos y 76 modelos de autos h\u00edbridos y el\u00e9ctricos, cuya inserci\u00f3n contribuye a la renovaci\u00f3n del parque vehicular hacia uno m\u00e1s seguro, eficiente y sostenible.<\/p>\n\n\n\n<figure class=\"wp-block-image size-large\"><img loading=\"lazy\" decoding=\"async\" width=\"1024\" height=\"683\" src=\"https:\/\/diariodominicano.com\/wp-content\/uploads\/2024\/12\/DSC05726-1-1024x683.jpg\" alt=\"\" class=\"wp-image-581256\" srcset=\"https:\/\/diariodominicano.com\/wp-content\/uploads\/2024\/12\/DSC05726-1-1024x683.jpg 1024w, https:\/\/diariodominicano.com\/wp-content\/uploads\/2024\/12\/DSC05726-1-300x200.jpg 300w, https:\/\/diariodominicano.com\/wp-content\/uploads\/2024\/12\/DSC05726-1-768x512.jpg 768w, https:\/\/diariodominicano.com\/wp-content\/uploads\/2024\/12\/DSC05726-1-1536x1024.jpg 1536w, https:\/\/diariodominicano.com\/wp-content\/uploads\/2024\/12\/DSC05726-1-2048x1365.jpg 2048w, https:\/\/diariodominicano.com\/wp-content\/uploads\/2024\/12\/DSC05726-1-816x544.jpg 816w\" sizes=\"auto, (max-width: 1024px) 100vw, 1024px\" \/><\/figure>\n\n\n\n<p>De izquierda a derecha, los se\u00f1ores Leonte Brea, Alfredo Najri y Ren\u00e9 Grull\u00f3n.<\/p>\n\n\n\n<figure class=\"wp-block-image size-large\"><img loading=\"lazy\" decoding=\"async\" width=\"1024\" height=\"682\" src=\"https:\/\/diariodominicano.com\/wp-content\/uploads\/2024\/12\/ELI02516-1024x682.jpg\" alt=\"\" class=\"wp-image-581258\" srcset=\"https:\/\/diariodominicano.com\/wp-content\/uploads\/2024\/12\/ELI02516-1024x682.jpg 1024w, https:\/\/diariodominicano.com\/wp-content\/uploads\/2024\/12\/ELI02516-300x200.jpg 300w, https:\/\/diariodominicano.com\/wp-content\/uploads\/2024\/12\/ELI02516-768x512.jpg 768w, https:\/\/diariodominicano.com\/wp-content\/uploads\/2024\/12\/ELI02516-1536x1024.jpg 1536w, https:\/\/diariodominicano.com\/wp-content\/uploads\/2024\/12\/ELI02516-2048x1365.jpg 2048w, https:\/\/diariodominicano.com\/wp-content\/uploads\/2024\/12\/ELI02516-816x544.jpg 816w\" sizes=\"auto, (max-width: 1024px) 100vw, 1024px\" \/><\/figure>\n\n\n\n<p>Las personas de 30 a\u00f1os fueron las que m\u00e1s autom\u00f3viles compraron, seguidas por las de entre 40 y 50 a\u00f1os.<\/p>\n\n\n\n<p>ta  oferta de veh\u00edculos estuvo disponible en 23 concesionarios pertenecientes a la Asociaci\u00f3n de Concesionarios de Fabricantes de Veh\u00edculos (ACOFAVE) y al Grupo Unido de la Industria Automotriz de la Rep\u00fablica Dominicana (GUIA), as\u00ed como los modelos disponibles en m\u00e1s de 250 distribuidores o dealers en todo el pa\u00eds.<\/p>\n\n\n\n<p>El sitio web&nbsp;<a href=\"http:\/\/autoferiapopular.com.do\/\" target=\"_blank\" rel=\"noreferrer noopener\">Autoferiapopular.com.do<\/a>&nbsp;y las oficinas del Banco Popular estuvieron habilitados como canales de servicio para facilitar la elecci\u00f3n de veh\u00edculo y las solicitudes de pr\u00e9stamos.<\/p>\n\n\n\n<p><strong>Tres d\u00e9cadas impulsando la adquisici\u00f3n de veh\u00edculos<\/strong><\/p>\n\n\n\n<p>El vicepresidente ejecutivo de Negocios Personales y Sucursales del Banco Popular, se\u00f1or Francisco Ram\u00edrez, agradeci\u00f3 a los clientes de la entidad bancaria el apoyo reiterado otorgado a la Autoferia Popular, situ\u00e1ndola como el motor de la industria automotriz por casi tres d\u00e9cadas.<\/p>\n\n\n\n<p>\u201cCada a\u00f1o para nosotros es un verdadero privilegio crear las condiciones para que miles de personas, familias y empresas tengan la oportunidad de adquirir los veh\u00edculos que necesitan de acuerdo con sus necesidades y aspiraciones a trav\u00e9s de una plataforma como la Autoferia Popular\u201d.<\/p>\n\n\n\n<p>RAINIER ANTONIO MALDONADO TAPIA<\/p>\n\n\n\n<p>RAINIER ANTONIO MALDONADO TAPIA (De tus contactos de Google)<\/p>\n\n\n\n<p><a target=\"_blank\" href=\"mailto:rmaldonado@bpd.com.do\" rel=\"noreferrer noopener\">rmaldonado@bpd.com.do<\/a><\/p>\n\n\n\n<p>Vicepresidencia Ejecutiva<\/p>\n\n\n\n<p><strong>Vicepresidencia Ejecutiva<\/strong><br><strong>Comunicaciones Corporativas, Reputaci\u00f3n y Banca Responsable<\/strong><\/p>\n\n\n\n<p><strong>Grupo Popular, S. A.<\/strong><\/p>\n","protected":false},"excerpt":{"rendered":"<p>De izquierda a derecha, los se\u00f1ores Jos\u00e9 Tav\u00e1rez, Jean Carlos Ubiera F\u00e9liz, Alfredo Cabrero, Francisco Ram\u00edrez, Leonte Brea y Jos\u00e9 Gonz\u00e1lez. De izquierda a derecha, los se\u00f1ores Fernando Miguel Villanueva, Joan Abreu, Fernando Villanueva, Christopher Paniagua, Francisco Ram\u00edrez, Leonte Brea y Julio de la Cruz. Santo Domingo, D.N., RD.- \u2013 La vig\u00e9sima novena Autoferia Popular [&hellip;]<\/p>\n","protected":false},"author":28,"featured_media":581235,"comment_status":"closed","ping_status":"closed","sticky":true,"template":"","format":"standard","meta":{"footnotes":""},"categories":[18,27,32],"tags":[],"class_list":["post-581221","post","type-post","status-publish","format-standard","has-post-thumbnail","hentry","category-economia","category-portada","category-turismo"],"_links":{"self":[{"href":"https:\/\/diariodominicano.com\/index.php?rest_route=\/wp\/v2\/posts\/581221","targetHints":{"allow":["GET"]}}],"collection":[{"href":"https:\/\/diariodominicano.com\/index.php?rest_route=\/wp\/v2\/posts"}],"about":[{"href":"https:\/\/diariodominicano.com\/index.php?rest_route=\/wp\/v2\/types\/post"}],"author":[{"embeddable":true,"href":"https:\/\/diariodominicano.com\/index.php?rest_route=\/wp\/v2\/users\/28"}],"replies":[{"embeddable":true,"href":"https:\/\/diariodominicano.com\/index.php?rest_route=%2Fwp%2Fv2%2Fcomments&post=581221"}],"version-history":[{"count":8,"href":"https:\/\/diariodominicano.com\/index.php?rest_route=\/wp\/v2\/posts\/581221\/revisions"}],"predecessor-version":[{"id":581263,"href":"https:\/\/diariodominicano.com\/index.php?rest_route=\/wp\/v2\/posts\/581221\/revisions\/581263"}],"wp:featuredmedia":[{"embeddable":true,"href":"https:\/\/diariodominicano.com\/index.php?rest_route=\/wp\/v2\/media\/581235"}],"wp:attachment":[{"href":"https:\/\/diariodominicano.com\/index.php?rest_route=%2Fwp%2Fv2%2Fmedia&parent=581221"}],"wp:term":[{"taxonomy":"category","embeddable":true,"href":"https:\/\/diariodominicano.com\/index.php?rest_route=%2Fwp%2Fv2%2Fcategories&post=581221"},{"taxonomy":"post_tag","embeddable":true,"href":"https:\/\/diariodominicano.com\/index.php?rest_route=%2Fwp%2Fv2%2Ftags&post=581221"}],"curies":[{"name":"wp","href":"https:\/\/api.w.org\/{rel}","templated":true}]}}