{"id":581209,"date":"2024-12-08T17:06:43","date_gmt":"2024-12-08T21:06:43","guid":{"rendered":"https:\/\/diariodominicano.com\/?p=581209"},"modified":"2024-12-08T19:26:22","modified_gmt":"2024-12-08T23:26:22","slug":"ministerio-de-agricultura-y-fao-concluyen-programa-de-capacitacion-para-extensionistas-agricolas-fortaleciendo-la-sostenibilidad-agroalimentaria","status":"publish","type":"post","link":"https:\/\/diariodominicano.com\/?p=581209","title":{"rendered":"Agricultura y FAO concluyen programa de capacitaci\u00f3n para extensionistas agr\u00edcolas"},"content":{"rendered":"\n<p>Aseguran , fortaleciendo la sostenibilidad agroalimentaria<\/p>\n\n\n\n<p>diariodominicano.com<\/p>\n\n\n\n<p><strong>Pont\u00f3n, La Vega., R. D.,<\/strong>\u2002<strong>8 de diciembre, 2024.-<\/strong>&nbsp;Con el objetivo de fortalecer las capacidades t\u00e9cnicas del sector agropecuario y promover la sostenibilidad de los sistemas agroalimentarios, el Ministerio de Agricultura, con el apoyo t\u00e9cnico de la Organizaci\u00f3n de las Naciones Unidas para la Alimentaci\u00f3n y la Agricultura (FAO), culmin\u00f3 un importante ciclo de capacitaciones dirigido a extensionistas agr\u00edcolas.<\/p>\n\n\n\n<p>En esta primera etapa, m\u00e1s de 60 extensionistas del Ministerio de Agricultura y del Instituto Dominicano del Caf\u00e9 (INDOCAFE) completaron su formaci\u00f3n en pr\u00e1cticas de conservaci\u00f3n de suelos y &nbsp;agua, a trav\u00e9s de tres m\u00f3dulos de capacitaci\u00f3n enfocados en la gesti\u00f3n sostenible de suelos, buenas pr\u00e1cticas de conservaci\u00f3n de suelos y agua, planificaci\u00f3n de fincas resilientes y facilitaci\u00f3n de escuelas de campo para agricultores.<\/p>\n\n\n\n<p>El ministro de Agricultura, Limber Cruz, expres\u00f3 que oportuno y agradable celebrar el D\u00eda del Suelo con una actividad como esta, promoviendo la capacitaci\u00f3n de los t\u00e9cnicos agr\u00edcolas. Dijo que debemos tener como prioridad conservar y cuidar las cuencas de agua y los suelos, ya que son la principal fuente de producci\u00f3n.<\/p>\n\n\n\n<p>El Ministro felicit\u00f3 a los t\u00e9cnicos por su pasi\u00f3n, entrega y preparaci\u00f3n para lograr los objetivos trazados por el gobierno del Presidente Luis Abinader que busca reducir los niveles de pobreza y hambre que tiene el pais. \u00a8Tengo fe que vamos a lograr la meta presidencial de erradicar el hambre en Rep\u00fablica Dominicana antes del 2028 y ustedes son los encargados de empujar hacia esa meta\u00a8, sostuvo.<\/p>\n\n\n\n<p>Esta iniciativa forma parte del Proyecto de Agricultura Resiliente y Gesti\u00f3n Integrada de Recursos H\u00eddricos (PARGIRH), un esfuerzo liderado por el Gobierno dominicano con el financiamiento del Banco Mundial, que destina 80 millones de d\u00f3lares a la promoci\u00f3n de pr\u00e1cticas agr\u00edcolas sostenibles y la mejora de la gesti\u00f3n de los recursos h\u00eddricos. El proyecto busca mitigar los impactos del cambio clim\u00e1tico, garantizar el uso eficiente de los recursos naturales y fortalecer la resiliencia del sector agropecuario frente a fen\u00f3menos como sequ\u00edas, inundaciones y tormentas tropicales.<\/p>\n\n\n\n<p>En el evento Rodrigo Casta\u00f1eda, representante de la FAO dijo que \u201cel sector agropecuario es fundamental para garantizar la seguridad alimentaria y nutricional del pa\u00eds, pero enfrenta grandes desaf\u00edos como el cambio clim\u00e1tico y la degradaci\u00f3n de los recursos naturales. Con estas capacitaciones, reforzamos las capacidades t\u00e9cnicas de nuestros extensionistas para apoyar a los productores en la implementaci\u00f3n de pr\u00e1cticas sostenibles.<\/p>\n\n\n\n<p>El programa incluye adem\u00e1s la transferencia de conocimientos a 750 productores mediante Escuelas de Campo, la implementaci\u00f3n de al menos 50 parcelas demostrativas y asistencia t\u00e9cnica directa para aplicar pr\u00e1cticas de conservaci\u00f3n de suelos en cultivos como caf\u00e9, cacao, cultivos de ciclo corto y ganader\u00eda.<\/p>\n\n\n\n<p>De su lado, Le\u00f3nidas Batista, director de Indocafe, expres\u00f3 que 405 fuentes hidrogr\u00e1ficas nacen en las zonas cafetaleras del pa\u00eds, por lo que es importante cuidar y preservar la producci\u00f3n de caf\u00e9, ya que es uno de los mejores protectores del suelo, evitando arrastres y erosiones en los mismos.&nbsp;<\/p>\n\n\n\n<p>La ceremonia de clausura se realiz\u00f3 en el marco de la conmemoraci\u00f3n del D\u00eda Mundial del Suelo, celebrado bajo el lema \u00abMedir, monitorear y gestionar para cuidar los suelos\u00bb. Durante el acto, se resalt\u00f3 la importancia de proteger los suelos como base de la producci\u00f3n agroalimentaria, recordando que el 95% de los alimentos que consumimos dependen de este recurso.<\/p>\n\n\n\n<p>En la actividad, adem\u00e1s, se realiz\u00f3 la entrega de 12 motocicletas a t\u00e9cnicos de Indocafe.<\/p>\n\n\n\n<p>El evento, que reuni\u00f3 a autoridades gubernamentales, t\u00e9cnicos y productores, reafirma el compromiso de la Rep\u00fablica Dominicana con la transformaci\u00f3n de su sector agropecuario hacia modelos m\u00e1s eficientes, inclusivos y resilientes.<\/p>\n\n\n\n<p><strong>Prensa Agricultura<\/strong><\/p>\n\n\n\n<p>Ministerio de Agricultura<\/p>\n\n\n\n<p><\/p>\n","protected":false},"excerpt":{"rendered":"<p>Aseguran , fortaleciendo la sostenibilidad agroalimentaria diariodominicano.com Pont\u00f3n, La Vega., R. D.,\u20028 de diciembre, 2024.-&nbsp;Con el objetivo de fortalecer las capacidades t\u00e9cnicas del sector agropecuario y promover la sostenibilidad de los sistemas agroalimentarios, el Ministerio de Agricultura, con el apoyo t\u00e9cnico de la Organizaci\u00f3n de las Naciones Unidas para la Alimentaci\u00f3n y la Agricultura (FAO), [&hellip;]<\/p>\n","protected":false},"author":5,"featured_media":581222,"comment_status":"closed","ping_status":"closed","sticky":true,"template":"","format":"standard","meta":{"footnotes":""},"categories":[20,27],"tags":[],"class_list":["post-581209","post","type-post","status-publish","format-standard","has-post-thumbnail","hentry","category-dominicana-hoy","category-portada"],"_links":{"self":[{"href":"https:\/\/diariodominicano.com\/index.php?rest_route=\/wp\/v2\/posts\/581209","targetHints":{"allow":["GET"]}}],"collection":[{"href":"https:\/\/diariodominicano.com\/index.php?rest_route=\/wp\/v2\/posts"}],"about":[{"href":"https:\/\/diariodominicano.com\/index.php?rest_route=\/wp\/v2\/types\/post"}],"author":[{"embeddable":true,"href":"https:\/\/diariodominicano.com\/index.php?rest_route=\/wp\/v2\/users\/5"}],"replies":[{"embeddable":true,"href":"https:\/\/diariodominicano.com\/index.php?rest_route=%2Fwp%2Fv2%2Fcomments&post=581209"}],"version-history":[{"count":2,"href":"https:\/\/diariodominicano.com\/index.php?rest_route=\/wp\/v2\/posts\/581209\/revisions"}],"predecessor-version":[{"id":581280,"href":"https:\/\/diariodominicano.com\/index.php?rest_route=\/wp\/v2\/posts\/581209\/revisions\/581280"}],"wp:featuredmedia":[{"embeddable":true,"href":"https:\/\/diariodominicano.com\/index.php?rest_route=\/wp\/v2\/media\/581222"}],"wp:attachment":[{"href":"https:\/\/diariodominicano.com\/index.php?rest_route=%2Fwp%2Fv2%2Fmedia&parent=581209"}],"wp:term":[{"taxonomy":"category","embeddable":true,"href":"https:\/\/diariodominicano.com\/index.php?rest_route=%2Fwp%2Fv2%2Fcategories&post=581209"},{"taxonomy":"post_tag","embeddable":true,"href":"https:\/\/diariodominicano.com\/index.php?rest_route=%2Fwp%2Fv2%2Ftags&post=581209"}],"curies":[{"name":"wp","href":"https:\/\/api.w.org\/{rel}","templated":true}]}}