{"id":581166,"date":"2024-12-08T15:36:56","date_gmt":"2024-12-08T19:36:56","guid":{"rendered":"https:\/\/diariodominicano.com\/?p=581166"},"modified":"2024-12-08T15:38:29","modified_gmt":"2024-12-08T19:38:29","slug":"reacciones-desde-america-latina-a-la-crisis-politica-en-siria","status":"publish","type":"post","link":"https:\/\/diariodominicano.com\/?p=581166","title":{"rendered":"Reacciones desde Am\u00e9rica Latina a la crisis pol\u00edtica en Siria"},"content":{"rendered":"\n<p>ARCHIVO- El presidente sirio, Bashar al-Assad (izq.), y su hom\u00f3logo brasile\u00f1o, Luiz In\u00e1cio Lula Da Silva, posan para una fotograf\u00eda durante una reuni\u00f3n en el Palacio de Itamaraty en Brasilia, el 30 de junio de 2010.<\/p>\n\n\n\n<p>diciembre 08, 2024<\/p>\n\n\n\n<ul class=\"wp-block-list\">\n<li><a href=\"https:\/\/www.vozdeamerica.com\/author\/voz-de-america-redaccion\/p_kym\">Voz de Am\u00e9rica &#8211; Redacci\u00f3n<\/a><\/li>\n<\/ul>\n\n\n\n<ul class=\"wp-block-list\">\n<li><a href=\"https:\/\/facebook.com\/sharer.php?u=https%3a%2f%2fwww.vozdeamerica.com%2fa%2fprimeras-reacciones-de-america-latina-a-la-crisis-politica-en-siria%2f7891561.html\" target=\"_blank\" rel=\"noreferrer noopener\"><\/a><\/li>\n\n\n\n<li><a href=\"https:\/\/twitter.com\/share?url=https%3a%2f%2fwww.vozdeamerica.com%2fa%2fprimeras-reacciones-de-america-latina-a-la-crisis-politica-en-siria%2f7891561.html&amp;text=Reacciones+desde+Am%c3%a9rica+Latina+a+la+crisis+pol%c3%adtica+en++Siria\" target=\"_blank\" rel=\"noreferrer noopener\"><\/a><\/li>\n\n\n\n<li><\/li>\n\n\n\n<li><a href=\"mailto:?body=https%3a%2f%2fwww.vozdeamerica.com%2fa%2fprimeras-reacciones-de-america-latina-a-la-crisis-politica-en-siria%2f7891561.html&amp;subject=Reacciones%20desde%20Am%C3%A9rica%20Latina%20a%20la%20crisis%20pol%C3%ADtica%20en%20Siria\"><\/a><\/li>\n<\/ul>\n\n\n\n<p><a href=\"https:\/\/www.vozdeamerica.com\/a\/primeras-reacciones-de-america-latina-a-la-crisis-politica-en-siria\/7891561.html#comments\">&nbsp;Vea comentarios<\/a><\/p>\n\n\n\n<p>El derrocado presidente de Siria, Bashar al-Assad, mantuvo por a\u00f1os estrechos lazos con gobiernos de la regi\u00f3n como Venezuela y Cuba. Repasamos cu\u00e1les han sido las primeras reacciones de Am\u00e9rica Latina a la victoria por las armas de la oposici\u00f3n siria.<\/p>\n\n\n\n<p>Mientras el mundo digiere&nbsp;<strong><a href=\"https:\/\/www.vozdeamerica.com\/a\/rebeldes-sirios-derrocan-al-presidente-assad-de-quien-se-desconoce-su-paradero\/7891467.html\" target=\"_blank\" rel=\"noreferrer noopener\">la noticia del derrocamiento del gobierno del presidente de Siria, Bashar al-Assar<\/a><\/strong>, a manos de rebeldes del pa\u00eds que tomaron la capital el domingo, naciones de la regi\u00f3n como Brasil y Argentina fueron de los primeros en reaccionar.<\/p>\n\n\n\n<p>Los gobiernos de Cuba y Venezuela, aliados por a\u00f1os al gobierno de Assar, no hab\u00edan reaccionado a los actuales acontecimientos hasta el momento de publicar esta nota.<\/p>\n\n\n\n<p><strong>Brasil<\/strong><\/p>\n\n\n\n<p>En<strong>&nbsp;<\/strong><a href=\"https:\/\/www.gov.br\/mre\/pt-br\/canais_atendimento\/imprensa\/notas-a-imprensa\/situacao-na-siria-3\" target=\"_blank\" rel=\"noreferrer noopener\"><strong>un comunicado<\/strong><\/a>, el Ministerio de Relaciones Exteriores de Brasil expres\u00f3: \u00abEn este contexto, la administraci\u00f3n del presidente Luiz In\u00e1cio Lula da Silva manifest\u00f3 su respaldo a los esfuerzos encaminados hacia una soluci\u00f3n pol\u00edtica al conflicto, siempre que se respete la soberan\u00eda y la unidad territorial de Siria.<\/p>\n\n\n\n<p>El texto indic\u00f3 que el s\u00e1bado, el gobierno de Lula hab\u00eda expresado su preocupaci\u00f3n por \u00abla creciente violencia en Siria y solicit\u00f3 medidas para proteger tanto a la poblaci\u00f3n como a las infraestructuras civiles en el pa\u00eds\u00bb.<\/p>\n\n\n\n<p>\u00abTodas las partes involucradas a actuar con la m\u00e1xima moderaci\u00f3n y prudencia\u00bb, instaron el s\u00e1bado las autoridades brasile\u00f1as.<\/p>\n\n\n\n<p>A su vez, el gobierno de Lula reafirm\u00f3 su apoyo a una \u00absoluci\u00f3n pol\u00edtica y negociada\u00bb al conflicto y destac\u00f3 la importancia de respetar plenamente el derecho internacional, en particular el derecho humanitario, as\u00ed como la soberan\u00eda y la integridad territorial de Siria. Adem\u00e1s, reiter\u00f3 su compromiso con las resoluciones pertinentes del Consejo de Seguridad de la ONU.<\/p>\n\n\n\n<p><a href=\"https:\/\/www.vozdeamerica.com\/a\/eeuu-rusia-y-el-mundo-reaccionan-al-derrocamiento-del-gobierno-de-assad-en-siria\/7891517.html\"><\/a><\/p>\n\n\n\n<p><a href=\"https:\/\/www.vozdeamerica.com\/a\/eeuu-rusia-y-el-mundo-reaccionan-al-derrocamiento-del-gobierno-de-assad-en-siria\/7891517.html\">Tambi\u00e9n lea<\/a><\/p>\n\n\n\n<h4 class=\"wp-block-heading\"><a href=\"https:\/\/www.vozdeamerica.com\/a\/eeuu-rusia-y-el-mundo-reaccionan-al-derrocamiento-del-gobierno-de-assad-en-siria\/7891517.html\">EEUU, Rusia y el mundo reaccionan al derrocamiento del gobierno de Siria<\/a><\/h4>\n\n\n\n<p><strong>Argentina<\/strong><\/p>\n\n\n\n<p>El gobierno de Javier Milei, hab\u00eda&nbsp;<a href=\"https:\/\/www.cancilleria.gob.ar\/es\/actualidad\/noticias\/alerta-consular-situacion-en-siria\" target=\"_blank\" rel=\"noreferrer noopener\">enviado una alerta a los ciudadanos de Argentina para que abandonaran Siria&nbsp;<\/a>en medio del \u00abavance de los grupos rebeldes hacia Damasco\u00bb.<\/p>\n\n\n\n<p>\u00ab[Hacerlo] a la mayor brevedad posible\u00bb, afirmaron las autoridades de Argentina a trav\u00e9s del Ministerio de Relaciones Exteriores, liderado por Gerardo Werthein.<\/p>\n\n\n\n<p>Adem\u00e1s advirtieron que aquellos ciudadanos que decidan quedarse en Siria a pesar de la situaci\u00f3n, tomen precauciones extremas y sigan de cerca la evoluci\u00f3n de la seguridad en la zona.<\/p>\n\n\n\n<p>\u201cLa Canciller\u00eda informa a los ciudadanos argentinos que el conflicto en el noroeste de Siria se ha agravado deterior\u00e1ndose la situaci\u00f3n de seguridad, por lo que se recomienda a los ciudadanos evitar todo viaje a Siria y abandonar el pa\u00eds a la mayor brevedad posible mientras las aerol\u00edneas comerciales est\u00e1n a\u00fan operativas\u201d.<\/p>\n\n\n\n<p><strong>Cuba<\/strong><\/p>\n\n\n\n<p>La estatal agencia de Cuba, Prensa Latina, inform\u00f3 el domingo que \u00abtanto el Ej\u00e9rcito como las fuerzas de seguridad entregaron sus armas antes de la llegada de la oposici\u00f3n para evitar m\u00e1s derramamiento de sangre\u00bb.<\/p>\n\n\n\n<p>El pasado 5 de diciembre, los cancilleres de Cuba, Bruno Rodr\u00edguez, y de Siria Bassam Sabbagh, hablaron por tel\u00e9fono sobre lo que catalogaron \u00abla escalada terrorista en el norte de Siria\u00bb.<\/p>\n\n\n\n<p>En la reuni\u00f3n, divulgada&nbsp;<a href=\"https:\/\/sanasyria.org\/es\/?p=344396\" target=\"_blank\" rel=\"noreferrer noopener\"><strong>por el sitio en espa\u00f1ol de la agencia SANA<\/strong><\/a>, Sabbagh habr\u00eda dado una detallada explicaci\u00f3n sobre la magnitud de este ataque que fue previamente planeado y preparado, y en el que particip\u00f3 un gran n\u00famero de terroristas extranjeros que reciben apoyo externo de partes regionales e internacionales que pretenden socavar al Estado y desestabilizar la seguridad y estabilidad de Siria.<\/p>\n\n\n\n<p>Por su parte, el ministro cubano expres\u00f3 la condena de su pa\u00eds al ataque terrorista contra algunas ciudades sirias, y el apoyo y la solidaridad absoluta de la mayor de las Antillas con el gobierno y pueblo sirios en el enfrentamiento a este terrorismo.<\/p>\n\n\n\n<p>La embajada de Cuba en Turqu\u00eda inform\u00f3 en su cuenta de Facebook sobre una reuni\u00f3n sostenida por el embajador cubano, Alejandro Francisco D\u00edaz Palacios, con su hom\u00f3logo sirio en territorio turco. \u00abSostuve un grato encuentro con el embajador de Siria a quien ratifiqu\u00e9 la solidaridad y amistad de de nuestro pa\u00eds. Intercambiamos sobre el acontecer internacional y las excelentes relaciones que existen entre nuestros dos pueblos y gobierno\u00bb. Otros detalles no han sido informados sobre esa reuni\u00f3n.<\/p>\n\n\n\n<p>El gobierno cubano no ha reaccionado de forma directa.<\/p>\n","protected":false},"excerpt":{"rendered":"<p>ARCHIVO- El presidente sirio, Bashar al-Assad (izq.), y su hom\u00f3logo brasile\u00f1o, Luiz In\u00e1cio Lula Da Silva, posan para una fotograf\u00eda durante una reuni\u00f3n en el Palacio de Itamaraty en Brasilia, el 30 de junio de 2010. diciembre 08, 2024 &nbsp;Vea comentarios El derrocado presidente de Siria, Bashar al-Assad, mantuvo por a\u00f1os estrechos lazos con gobiernos [&hellip;]<\/p>\n","protected":false},"author":28,"featured_media":581167,"comment_status":"closed","ping_status":"closed","sticky":true,"template":"","format":"standard","meta":{"footnotes":""},"categories":[26,23,27],"tags":[],"class_list":["post-581166","post","type-post","status-publish","format-standard","has-post-thumbnail","hentry","category-efemerides","category-internacional","category-portada"],"_links":{"self":[{"href":"https:\/\/diariodominicano.com\/index.php?rest_route=\/wp\/v2\/posts\/581166","targetHints":{"allow":["GET"]}}],"collection":[{"href":"https:\/\/diariodominicano.com\/index.php?rest_route=\/wp\/v2\/posts"}],"about":[{"href":"https:\/\/diariodominicano.com\/index.php?rest_route=\/wp\/v2\/types\/post"}],"author":[{"embeddable":true,"href":"https:\/\/diariodominicano.com\/index.php?rest_route=\/wp\/v2\/users\/28"}],"replies":[{"embeddable":true,"href":"https:\/\/diariodominicano.com\/index.php?rest_route=%2Fwp%2Fv2%2Fcomments&post=581166"}],"version-history":[{"count":2,"href":"https:\/\/diariodominicano.com\/index.php?rest_route=\/wp\/v2\/posts\/581166\/revisions"}],"predecessor-version":[{"id":581169,"href":"https:\/\/diariodominicano.com\/index.php?rest_route=\/wp\/v2\/posts\/581166\/revisions\/581169"}],"wp:featuredmedia":[{"embeddable":true,"href":"https:\/\/diariodominicano.com\/index.php?rest_route=\/wp\/v2\/media\/581167"}],"wp:attachment":[{"href":"https:\/\/diariodominicano.com\/index.php?rest_route=%2Fwp%2Fv2%2Fmedia&parent=581166"}],"wp:term":[{"taxonomy":"category","embeddable":true,"href":"https:\/\/diariodominicano.com\/index.php?rest_route=%2Fwp%2Fv2%2Fcategories&post=581166"},{"taxonomy":"post_tag","embeddable":true,"href":"https:\/\/diariodominicano.com\/index.php?rest_route=%2Fwp%2Fv2%2Ftags&post=581166"}],"curies":[{"name":"wp","href":"https:\/\/api.w.org\/{rel}","templated":true}]}}