{"id":581060,"date":"2024-12-08T01:14:52","date_gmt":"2024-12-08T05:14:52","guid":{"rendered":"https:\/\/diariodominicano.com\/?p=581060"},"modified":"2024-12-08T01:15:14","modified_gmt":"2024-12-08T05:15:14","slug":"sobreviviente-de-pearl-harbor-de-100-anos-recuerda-confusion-y-caos-durante-bombardeo-japones-hace-83-anos","status":"publish","type":"post","link":"https:\/\/diariodominicano.com\/?p=581060","title":{"rendered":"Sobreviviente de Pearl Harbor de 100 a\u00f1os recuerda confusi\u00f3n y caos durante bombardeo japon\u00e9s hace 83 a\u00f1os"},"content":{"rendered":"\n<p>El veterano de la Marina Bob Fern\u00e1ndez sostiene una fotograf\u00eda del USS Curtiss, en el que sirvi\u00f3 durante el ataque a Pearl Harbor, el martes 19 de noviembre de 2024, en Lodi, California (Foto AP\/Godofredo A. V\u00e1squez)<\/p>\n\n\n\n<p>diciembre 07, 2024<\/p>\n\n\n\n<ul class=\"wp-block-list\">\n<li><a href=\"https:\/\/www.vozdeamerica.com\/author\/associated-press\/v_kyr\">Associated Press<\/a><\/li>\n<\/ul>\n\n\n\n<ul class=\"wp-block-list\">\n<li><a href=\"https:\/\/facebook.com\/sharer.php?u=https%3a%2f%2fwww.vozdeamerica.com%2fa%2fsobreviviente-pearl-harbor-recuerda-confusion-caos-durante-bombardeo-japones-%2f7890920.html\" target=\"_blank\" rel=\"noreferrer noopener\"><\/a><\/li>\n\n\n\n<li><a href=\"https:\/\/twitter.com\/share?url=https%3a%2f%2fwww.vozdeamerica.com%2fa%2fsobreviviente-pearl-harbor-recuerda-confusion-caos-durante-bombardeo-japones-%2f7890920.html&amp;text=Sobreviviente+de+Pearl+Harbor+de+100+a%c3%b1os+recuerda+confusi%c3%b3n+y+caos+durante+bombardeo+japon%c3%a9s+hace+83+a%c3%b1os\" target=\"_blank\" rel=\"noreferrer noopener\"><\/a><\/li>\n\n\n\n<li><\/li>\n\n\n\n<li><a href=\"mailto:?body=https%3a%2f%2fwww.vozdeamerica.com%2fa%2fsobreviviente-pearl-harbor-recuerda-confusion-caos-durante-bombardeo-japones-%2f7890920.html&amp;subject=Sobreviviente%20de%20Pearl%20Harbor%20de%20100%20a%C3%B1os%20recuerda%20confusi%C3%B3n%20y%20caos%20durante%20bombardeo%20japon%C3%A9s%20hace%2083%20a%C3%B1os\"><\/a><\/li>\n<\/ul>\n\n\n\n<p><a href=\"https:\/\/www.vozdeamerica.com\/a\/sobreviviente-pearl-harbor-recuerda-confusion-caos-durante-bombardeo-japones-\/7890920.html#comments\">&nbsp;Vea comentarios<\/a><\/p>\n\n\n\n<p>El bombardeo de Pearl Harbor hace 83 a\u00f1os lanz\u00f3 a Estados Unidos a la Segunda Guerra Mundial. Un sobreviviente de 100 a\u00f1os planea regresar a la base militar de Haw\u00e1i el s\u00e1bado para una ceremonia de conmemoraci\u00f3n en el aniversario del ataque.<\/p>\n\n\n\n<p>PEARL HARBOR, Haw\u00e1i, EEUU \u2014&nbsp;<\/p>\n\n\n\n<p>Bob Fern\u00e1ndez pens\u00f3 que ir\u00eda a bailar y ver el mundo cuando se uni\u00f3 a la Marina de los Estados Unidos cuando era un estudiante de secundaria de 17 a\u00f1os en agosto de 1941.<\/p>\n\n\n\n<p>Cuatro meses despu\u00e9s, se encontr\u00f3 temblando por las explosiones y pasando municiones a las tripulaciones de artiller\u00eda para que los ca\u00f1ones de su barco pudieran devolver el fuego a los aviones japoneses que bombardeaban Pearl Harbor, una base de la Marina en Haw\u00e1i.<\/p>\n\n\n\n<p>\u201cCuando esas cosas estallan as\u00ed, no sab\u00edamos qu\u00e9 era qu\u00e9\u201d, dijo Fern\u00e1ndez, que ahora tiene 100 a\u00f1os. \u201cNi siquiera sab\u00edamos que est\u00e1bamos en una guerra\u201d.<\/p>\n\n\n\n<p><a href=\"https:\/\/www.vozdeamerica.com\/a\/lou-conter-ultimo-superviviente-del-uss-arizona-ataque-a-pearl-harbor-muere-a-los-102-anos\/7553243.html\"><\/a><\/p>\n\n\n\n<p><a href=\"https:\/\/www.vozdeamerica.com\/a\/lou-conter-ultimo-superviviente-del-uss-arizona-ataque-a-pearl-harbor-muere-a-los-102-anos\/7553243.html\">Tambi\u00e9n lea<\/a><\/p>\n\n\n\n<h4 class=\"wp-block-heading\"><a href=\"https:\/\/www.vozdeamerica.com\/a\/lou-conter-ultimo-superviviente-del-uss-arizona-ataque-a-pearl-harbor-muere-a-los-102-anos\/7553243.html\">Lou Conter, \u00faltimo superviviente del USS Arizona del ataque a Pearl Harbor, muere a los 102 a\u00f1os<\/a><\/h4>\n\n\n\n<p>Dos sobrevivientes del bombardeo, cada uno de 100 a\u00f1os o m\u00e1s, planean regresar a Pearl Harbor el s\u00e1bado para observar el 83 aniversario del ataque que empuj\u00f3 a los EE. UU. a la Segunda Guerra Mundial. Se unir\u00e1n a tropas en servicio activo, veteranos y miembros del p\u00fablico para una ceremonia de conmemoraci\u00f3n organizada por la Marina y el Servicio de Parques Nacionales.<\/p>\n\n\n\n<p>Inicialmente, Fern\u00e1ndez planeaba unirse a ellos, pero tuvo que cancelar debido a problemas de salud. El bombardeo mat\u00f3 a m\u00e1s de 2.300 militares estadounidenses. Casi la mitad, o 1.177, eran marineros e infantes de Marina a bordo del USS Arizona, que se hundi\u00f3 durante la batalla. Los restos de m\u00e1s de 900 miembros de la tripulaci\u00f3n del Arizona todav\u00eda est\u00e1n sepultados en el buque sumergido.<\/p>\n\n\n\n<p>Se guardar\u00e1 un minuto de silencio a las 7:54 a.m.(hora local), la misma hora en que comenz\u00f3 el ataque hace ocho d\u00e9cadas. Est\u00e1 previsto que los aviones en formaci\u00f3n de hombre desaparecido vuelen sobre la zona para romper el silencio.<\/p>\n\n\n\n<p>En el pasado, decenas de supervivientes se unieron a la conmemoraci\u00f3n anual, pero la asistencia ha disminuido a medida que los supervivientes han envejecido. Hoy s\u00f3lo quedan 16 con vida, seg\u00fan una lista que lleva Kathleen Farley, presidenta estatal de California de los Hijos e Hijas de los Supervivientes de Pearl Harbor. El historiador militar J. Michael Wenger ha estimado que hab\u00eda unos 87.000 militares en Oahu el d\u00eda del ataque.<\/p>\n\n\n\n<p>Muchos alaban a los supervivientes de Pearl Harbor como h\u00e9roes, pero Fern\u00e1ndez no se ve a s\u00ed mismo de esa manera.<\/p>\n\n\n\n<p>\u201cNo soy un h\u00e9roe. No soy m\u00e1s que un pasador de municiones\u201d, dijo a&nbsp;<em>The Associated Press<\/em>&nbsp;en una entrevista telef\u00f3nica desde California, donde ahora vive con su sobrino en Lodi.<\/p>\n\n\n\n<p>Fern\u00e1ndez trabajaba como cocinero en su barco, el USS Curtiss, la ma\u00f1ana del 7 de diciembre de 1941, y planeaba ir a bailar esa noche al Royal Hawaiian Hotel en Waikiki.<\/p>\n\n\n\n<p>Les llev\u00f3 caf\u00e9 y comida a los marineros mientras atend\u00eda las mesas durante el desayuno. Entonces oyeron el sonido de una alarma. A trav\u00e9s de un ojo de buey, Fern\u00e1ndez vio pasar volando un avi\u00f3n con la insignia de la bola roja pintada en los aviones japoneses.<\/p>\n\n\n\n<p>Fern\u00e1ndez corri\u00f3 por tres cubiertas hasta una sala de revistas donde \u00e9l y otros marineros esperaron a que alguien abriera una puerta que almacenaba proyectiles de 5 pulgadas (12,7 cent\u00edmetros) de calibre 38 para poder empezar a pasarlos a los ca\u00f1ones del barco.<\/p>\n\n\n\n<p>A lo largo de los a\u00f1os les ha dicho a los entrevistadores que algunos de sus compa\u00f1eros marineros estaban rezando y llorando cuando oyeron disparos en el cielo.<\/p>\n\n\n\n<p>\u201cSent\u00ed un poco de miedo porque no sab\u00eda qu\u00e9 diablos estaba pasando\u201d, dijo Fern\u00e1ndez.<\/p>\n\n\n\n<p>Los ca\u00f1ones del barco alcanzaron a un avi\u00f3n japon\u00e9s que se estrell\u00f3 contra una de sus gr\u00faas. Poco despu\u00e9s, sus ca\u00f1ones alcanzaron a un bombardero en picado que luego se estrell\u00f3 contra el barco y explot\u00f3 debajo de la cubierta, incendiando el hangar y las cubiertas principales, seg\u00fan el Comando de Historia y Patrimonio de la Armada.<\/p>\n\n\n\n<p>El barco de Fern\u00e1ndez, el Curtiss, perdi\u00f3 21 hombres y casi 60 de sus marineros resultaron heridos.<\/p>\n\n\n\n<p>\u201cPerdimos a mucha gente buena. No hicieron nada\u201d, dijo Fern\u00e1ndez. \u201cPero nunca sabemos qu\u00e9 va a pasar en una guerra\u201d.<\/p>\n\n\n\n<p>Despu\u00e9s del ataque, Fern\u00e1ndez tuvo que barrer los escombros. Esa noche, hizo guardia con un rifle para asegurarse de que nadie intentara subir a bordo. Cuando lleg\u00f3 la hora de descansar, se qued\u00f3 dormido al lado de donde yac\u00edan los muertos del barco. Solo se dio cuenta de eso cuando un compa\u00f1ero marinero lo despert\u00f3 y se lo dijo.<\/p>\n\n\n\n<p>Despu\u00e9s de la guerra, Fern\u00e1ndez trabaj\u00f3 como conductor de montacargas en una f\u00e1brica de conservas en San Leandro, California. Su esposa de 65 a\u00f1os, Mary Fern\u00e1ndez, muri\u00f3 en 2014. Su hijo mayor tiene ahora 82 a\u00f1os y vive en Arizona. Otros dos hijos y una hijastra han muerto.<\/p>\n\n\n\n<p>Ha viajado a Haw\u00e1i tres veces para participar en la conmemoraci\u00f3n de Pearl Harbor. Este a\u00f1o ser\u00eda su cuarto viaje.<\/p>\n\n\n\n<p>Fern\u00e1ndez todav\u00eda disfruta de la m\u00fasica y va a bailar a un restaurante cercano una vez a la semana si puede. Su melod\u00eda favorita es la versi\u00f3n de Frank Sinatra de \u201cAll of Me\u201d, una canci\u00f3n que su sobrino Joe Guthrie dijo que todav\u00eda se sabe de memoria.<\/p>\n\n\n\n<p>\u201cLas mujeres acuden a \u00e9l como polillas a la llama\u201d, dijo Guthrie.<\/p>\n","protected":false},"excerpt":{"rendered":"<p>El veterano de la Marina Bob Fern\u00e1ndez sostiene una fotograf\u00eda del USS Curtiss, en el que sirvi\u00f3 durante el ataque a Pearl Harbor, el martes 19 de noviembre de 2024, en Lodi, California (Foto AP\/Godofredo A. V\u00e1squez) diciembre 07, 2024 &nbsp;Vea comentarios El bombardeo de Pearl Harbor hace 83 a\u00f1os lanz\u00f3 a Estados Unidos a [&hellip;]<\/p>\n","protected":false},"author":28,"featured_media":581061,"comment_status":"closed","ping_status":"closed","sticky":true,"template":"","format":"standard","meta":{"footnotes":""},"categories":[36,26,23],"tags":[],"class_list":["post-581060","post","type-post","status-publish","format-standard","has-post-thumbnail","hentry","category-hombresmujeresycosas","category-efemerides","category-internacional"],"_links":{"self":[{"href":"https:\/\/diariodominicano.com\/index.php?rest_route=\/wp\/v2\/posts\/581060","targetHints":{"allow":["GET"]}}],"collection":[{"href":"https:\/\/diariodominicano.com\/index.php?rest_route=\/wp\/v2\/posts"}],"about":[{"href":"https:\/\/diariodominicano.com\/index.php?rest_route=\/wp\/v2\/types\/post"}],"author":[{"embeddable":true,"href":"https:\/\/diariodominicano.com\/index.php?rest_route=\/wp\/v2\/users\/28"}],"replies":[{"embeddable":true,"href":"https:\/\/diariodominicano.com\/index.php?rest_route=%2Fwp%2Fv2%2Fcomments&post=581060"}],"version-history":[{"count":2,"href":"https:\/\/diariodominicano.com\/index.php?rest_route=\/wp\/v2\/posts\/581060\/revisions"}],"predecessor-version":[{"id":581063,"href":"https:\/\/diariodominicano.com\/index.php?rest_route=\/wp\/v2\/posts\/581060\/revisions\/581063"}],"wp:featuredmedia":[{"embeddable":true,"href":"https:\/\/diariodominicano.com\/index.php?rest_route=\/wp\/v2\/media\/581061"}],"wp:attachment":[{"href":"https:\/\/diariodominicano.com\/index.php?rest_route=%2Fwp%2Fv2%2Fmedia&parent=581060"}],"wp:term":[{"taxonomy":"category","embeddable":true,"href":"https:\/\/diariodominicano.com\/index.php?rest_route=%2Fwp%2Fv2%2Fcategories&post=581060"},{"taxonomy":"post_tag","embeddable":true,"href":"https:\/\/diariodominicano.com\/index.php?rest_route=%2Fwp%2Fv2%2Ftags&post=581060"}],"curies":[{"name":"wp","href":"https:\/\/api.w.org\/{rel}","templated":true}]}}