{"id":581051,"date":"2024-12-08T01:06:00","date_gmt":"2024-12-08T05:06:00","guid":{"rendered":"https:\/\/diariodominicano.com\/?p=581051"},"modified":"2024-12-08T01:07:07","modified_gmt":"2024-12-08T05:07:07","slug":"estados-unidos-conmemora-el-83-aniversario-del-ataque-a-pearl-harbor","status":"publish","type":"post","link":"https:\/\/diariodominicano.com\/?p=581051","title":{"rendered":"Estados Unidos conmemora el 83 aniversario del ataque a Pearl Harbor"},"content":{"rendered":"\n<p>Sobrevivientes de Pearl Harbor Harry Chandler (desde la izquierda), Ken Stevens, Herb Elfring e Ira \u00abIke\u00bb Schab saludan mientras se toca el himno nacional durante la 82.\u00aa ceremonia del D\u00eda del Recuerdo de Pearl Harbor, 7 de diciembre de 2023, en Pearl Harbor, en Honolulu, Haw\u00e1i.<\/p>\n\n\n\n<p>diciembre 07, 2024<\/p>\n\n\n\n<ul class=\"wp-block-list\">\n<li><a href=\"https:\/\/www.vozdeamerica.com\/author\/voz-de-america-redaccion\/p_kym\">Voz de Am\u00e9rica &#8211; Redacci\u00f3n<\/a><\/li>\n<\/ul>\n\n\n\n<ul class=\"wp-block-list\">\n<li><a href=\"https:\/\/facebook.com\/sharer.php?u=https%3a%2f%2fwww.vozdeamerica.com%2fa%2festados-unidos-conmemora-el-83-aniversario-del-ataque-a-pearl-harbor%2f7890935.html\" target=\"_blank\" rel=\"noreferrer noopener\"><\/a><\/li>\n\n\n\n<li><a href=\"https:\/\/twitter.com\/share?url=https%3a%2f%2fwww.vozdeamerica.com%2fa%2festados-unidos-conmemora-el-83-aniversario-del-ataque-a-pearl-harbor%2f7890935.html&amp;text=Estados+Unidos+conmemora+el+83+aniversario+del+ataque+a+Pearl+Harbor\" target=\"_blank\" rel=\"noreferrer noopener\"><\/a><\/li>\n\n\n\n<li><\/li>\n\n\n\n<li><a href=\"mailto:?body=https%3a%2f%2fwww.vozdeamerica.com%2fa%2festados-unidos-conmemora-el-83-aniversario-del-ataque-a-pearl-harbor%2f7890935.html&amp;subject=Estados%20Unidos%20conmemora%20el%2083%20aniversario%20del%20ataque%20a%20Pearl%20Harbor\"><\/a><\/li>\n<\/ul>\n\n\n\n<p><a href=\"https:\/\/www.vozdeamerica.com\/a\/estados-unidos-conmemora-el-83-aniversario-del-ataque-a-pearl-harbor\/7890935.html#comments\">&nbsp;Vea comentarios<\/a><\/p>\n\n\n\n<p>El s\u00e1bado 7 de diciembre se cumple el 83 aniversario del ataque sorpresa de Jap\u00f3n a Pearl Harbor, una base naval estadounidense en la isla de Oahu, Haw\u00e1i, cerca de Honolulu.<\/p>\n\n\n\n<p>El presidente estadounidense, Joe Biden, dijo el viernes en un evento en la Casa Blanca para veteranos y sus familias que Pearl Harbor \u00abcambi\u00f3 el futuro del mundo\u00bb.<\/p>\n\n\n\n<p>El presidente record\u00f3 que \u00abescuch\u00f3 mucho\u00bb sobre Pearl Harbor cuando era ni\u00f1o y habl\u00f3 de sus t\u00edos que se alistaron en el Ej\u00e9rcito despu\u00e9s del ataque.<\/p>\n\n\n\n<p>\u00abDurante la Segunda Guerra Mundial, nos encontramos en un punto de inflexi\u00f3n\u00bb, dijo el presidente. \u00abSeguimos estando en un punto de inflexi\u00f3n. Las decisiones que tomemos ahora en los pr\u00f3ximos cuatro o cinco a\u00f1os determinar\u00e1n el curso de nuestro futuro en las pr\u00f3ximas d\u00e9cadas&#8230; Le debemos a la pr\u00f3xima generaci\u00f3n establecer ese rumbo en un camino m\u00e1s libre, m\u00e1s seguro y m\u00e1s justo\u00bb.<\/p>\n\n\n\n<p><a href=\"https:\/\/www.vozdeamerica.com\/a\/sobreviviente-pearl-harbor-recuerda-confusion-caos-durante-bombardeo-japones-\/7890920.html\"><\/a><\/p>\n\n\n\n<p><a href=\"https:\/\/www.vozdeamerica.com\/a\/sobreviviente-pearl-harbor-recuerda-confusion-caos-durante-bombardeo-japones-\/7890920.html\">Tambi\u00e9n lea<\/a><\/p>\n\n\n\n<h4 class=\"wp-block-heading\"><a href=\"https:\/\/www.vozdeamerica.com\/a\/sobreviviente-pearl-harbor-recuerda-confusion-caos-durante-bombardeo-japones-\/7890920.html\">Sobreviviente de Pearl Harbor de 100 a\u00f1os recuerda confusi\u00f3n y caos durante bombardeo japon\u00e9s hace 83 a\u00f1os<\/a><\/h4>\n\n\n\n<p>El s\u00e1bado 7 de diciembre se cumple el 83 aniversario del ataque sorpresa de Jap\u00f3n a Pearl Harbor, una base naval estadounidense en la isla de Oahu, Haw\u00e1i, cerca de Honolulu.<\/p>\n\n\n\n<p>Cientos de aviones de combate japoneses lanzaron bombas, balas y torpedos a\u00e9reos contra la Flota del Pac\u00edfico de Estados Unidos en el ataque del domingo por la ma\u00f1ana.<\/p>\n\n\n\n<p>M\u00e1s de 2.400 marineros, soldados y civiles estadounidenses murieron ese d\u00eda. Aproximadamente la mitad de ellos murieron en el acorazado USS Arizona.<\/p>\n\n\n\n<p>Los japoneses lograron hundir cuatro de los ocho acorazados estadounidenses en Pearl Harbor y da\u00f1ar los cuatro restantes.<\/p>\n\n\n\n<p><video poster=\"https:\/\/gdb.voanews.com\/85a16f52-eb26-4389-931a-da54ec01449d_tv_w650_r1.jpg\" src=\"blob:https:\/\/www.vozdeamerica.com\/1cc2ac23-4537-47fd-9491-edf7707da37a\" height=\"381\" width=\"676\"><\/video><\/p>\n\n\n\n<h5 class=\"wp-block-heading\"><a href=\"https:\/\/www.vozdeamerica.com\/a\/estados-unidos-conmemora-el-83-aniversario-del-ataque-a-pearl-harbor\/7890994.html\" target=\"_blank\" rel=\"noreferrer noopener\">Biden honra a veteranos del ataque a Pearl Harbor en su 83 aniversario<\/a><\/h5>\n\n\n\n<ul class=\"wp-block-list\">\n<li><a href=\"https:\/\/facebook.com\/sharer.php?u=https%3a%2f%2fwww.vozdeamerica.com%2fa%2f7890994.html\" target=\"_blank\" rel=\"noreferrer noopener\">Comparta en Facebook<\/a><\/li>\n\n\n\n<li><a href=\"https:\/\/twitter.com\/share?url=https%3a%2f%2fwww.vozdeamerica.com%2fa%2f7890994.html&amp;text=Biden+honra+a+veteranos+del+ataque+a+Pearl+Harbor+en+su+83+aniversario\" target=\"_blank\" rel=\"noreferrer noopener\">Comparta en Twitter<\/a><\/li>\n<\/ul>\n\n\n\n<hr class=\"wp-block-separator has-alpha-channel-opacity\"\/>\n\n\n\n<p><a href=\"https:\/\/www.vozdeamerica.com\/embed\/player\/Article\/7890994.html?type=video&amp;FullScreenMode=True\" target=\"_blank\" rel=\"noreferrer noopener\"><\/a><\/p>\n\n\n\n<p>&nbsp;Descargar&nbsp;<\/p>\n\n\n\n<p>Seg\u00fan el sitio web del Comando de Historia Naval e Historia, \u00abel hecho de que no se derribaran m\u00e1s aviones japoneses no tuvo nada que ver con la habilidad, el entrenamiento o la valent\u00eda de nuestros marineros y otros miembros del servicio.<\/p>\n\n\n\n<p>\u00abM\u00e1s bien, las armas antia\u00e9reas estadounidenses eran inadecuadas en n\u00famero y capacidad, ya que los japoneses no solo hab\u00edan logrado la sorpresa t\u00e1ctica, sino que lograron la sorpresa tecnol\u00f3gica con aviones y armas mucho mejores de lo previsto, una lecci\u00f3n sobre el peligro de subestimar al enemigo que resuena hasta el d\u00eda de hoy\u00bb.<\/p>\n\n\n\n<p>El d\u00eda despu\u00e9s del ataque, el presidente estadounidense Franklin Roosevelt compareci\u00f3 ante una sesi\u00f3n conjunta del Congreso, solicitando una declaraci\u00f3n de guerra. Despu\u00e9s de pronunciar su famoso discurso del \u00abD\u00eda de la Infamia\u00bb, el Senado apoy\u00f3 un\u00e1nimemente la declaraci\u00f3n. En la C\u00e1mara de Representantes, hubo una disidente, la representante de Montana Jeanette Rankin, una pacifista.<\/p>\n\n\n\n<p>Roosevelt firm\u00f3 la declaraci\u00f3n el lunes por la tarde. Estados Unidos se hab\u00eda visto ahora oficialmente involucrado en la Segunda Guerra Mundial.<\/p>\n\n\n\n<p>Antes del ataque sorpresa a Pearl Harbor, Estados Unidos hab\u00eda impuesto sanciones econ\u00f3micas a Jap\u00f3n como una forma de detener los objetivos de expansi\u00f3n de Jap\u00f3n en Asia. Las sanciones afectaron el acceso de Jap\u00f3n a las exportaciones de aeronaves.<\/p>\n\n\n\n<p>El ataque a la Flota del Pac\u00edfico de Estados Unidos en Pearl Harbor fue parte del plan de Jap\u00f3n para prevenir cualquier desaf\u00edo a esos objetivos en Asia.<\/p>\n\n\n\n<p>Ahora hay un monumento conmemorativo del USS Arizona que se expande sobre el casco del buque hundido sin tocarlo.<\/p>\n\n\n\n<p>A principios de esta semana, un sobreviviente de Pearl Harbor de 104 a\u00f1os regres\u00f3 a Hawai para participar en las conmemoraciones de este a\u00f1o. Ira \u201cIke\u201d Schab Jr., de Portland, Oregon, que era m\u00fasico de la Marina, fue recibido en el aeropuerto de Honolulu con un saludo con ca\u00f1ones de agua y m\u00fasica de la Banda de la Flota del Pac\u00edfico de los EE. UU.<\/p>\n\n\n\n<p>Cuando se le pregunt\u00f3 qu\u00e9 recordaba de ese d\u00eda, Schab dijo al sitio web Hawaii News Now: \u201cTen\u00eda miedo, m\u00e1s que cualquier otra cosa\u201d. Schab dijo que hizo el viaje porque es uno de los \u201cmuy pocos\u201d sobrevivientes de la Flota del Pac\u00edfico que quedan de ese d\u00eda.<\/p>\n\n\n\n<p>Dijo: \u201cMerecen ser reconocidos y honrados\u201d.<\/p>\n","protected":false},"excerpt":{"rendered":"<p>Sobrevivientes de Pearl Harbor Harry Chandler (desde la izquierda), Ken Stevens, Herb Elfring e Ira \u00abIke\u00bb Schab saludan mientras se toca el himno nacional durante la 82.\u00aa ceremonia del D\u00eda del Recuerdo de Pearl Harbor, 7 de diciembre de 2023, en Pearl Harbor, en Honolulu, Haw\u00e1i. diciembre 07, 2024 &nbsp;Vea comentarios El s\u00e1bado 7 de [&hellip;]<\/p>\n","protected":false},"author":28,"featured_media":581052,"comment_status":"closed","ping_status":"closed","sticky":true,"template":"","format":"standard","meta":{"footnotes":""},"categories":[36,26,23,27],"tags":[],"class_list":["post-581051","post","type-post","status-publish","format-standard","has-post-thumbnail","hentry","category-hombresmujeresycosas","category-efemerides","category-internacional","category-portada"],"_links":{"self":[{"href":"https:\/\/diariodominicano.com\/index.php?rest_route=\/wp\/v2\/posts\/581051","targetHints":{"allow":["GET"]}}],"collection":[{"href":"https:\/\/diariodominicano.com\/index.php?rest_route=\/wp\/v2\/posts"}],"about":[{"href":"https:\/\/diariodominicano.com\/index.php?rest_route=\/wp\/v2\/types\/post"}],"author":[{"embeddable":true,"href":"https:\/\/diariodominicano.com\/index.php?rest_route=\/wp\/v2\/users\/28"}],"replies":[{"embeddable":true,"href":"https:\/\/diariodominicano.com\/index.php?rest_route=%2Fwp%2Fv2%2Fcomments&post=581051"}],"version-history":[{"count":2,"href":"https:\/\/diariodominicano.com\/index.php?rest_route=\/wp\/v2\/posts\/581051\/revisions"}],"predecessor-version":[{"id":581055,"href":"https:\/\/diariodominicano.com\/index.php?rest_route=\/wp\/v2\/posts\/581051\/revisions\/581055"}],"wp:featuredmedia":[{"embeddable":true,"href":"https:\/\/diariodominicano.com\/index.php?rest_route=\/wp\/v2\/media\/581052"}],"wp:attachment":[{"href":"https:\/\/diariodominicano.com\/index.php?rest_route=%2Fwp%2Fv2%2Fmedia&parent=581051"}],"wp:term":[{"taxonomy":"category","embeddable":true,"href":"https:\/\/diariodominicano.com\/index.php?rest_route=%2Fwp%2Fv2%2Fcategories&post=581051"},{"taxonomy":"post_tag","embeddable":true,"href":"https:\/\/diariodominicano.com\/index.php?rest_route=%2Fwp%2Fv2%2Ftags&post=581051"}],"curies":[{"name":"wp","href":"https:\/\/api.w.org\/{rel}","templated":true}]}}