{"id":581023,"date":"2024-12-08T00:11:21","date_gmt":"2024-12-08T04:11:21","guid":{"rendered":"https:\/\/diariodominicano.com\/?p=581023"},"modified":"2024-12-08T00:12:47","modified_gmt":"2024-12-08T04:12:47","slug":"el-partido-de-la-liberacion-dominicana-pld-arriba-el-proximo-dia-15-a-los-51-anos-de-fundado","status":"publish","type":"post","link":"https:\/\/diariodominicano.com\/?p=581023","title":{"rendered":"El PLD arriba el pr\u00f3ximo d\u00eda 15 a los 51 a\u00f1os de fundado"},"content":{"rendered":"\n<p>El Partido de la Liberaci\u00f3n Dominicana (PLD) se prepara para la celebraci\u00f3n del 51 aniversario de su fundaci\u00f3n el pr\u00f3ximo domingo 15 de diciembre.<\/p>\n\n\n\n<figure class=\"wp-block-image size-large\"><img loading=\"lazy\" decoding=\"async\" width=\"1024\" height=\"621\" src=\"https:\/\/diariodominicano.com\/wp-content\/uploads\/2024\/12\/COM-ANIVERSARIO-1024x621.jpg\" alt=\"\" class=\"wp-image-581025\" srcset=\"https:\/\/diariodominicano.com\/wp-content\/uploads\/2024\/12\/COM-ANIVERSARIO-1024x621.jpg 1024w, https:\/\/diariodominicano.com\/wp-content\/uploads\/2024\/12\/COM-ANIVERSARIO-300x182.jpg 300w, https:\/\/diariodominicano.com\/wp-content\/uploads\/2024\/12\/COM-ANIVERSARIO-768x466.jpg 768w, https:\/\/diariodominicano.com\/wp-content\/uploads\/2024\/12\/COM-ANIVERSARIO-1536x931.jpg 1536w, https:\/\/diariodominicano.com\/wp-content\/uploads\/2024\/12\/COM-ANIVERSARIO-2048x1241.jpg 2048w, https:\/\/diariodominicano.com\/wp-content\/uploads\/2024\/12\/COM-ANIVERSARIO-816x495.jpg 816w\" sizes=\"auto, (max-width: 1024px) 100vw, 1024px\" \/><\/figure>\n\n\n\n<p>En la reuni\u00f3n del Comit\u00e9 Pol\u00edtico del pasado tres de diciembre se presentaron las propuestas de actividades, las que se aprobaron y se encomend\u00f3 a la Comisi\u00f3n de Celebraciones y Conmemoraciones&nbsp;&nbsp;la organizaci\u00f3n de dichos actos.<\/p>\n\n\n\n<p>Dicha comisi\u00f3n, coordinada por Cristina Lizardo, sostuvo un encuentro con los presidentes y enlaces de las circunscripciones de la provincia Santo Domingo coordinando las actividades a realizar.<\/p>\n\n\n\n<p>A las provincias y seccionales del exterior se les instruy\u00f3 para que celebren la efem\u00e9rides&nbsp;&nbsp;con diferentes actos en los que participe la membres\u00eda y dirigencia partidaria.<\/p>\n\n\n\n<p>De inmediato para el domingo 15 de diciembre se agendaron diferentes actividades en las que se incluyen ofrendas florales, reconocimientos y un encuentro nacional de sus dirigentes, los que se informar\u00e1n en el transcurso de la semana.<\/p>\n\n\n\n<p>El prop\u00f3sito del&nbsp;&nbsp;fundador y l\u00edder hist\u00f3rico del Partido de la Liberaci\u00f3n Dominicana,&nbsp;&nbsp;Profesor Juan Bosch, al formar el PLD,&nbsp;&nbsp;fue construir una organizaci\u00f3n que tuviera como objetivo dar continuidad a la obra del patricio Juan Pablo Duarte.<\/p>\n\n\n\n<p>Los ideales del patricio que inspir\u00f3&nbsp;&nbsp;la iniciativa de Bosch se&nbsp;&nbsp;resume&nbsp;&nbsp;en lograr una patria libre, soberana e independiente, en la cual imperase la justicia social y el respeto a la dignidad humana.<\/p>\n\n\n\n<p>En el desaparecido centro de eventos Fiesta de Luxe en el sector Evaristo Morales en la ciudad capital se celebr\u00f3 el Congreso Constitutivo del PLD con el nombre del patricio Juan Pablo Duarte. En ese acto se escogi\u00f3 el primer Comit\u00e9 Central, el Comit\u00e9 Pol\u00edtico y el profesor Juan Bosch, ocup\u00f3 la presidencia de la nueva organizaci\u00f3n pol\u00edtica.<\/p>\n\n\n\n<p><strong>SECRETARIA COMUNICACIONES<\/strong><\/p>\n\n\n\n<p><strong>7 DICIEMBRE 2024<\/strong><\/p>\n","protected":false},"excerpt":{"rendered":"<p>El Partido de la Liberaci\u00f3n Dominicana (PLD) se prepara para la celebraci\u00f3n del 51 aniversario de su fundaci\u00f3n el pr\u00f3ximo domingo 15 de diciembre. En la reuni\u00f3n del Comit\u00e9 Pol\u00edtico del pasado tres de diciembre se presentaron las propuestas de actividades, las que se aprobaron y se encomend\u00f3 a la Comisi\u00f3n de Celebraciones y Conmemoraciones&nbsp;&nbsp;la [&hellip;]<\/p>\n","protected":false},"author":28,"featured_media":581024,"comment_status":"closed","ping_status":"closed","sticky":true,"template":"","format":"standard","meta":{"footnotes":""},"categories":[26,22],"tags":[],"class_list":["post-581023","post","type-post","status-publish","format-standard","has-post-thumbnail","hentry","category-efemerides","category-politica"],"_links":{"self":[{"href":"https:\/\/diariodominicano.com\/index.php?rest_route=\/wp\/v2\/posts\/581023","targetHints":{"allow":["GET"]}}],"collection":[{"href":"https:\/\/diariodominicano.com\/index.php?rest_route=\/wp\/v2\/posts"}],"about":[{"href":"https:\/\/diariodominicano.com\/index.php?rest_route=\/wp\/v2\/types\/post"}],"author":[{"embeddable":true,"href":"https:\/\/diariodominicano.com\/index.php?rest_route=\/wp\/v2\/users\/28"}],"replies":[{"embeddable":true,"href":"https:\/\/diariodominicano.com\/index.php?rest_route=%2Fwp%2Fv2%2Fcomments&post=581023"}],"version-history":[{"count":2,"href":"https:\/\/diariodominicano.com\/index.php?rest_route=\/wp\/v2\/posts\/581023\/revisions"}],"predecessor-version":[{"id":581027,"href":"https:\/\/diariodominicano.com\/index.php?rest_route=\/wp\/v2\/posts\/581023\/revisions\/581027"}],"wp:featuredmedia":[{"embeddable":true,"href":"https:\/\/diariodominicano.com\/index.php?rest_route=\/wp\/v2\/media\/581024"}],"wp:attachment":[{"href":"https:\/\/diariodominicano.com\/index.php?rest_route=%2Fwp%2Fv2%2Fmedia&parent=581023"}],"wp:term":[{"taxonomy":"category","embeddable":true,"href":"https:\/\/diariodominicano.com\/index.php?rest_route=%2Fwp%2Fv2%2Fcategories&post=581023"},{"taxonomy":"post_tag","embeddable":true,"href":"https:\/\/diariodominicano.com\/index.php?rest_route=%2Fwp%2Fv2%2Ftags&post=581023"}],"curies":[{"name":"wp","href":"https:\/\/api.w.org\/{rel}","templated":true}]}}