{"id":580978,"date":"2024-12-07T11:41:41","date_gmt":"2024-12-07T15:41:41","guid":{"rendered":"https:\/\/diariodominicano.com\/?p=580978"},"modified":"2024-12-07T11:41:48","modified_gmt":"2024-12-07T15:41:48","slug":"ministerio-de-defensa-la-unade-gradua-a-2650-profesionales-civiles-y-militares-en-xx-graduacion-ordinaria-conjunta","status":"publish","type":"post","link":"https:\/\/diariodominicano.com\/?p=580978","title":{"rendered":"Ministerio de Defensa la UNADE grad\u00faa a 2,650 profesionales civiles y militares en XX Graduaci\u00f3n Ordinaria Conjunta"},"content":{"rendered":"\n<p>diariodominicano.com<\/p>\n\n\n\n<p>Santo Domingo, R. D.,\u20027 de\u2002diciembre, 2024.- En el Ministerio de Defensa la Universidad Nacional para la Defensa \u201cGeneral Juan Pablo Duarte y D\u00edez\u201d (UNADE) realiz\u00f3 su XX Graduaci\u00f3n Ordinaria Conjunta, en la que invisti\u00f3 a 2,650 profesionales civiles y militares que alcanzaron grados acad\u00e9micos de postgrado, educaci\u00f3n continua y pasant\u00eda militar fronteriza.<\/p>\n\n\n\n<p>El evento acad\u00e9mico simboliza el compromiso de la UNADE con la excelencia acad\u00e9mica y la preparaci\u00f3n estrat\u00e9gica de las capacidades civiles y militares para la defensa y la seguridad de la naci\u00f3n.<br>El acto fue presidido por la vicepresidenta de la Rep\u00fablica, Raquel Pe\u00f1a quien se hizo acompa\u00f1ar del ministro de Defensa, Teniente General Carlos A. Fern\u00e1ndez Onofre, ERD, el Ministro de Educaci\u00f3n Superior, Ciencia y Tecnolog\u00eda (MESCyT), Doctor Franklin Garc\u00eda Ferm\u00edn, el Ministro de Administraci\u00f3n P\u00fablica (MAP) Dr. Sigmund Freud y el Rector de la UNADE, Mayor General Francisco Antonio Ovalle Pichardo, ERD.<\/p>\n\n\n<div class=\"wp-block-image\">\n<figure class=\"alignright size-full is-resized\"><img loading=\"lazy\" decoding=\"async\" width=\"670\" height=\"447\" src=\"https:\/\/diariodominicano.com\/wp-content\/uploads\/2024\/12\/Mide-graduandos7-12-24.jpg\" alt=\"\" class=\"wp-image-580996\" style=\"width:316px;height:auto\" srcset=\"https:\/\/diariodominicano.com\/wp-content\/uploads\/2024\/12\/Mide-graduandos7-12-24.jpg 670w, https:\/\/diariodominicano.com\/wp-content\/uploads\/2024\/12\/Mide-graduandos7-12-24-300x200.jpg 300w\" sizes=\"auto, (max-width: 670px) 100vw, 670px\" \/><\/figure>\n<\/div>\n\n\n<p>Durante la ceremonia se otorgaron t\u00edtulos a graduados de diversas especialidades y maestr\u00edas, reafirmando el compromiso de la UNADE con la educaci\u00f3n en el nivel superior y la defensa nacional. Entre los programas cursados por los graduados, se encuentran: Maestr\u00eda en Seguridad y Defensa Nacional, Especialidad en Geopol\u00edtica, Maestr\u00eda en Derechos Humanos y Derecho Internacional Humanitario; las Especialidades en Comando y Estado Mayor Conjunto y para las Fuerzas Terrestres, Navales y A\u00e9reas.<\/p>\n\n\n\n<p>En representaci\u00f3n de sus respectivas promociones, l\u00edderes acad\u00e9micos y militares recibieron sus t\u00edtulos, simbolizando el esfuerzo y dedicaci\u00f3n de todos los graduandos. Adem\u00e1s de los t\u00edtulos de grado, se reconocieron a los egresados de los programas de educaci\u00f3n continua, entre quienes se encuentran 2,650 miembros de las Fuerzas Armadas. Tambi\u00e9n se entregaron certificados a 104 oficiales que completaron la Pasant\u00eda Militar Fronteriza, fortaleciendo las capacidades operacionales en la frontera.<\/p>\n\n\n\n<p>En nombre de los graduados, el coronel F\u00e9lix Anthonely Da\u00f1\u00e9 Guzm\u00e1n, ERD., de la Maestr\u00eda en Seguridad y Defensa Nacional, ofreci\u00f3 las palabras de agradecimiento, destacando la importancia de la formaci\u00f3n recibida para enfrentar los desaf\u00edos actuales y futuros de la naci\u00f3n.<\/p>\n\n\n\n<p><strong><em>Departamento de Prensa<\/em><\/strong><\/p>\n\n\n\n<p><em><strong>Direcci\u00f3n de Asuntos Civiles del Estado Mayor Conjunto, J5<\/strong><\/em><\/p>\n\n\n\n<p><em><strong>Ministerio de Defensa de Rep\u00fablica Dominicana<\/strong><\/em><\/p>\n","protected":false},"excerpt":{"rendered":"<p>diariodominicano.com Santo Domingo, R. D.,\u20027 de\u2002diciembre, 2024.- En el Ministerio de Defensa la Universidad Nacional para la Defensa \u201cGeneral Juan Pablo Duarte y D\u00edez\u201d (UNADE) realiz\u00f3 su XX Graduaci\u00f3n Ordinaria Conjunta, en la que invisti\u00f3 a 2,650 profesionales civiles y militares que alcanzaron grados acad\u00e9micos de postgrado, educaci\u00f3n continua y pasant\u00eda militar fronteriza. El evento [&hellip;]<\/p>\n","protected":false},"author":5,"featured_media":580992,"comment_status":"closed","ping_status":"closed","sticky":true,"template":"","format":"standard","meta":{"footnotes":""},"categories":[20,27],"tags":[],"class_list":["post-580978","post","type-post","status-publish","format-standard","has-post-thumbnail","hentry","category-dominicana-hoy","category-portada"],"_links":{"self":[{"href":"https:\/\/diariodominicano.com\/index.php?rest_route=\/wp\/v2\/posts\/580978","targetHints":{"allow":["GET"]}}],"collection":[{"href":"https:\/\/diariodominicano.com\/index.php?rest_route=\/wp\/v2\/posts"}],"about":[{"href":"https:\/\/diariodominicano.com\/index.php?rest_route=\/wp\/v2\/types\/post"}],"author":[{"embeddable":true,"href":"https:\/\/diariodominicano.com\/index.php?rest_route=\/wp\/v2\/users\/5"}],"replies":[{"embeddable":true,"href":"https:\/\/diariodominicano.com\/index.php?rest_route=%2Fwp%2Fv2%2Fcomments&post=580978"}],"version-history":[{"count":1,"href":"https:\/\/diariodominicano.com\/index.php?rest_route=\/wp\/v2\/posts\/580978\/revisions"}],"predecessor-version":[{"id":580997,"href":"https:\/\/diariodominicano.com\/index.php?rest_route=\/wp\/v2\/posts\/580978\/revisions\/580997"}],"wp:featuredmedia":[{"embeddable":true,"href":"https:\/\/diariodominicano.com\/index.php?rest_route=\/wp\/v2\/media\/580992"}],"wp:attachment":[{"href":"https:\/\/diariodominicano.com\/index.php?rest_route=%2Fwp%2Fv2%2Fmedia&parent=580978"}],"wp:term":[{"taxonomy":"category","embeddable":true,"href":"https:\/\/diariodominicano.com\/index.php?rest_route=%2Fwp%2Fv2%2Fcategories&post=580978"},{"taxonomy":"post_tag","embeddable":true,"href":"https:\/\/diariodominicano.com\/index.php?rest_route=%2Fwp%2Fv2%2Ftags&post=580978"}],"curies":[{"name":"wp","href":"https:\/\/api.w.org\/{rel}","templated":true}]}}