{"id":580969,"date":"2024-12-07T11:10:41","date_gmt":"2024-12-07T15:10:41","guid":{"rendered":"https:\/\/diariodominicano.com\/?p=580969"},"modified":"2024-12-07T11:10:49","modified_gmt":"2024-12-07T15:10:49","slug":"siria-reubica-sus-tropas-en-dos-provincias-meridionales-tras-ataques","status":"publish","type":"post","link":"https:\/\/diariodominicano.com\/?p=580969","title":{"rendered":"Siria reubica sus tropas en dos provincias meridionales tras ataques"},"content":{"rendered":"\n<p>diariodominicano.com<\/p>\n\n\n\n<p>DAMASCO, 7 dic (Xinhua) &#8212; El Ej\u00e9rcito sirio inform\u00f3 hoy s\u00e1bado de la reubicaci\u00f3n de sus tropas en las provincias meridionales de Daraa y Sweida para establecer un frente de defensa m\u00e1s fuerte despu\u00e9s de los ataques \u00abterroristas\u00bb contra los puestos de control militares. . El mando general de las fuerzas armadas indic\u00f3 en un comunicado que esta medida se tom\u00f3 para garantizar la seguridad de la naci\u00f3n y sus ciudadanos. \u00abNuestras fuerzas armadas est\u00e1n lidiando con los acontecimientos recientes debido a la preocupaci\u00f3n por la seguridad de la patria y de los civiles, y enfrentar\u00e1n este terrorismo con total decisi\u00f3n y fuerza\u00bb, reza el comunicado. Por otra parte, el Ministerio de Defensa dijo que los intensificados ataques con artiller\u00eda y cohetes lanzados por unidades del Ej\u00e9rcito contra las posiciones y l\u00edneas de suministro de los milicianos en Hama y Homs han dejado \u00abimpactos directos\u00bb y fuertes p\u00e9rdidas entre las fuerzas rebeldes.<\/p>\n","protected":false},"excerpt":{"rendered":"<p>diariodominicano.com DAMASCO, 7 dic (Xinhua) &#8212; El Ej\u00e9rcito sirio inform\u00f3 hoy s\u00e1bado de la reubicaci\u00f3n de sus tropas en las provincias meridionales de Daraa y Sweida para establecer un frente de defensa m\u00e1s fuerte despu\u00e9s de los ataques \u00abterroristas\u00bb contra los puestos de control militares. . El mando general de las fuerzas armadas indic\u00f3 en [&hellip;]<\/p>\n","protected":false},"author":5,"featured_media":580976,"comment_status":"closed","ping_status":"closed","sticky":true,"template":"","format":"standard","meta":{"footnotes":""},"categories":[23,27],"tags":[],"class_list":["post-580969","post","type-post","status-publish","format-standard","has-post-thumbnail","hentry","category-internacional","category-portada"],"_links":{"self":[{"href":"https:\/\/diariodominicano.com\/index.php?rest_route=\/wp\/v2\/posts\/580969","targetHints":{"allow":["GET"]}}],"collection":[{"href":"https:\/\/diariodominicano.com\/index.php?rest_route=\/wp\/v2\/posts"}],"about":[{"href":"https:\/\/diariodominicano.com\/index.php?rest_route=\/wp\/v2\/types\/post"}],"author":[{"embeddable":true,"href":"https:\/\/diariodominicano.com\/index.php?rest_route=\/wp\/v2\/users\/5"}],"replies":[{"embeddable":true,"href":"https:\/\/diariodominicano.com\/index.php?rest_route=%2Fwp%2Fv2%2Fcomments&post=580969"}],"version-history":[{"count":1,"href":"https:\/\/diariodominicano.com\/index.php?rest_route=\/wp\/v2\/posts\/580969\/revisions"}],"predecessor-version":[{"id":580977,"href":"https:\/\/diariodominicano.com\/index.php?rest_route=\/wp\/v2\/posts\/580969\/revisions\/580977"}],"wp:featuredmedia":[{"embeddable":true,"href":"https:\/\/diariodominicano.com\/index.php?rest_route=\/wp\/v2\/media\/580976"}],"wp:attachment":[{"href":"https:\/\/diariodominicano.com\/index.php?rest_route=%2Fwp%2Fv2%2Fmedia&parent=580969"}],"wp:term":[{"taxonomy":"category","embeddable":true,"href":"https:\/\/diariodominicano.com\/index.php?rest_route=%2Fwp%2Fv2%2Fcategories&post=580969"},{"taxonomy":"post_tag","embeddable":true,"href":"https:\/\/diariodominicano.com\/index.php?rest_route=%2Fwp%2Fv2%2Ftags&post=580969"}],"curies":[{"name":"wp","href":"https:\/\/api.w.org\/{rel}","templated":true}]}}