{"id":580837,"date":"2024-12-07T02:27:15","date_gmt":"2024-12-07T06:27:15","guid":{"rendered":"https:\/\/diariodominicano.com\/?p=580837"},"modified":"2024-12-07T02:27:46","modified_gmt":"2024-12-07T06:27:46","slug":"adovohs-celebro-con-sus-instituciones-hermanas-de-salud-el-dia-mundial-del-voluntario","status":"publish","type":"post","link":"https:\/\/diariodominicano.com\/?p=580837","title":{"rendered":"ADOVOHS celebr\u00f3 con sus instituciones hermanas de salud el d\u00eda mundial del voluntario"},"content":{"rendered":"\n<p>Santo Domingo, D.N}.-&nbsp; Los miembros de ADOVOHS y los dem\u00e1s servicios&nbsp; voluntariados celebraron en grande&nbsp; Eucarist\u00eda en la parroquia San Judas Tadeo, sector Naco.<\/p>\n\n\n\n<p>La ocasi\u00f3n donde se reflej\u00f3 la uni\u00f3n de las instituciones voluntarias y como es tradici\u00f3n, todas las damas presentes lucieron su vestuario blanco.&nbsp; Fue oficiada por el Rvdo. P. Melvin Arias, quien siempre apoya la labor de ADOVOHS. El maestro Jovanny Gonz\u00e1lez, fue el encargado de amenizar,&nbsp; con la m\u00fasica que acompa\u00f1\u00f3 esa celebraci\u00f3n.&nbsp;<\/p>\n\n\n\n<figure class=\"wp-block-image size-large\"><img loading=\"lazy\" decoding=\"async\" width=\"1024\" height=\"529\" src=\"https:\/\/diariodominicano.com\/wp-content\/uploads\/2024\/12\/Fotografia-grupal-de-las-damas-de-las-instituciones-voluntarias-1024x529.jpg\" alt=\"\" class=\"wp-image-580895\" srcset=\"https:\/\/diariodominicano.com\/wp-content\/uploads\/2024\/12\/Fotografia-grupal-de-las-damas-de-las-instituciones-voluntarias-1024x529.jpg 1024w, https:\/\/diariodominicano.com\/wp-content\/uploads\/2024\/12\/Fotografia-grupal-de-las-damas-de-las-instituciones-voluntarias-300x155.jpg 300w, https:\/\/diariodominicano.com\/wp-content\/uploads\/2024\/12\/Fotografia-grupal-de-las-damas-de-las-instituciones-voluntarias-768x397.jpg 768w, https:\/\/diariodominicano.com\/wp-content\/uploads\/2024\/12\/Fotografia-grupal-de-las-damas-de-las-instituciones-voluntarias-1536x794.jpg 1536w, https:\/\/diariodominicano.com\/wp-content\/uploads\/2024\/12\/Fotografia-grupal-de-las-damas-de-las-instituciones-voluntarias-2048x1058.jpg 2048w, https:\/\/diariodominicano.com\/wp-content\/uploads\/2024\/12\/Fotografia-grupal-de-las-damas-de-las-instituciones-voluntarias-816x422.jpg 816w\" sizes=\"auto, (max-width: 1024px) 100vw, 1024px\" \/><figcaption class=\"wp-element-caption\">Fotograf\u00eda grupal de las damas de las instituciones voluntarias <\/figcaption><\/figure>\n\n\n\n<p>En la presentaci\u00f3n de las ofrendas, cada representante de las instituciones que asistieron, desfil\u00f3 con una rosa blanca, representando la pureza del servicio voluntario, donde se ve el rostro de Dios en cada enfermo o envejeciente.<\/p>\n\n\n\n<p>Entre los asistentes estuvieron presentes, miembros del Comit\u00e9 Gestor de Voluntariados de instituciones p\u00fablicas, CitiHope International, Fundaci\u00f3n Dr. Juan Ml. Taveras R.,&nbsp; Voluntariado de la Polic\u00eda Nacional, Voluntariado del Hosp. Dr. Dar\u00edo Contreras, Voluntariado del Hospital Central de Las Fuerzas Armadas, Voluntarias del Oncol\u00f3gico Dr. Heriberto Pieter, Asoc. Dom. de Rehabilitaci\u00f3n, Voluntariado Huellas Misioneras,&nbsp; Patronato de la Maternidad La Altagracia&nbsp; y muchos m\u00e1s.&nbsp;<\/p>\n\n\n\n<p>Al finalizar la eucarist\u00eda,&nbsp; la se\u00f1ora Ang\u00e9lica Ben\u00edtez de Ginebra; presidente de Adovohs, agradeci\u00f3 al Rvdo. P. Melvin y a las instituciones presentes y felicit\u00f3 el trabajo solidario que hacen, dese\u00e1ndoles que siempre sigan esa trayectoria de ayudar al pr\u00f3jimo, reflejando actitud de servicio y llevando alegr\u00eda a los enfermos.&nbsp;&nbsp;&nbsp;<\/p>\n\n\n\n<p>Al final todo el equipo voluntario cerr\u00f3 el evento con una foto grupal.\u00a0<br><strong>Rafael Reyes Bison\u00f3 .E-mail: <\/strong><a href=\"mailto:rafaelreyesbisono@hotmail.com\"><strong>rafaelreyesbisono@hotmail.com<\/strong><\/a> <\/p>\n","protected":false},"excerpt":{"rendered":"<p>Santo Domingo, D.N}.-&nbsp; Los miembros de ADOVOHS y los dem\u00e1s servicios&nbsp; voluntariados celebraron en grande&nbsp; Eucarist\u00eda en la parroquia San Judas Tadeo, sector Naco. La ocasi\u00f3n donde se reflej\u00f3 la uni\u00f3n de las instituciones voluntarias y como es tradici\u00f3n, todas las damas presentes lucieron su vestuario blanco.&nbsp; Fue oficiada por el Rvdo. P. Melvin Arias, [&hellip;]<\/p>\n","protected":false},"author":7,"featured_media":580896,"comment_status":"closed","ping_status":"closed","sticky":false,"template":"","format":"standard","meta":{"footnotes":""},"categories":[25],"tags":[1109],"class_list":["post-580837","post","type-post","status-publish","format-standard","has-post-thumbnail","hentry","category-gente","tag-adovohs"],"_links":{"self":[{"href":"https:\/\/diariodominicano.com\/index.php?rest_route=\/wp\/v2\/posts\/580837","targetHints":{"allow":["GET"]}}],"collection":[{"href":"https:\/\/diariodominicano.com\/index.php?rest_route=\/wp\/v2\/posts"}],"about":[{"href":"https:\/\/diariodominicano.com\/index.php?rest_route=\/wp\/v2\/types\/post"}],"author":[{"embeddable":true,"href":"https:\/\/diariodominicano.com\/index.php?rest_route=\/wp\/v2\/users\/7"}],"replies":[{"embeddable":true,"href":"https:\/\/diariodominicano.com\/index.php?rest_route=%2Fwp%2Fv2%2Fcomments&post=580837"}],"version-history":[{"count":2,"href":"https:\/\/diariodominicano.com\/index.php?rest_route=\/wp\/v2\/posts\/580837\/revisions"}],"predecessor-version":[{"id":580919,"href":"https:\/\/diariodominicano.com\/index.php?rest_route=\/wp\/v2\/posts\/580837\/revisions\/580919"}],"wp:featuredmedia":[{"embeddable":true,"href":"https:\/\/diariodominicano.com\/index.php?rest_route=\/wp\/v2\/media\/580896"}],"wp:attachment":[{"href":"https:\/\/diariodominicano.com\/index.php?rest_route=%2Fwp%2Fv2%2Fmedia&parent=580837"}],"wp:term":[{"taxonomy":"category","embeddable":true,"href":"https:\/\/diariodominicano.com\/index.php?rest_route=%2Fwp%2Fv2%2Fcategories&post=580837"},{"taxonomy":"post_tag","embeddable":true,"href":"https:\/\/diariodominicano.com\/index.php?rest_route=%2Fwp%2Fv2%2Ftags&post=580837"}],"curies":[{"name":"wp","href":"https:\/\/api.w.org\/{rel}","templated":true}]}}