{"id":580836,"date":"2024-12-07T02:21:46","date_gmt":"2024-12-07T06:21:46","guid":{"rendered":"https:\/\/diariodominicano.com\/?p=580836"},"modified":"2024-12-07T02:21:52","modified_gmt":"2024-12-07T06:21:52","slug":"grupo-agape-y-sus-marcas-burger-king-papa-johns-popeyes-y-krispy-kreme-unidos-por-una-causa-santo-domingo","status":"publish","type":"post","link":"https:\/\/diariodominicano.com\/?p=580836","title":{"rendered":"Grupo \u00c1gape y sus marcas Burger King\u00ae, Papa Johns\u00ae, Popeyes\u00ae y Krispy Kreme\u00ae unidos por una causa. Santo Domingo"},"content":{"rendered":"\n<p>Santo Domingo D.N Mi\u00e9rcoles 4 de diciembre del 2024.- Grupo \u00c1gape y sus marcas Burger King\u00ae, Papa Johns\u00ae, Popeyes\u00ae y Krispy Kreme\u00ae realizaron una alianza con la Fundaci\u00f3n Save The Children, organizaci\u00f3n sin fines de lucro en Santo Domingo, Rep\u00fablica Dominicana.&nbsp;<\/p>\n\n\n\n<p>Isabel Turull, CEO de Grupo \u00c1gape y representante de las franquicias para Rep\u00fablica Dominicana, resalt\u00f3 la satisfacci\u00f3n de unirse a esta fundaci\u00f3n para aportar a su causa y ayudar a crear nuevos espacios para el desarrollo de estos ni\u00f1os y j\u00f3venes en nuestro pa\u00eds.<\/p>\n\n\n\n<figure class=\"wp-block-image size-large\"><img loading=\"lazy\" decoding=\"async\" width=\"1024\" height=\"654\" src=\"https:\/\/diariodominicano.com\/wp-content\/uploads\/2024\/12\/Isabel-Turull-Margarita-Turull-Domingo-Bermudez-Alexandra-Bodden-junto-a-ninos-con-Juan-Tomas-Diaz-y-miembros-de-la-Fundacion-Save-The-Children-1024x654.jpg\" alt=\"\" class=\"wp-image-580897\" srcset=\"https:\/\/diariodominicano.com\/wp-content\/uploads\/2024\/12\/Isabel-Turull-Margarita-Turull-Domingo-Bermudez-Alexandra-Bodden-junto-a-ninos-con-Juan-Tomas-Diaz-y-miembros-de-la-Fundacion-Save-The-Children-1024x654.jpg 1024w, https:\/\/diariodominicano.com\/wp-content\/uploads\/2024\/12\/Isabel-Turull-Margarita-Turull-Domingo-Bermudez-Alexandra-Bodden-junto-a-ninos-con-Juan-Tomas-Diaz-y-miembros-de-la-Fundacion-Save-The-Children-300x192.jpg 300w, https:\/\/diariodominicano.com\/wp-content\/uploads\/2024\/12\/Isabel-Turull-Margarita-Turull-Domingo-Bermudez-Alexandra-Bodden-junto-a-ninos-con-Juan-Tomas-Diaz-y-miembros-de-la-Fundacion-Save-The-Children-768x490.jpg 768w, https:\/\/diariodominicano.com\/wp-content\/uploads\/2024\/12\/Isabel-Turull-Margarita-Turull-Domingo-Bermudez-Alexandra-Bodden-junto-a-ninos-con-Juan-Tomas-Diaz-y-miembros-de-la-Fundacion-Save-The-Children-816x521.jpg 816w, https:\/\/diariodominicano.com\/wp-content\/uploads\/2024\/12\/Isabel-Turull-Margarita-Turull-Domingo-Bermudez-Alexandra-Bodden-junto-a-ninos-con-Juan-Tomas-Diaz-y-miembros-de-la-Fundacion-Save-The-Children.jpg 1300w\" sizes=\"auto, (max-width: 1024px) 100vw, 1024px\" \/><figcaption class=\"wp-element-caption\">Isabel Turull, Margarita Turull, Domingo Berm\u00fadez, Alexandra Bodden junto a ni\u00f1os con Juan Tom\u00e1s D\u00edaz y miembros de la Fundaci\u00f3n Save The Children <\/figcaption><\/figure>\n\n\n\n<p>A la vez entiende que para las marcas Burger King\u00ae, Papa Johns\u00ae, Popeyes\u00ae y Krispy Kreme\u00ae es un orgullo y gran oportunidad de poder aportar a esta causa, ya que, cada d\u00eda los consumidores prefieren consumir y ser parte de empresas que son socialmente responsables y se preocupan por la comunidad. As\u00ed mismo, el Sr. Juan Tom\u00e1s D\u00edaz, representante de la fundaci\u00f3n ben\u00e9fica, agradeci\u00f3 durante su discurso en el encuentro realizado en el Krispy Kreme\u00ae de la avenida Winston Churchill, y, adem\u00e1s, mostr\u00f3 su entusiasmo y alegr\u00eda al formar esta alianza, la cual tendr\u00e1 como fruto contribuir a la formaci\u00f3n de estos ni\u00f1os.<\/p>\n\n\n\n<p>Los detalles acerca de esta uni\u00f3n fueron revelados por Alexandra Bodden, directora de mercadeo de Grupo \u00c1gape, quien especific\u00f3 en qu\u00e9 consistir\u00e1. \u201cAl comprar un cup\u00f3n de SAVE THE CHILDREN en cualquiera de nuestros restaurantes de Burger King\u00ae, Papa Johns\u00ae ,Popeyes\u00ae y Krispy Kreme\u00ae en todo el pa\u00eds, por un valor de RD$50.00 como aporte inicial, estar\u00e1n contribuyendo con la formaci\u00f3n acad\u00e9mica de los ni\u00f1os de la fundaci\u00f3n. El 100% de los recursos recaudados ser\u00e1n entregados a la instituci\u00f3n para que pueda seguir mejorando la calidad de vida de estos ni\u00f1os\u201d, explic\u00f3.<\/p>\n\n\n\n<p>La empresa Grupo \u00c1gape en Rep\u00fablica Dominicana seguir\u00e1 aportando a trav\u00e9s de sus 73 restaurantes de todas las marcas a nivel nacional, actividades que sigan promoviendo el bien com\u00fan y mejoramiento social del pa\u00eds. El cierre de la actividad cont\u00f3 con el agradecimiento de los ejecutivos, un brindis y compartir con invitados especiales, medios de comunicaci\u00f3n, proveedores y relacionados de la empresa en el pa\u00eds.<\/p>\n\n\n\n<p>Sobre Grupo\u00a0 \u00c1gape como conglomerado empresarial es una de las empresas de servicio de comida r\u00e1pida m\u00e1s grande de Rep\u00fablica Dominicana con 32 Restaurantes Burger King\u00ae, 21 Papa Johns\u00ae, 17 Krispy Kreme\u00ae y 3 Popeyes\u00ae. Actualmente con m\u00e1s de 1,500 empleos directos, en su mayor\u00eda j\u00f3venes, y tambi\u00e9n apoyando a los agricultores y productores locales d\u00e1ndoles una nueva oportunidad de comercializar sus bienes y servicios, desarrollando el sector agropecuario y ofreciendo adem\u00e1s nuevas marcas internacionales que den confianza a los turistas que visitan Rep\u00fablica Dominicana.<br><strong>Rafael Reyes Bison\u00f3 <\/strong><a href=\"mailto:rafaelreyesbisono@hotmail.com\">rafaelreyesbisono@hotmail.com<\/a> <\/p>\n","protected":false},"excerpt":{"rendered":"<p>Santo Domingo D.N Mi\u00e9rcoles 4 de diciembre del 2024.- Grupo \u00c1gape y sus marcas Burger King\u00ae, Papa Johns\u00ae, Popeyes\u00ae y Krispy Kreme\u00ae realizaron una alianza con la Fundaci\u00f3n Save The Children, organizaci\u00f3n sin fines de lucro en Santo Domingo, Rep\u00fablica Dominicana.&nbsp; Isabel Turull, CEO de Grupo \u00c1gape y representante de las franquicias para Rep\u00fablica Dominicana, [&hellip;]<\/p>\n","protected":false},"author":7,"featured_media":580898,"comment_status":"closed","ping_status":"closed","sticky":false,"template":"","format":"standard","meta":{"footnotes":""},"categories":[25],"tags":[1108],"class_list":["post-580836","post","type-post","status-publish","format-standard","has-post-thumbnail","hentry","category-gente","tag-grupo-agape"],"_links":{"self":[{"href":"https:\/\/diariodominicano.com\/index.php?rest_route=\/wp\/v2\/posts\/580836","targetHints":{"allow":["GET"]}}],"collection":[{"href":"https:\/\/diariodominicano.com\/index.php?rest_route=\/wp\/v2\/posts"}],"about":[{"href":"https:\/\/diariodominicano.com\/index.php?rest_route=\/wp\/v2\/types\/post"}],"author":[{"embeddable":true,"href":"https:\/\/diariodominicano.com\/index.php?rest_route=\/wp\/v2\/users\/7"}],"replies":[{"embeddable":true,"href":"https:\/\/diariodominicano.com\/index.php?rest_route=%2Fwp%2Fv2%2Fcomments&post=580836"}],"version-history":[{"count":1,"href":"https:\/\/diariodominicano.com\/index.php?rest_route=\/wp\/v2\/posts\/580836\/revisions"}],"predecessor-version":[{"id":580918,"href":"https:\/\/diariodominicano.com\/index.php?rest_route=\/wp\/v2\/posts\/580836\/revisions\/580918"}],"wp:featuredmedia":[{"embeddable":true,"href":"https:\/\/diariodominicano.com\/index.php?rest_route=\/wp\/v2\/media\/580898"}],"wp:attachment":[{"href":"https:\/\/diariodominicano.com\/index.php?rest_route=%2Fwp%2Fv2%2Fmedia&parent=580836"}],"wp:term":[{"taxonomy":"category","embeddable":true,"href":"https:\/\/diariodominicano.com\/index.php?rest_route=%2Fwp%2Fv2%2Fcategories&post=580836"},{"taxonomy":"post_tag","embeddable":true,"href":"https:\/\/diariodominicano.com\/index.php?rest_route=%2Fwp%2Fv2%2Ftags&post=580836"}],"curies":[{"name":"wp","href":"https:\/\/api.w.org\/{rel}","templated":true}]}}