{"id":580820,"date":"2024-12-07T00:18:12","date_gmt":"2024-12-07T04:18:12","guid":{"rendered":"https:\/\/diariodominicano.com\/?p=580820"},"modified":"2024-12-07T00:54:10","modified_gmt":"2024-12-07T04:54:10","slug":"pucmm-y-embajada-de-ee-uu-impulsan-la-industria-de-semiconductores","status":"publish","type":"post","link":"https:\/\/diariodominicano.com\/?p=580820","title":{"rendered":"PUCMM y Embajada de EE. UU. impulsan la industria de semiconductores"},"content":{"rendered":"\n<p><\/p>\n\n\n\n<figure class=\"wp-block-image size-full\"><img loading=\"lazy\" decoding=\"async\" width=\"705\" height=\"469\" src=\"https:\/\/diariodominicano.com\/wp-content\/uploads\/2024\/12\/imagen_2024-12-07_002408847.png\" alt=\"\" class=\"wp-image-580824\" srcset=\"https:\/\/diariodominicano.com\/wp-content\/uploads\/2024\/12\/imagen_2024-12-07_002408847.png 705w, https:\/\/diariodominicano.com\/wp-content\/uploads\/2024\/12\/imagen_2024-12-07_002408847-300x200.png 300w\" sizes=\"auto, (max-width: 705px) 100vw, 705px\" \/><\/figure>\n\n\n\n<p>La encargada de Negocios de la Embajada de los Estados Unidos en Rep\u00fablica Dominicana, Patricia Aguilera, y el rector\u2002de la Pontificia Universidad Cat\u00f3lica Madre y Maestra, reverendo padre doctor Secilio Espinal en el momento de la firma.. <\/p>\n\n\n\n<p><a href=\"https:\/\/e.america.gov\/t\/i-l-fttudud-jtiiilkjir-y\/\" target=\"_blank\" rel=\"noreferrer noopener\">FOTOS<\/a><\/p>\n\n\n\n<p><strong>Santo Domingo, R.D.<\/strong>&nbsp;\u2013 La Pontificia Universidad Cat\u00f3lica Madre y Maestra (PUCMM) y la Embajada de los Estados Unidos en la Rep\u00fablica Dominicana lanzaron el viernes un innovador proyecto que tiene como objetivo fortalecer la industria de semiconductores en el pa\u00eds, mediante la capacitaci\u00f3n especializada de docentes, en colaboraci\u00f3n con universidades estadounidenses.&nbsp;<\/p>\n\n\n\n<p>El Proyecto de Capacitaci\u00f3n en Semiconductores forma parte de un acuerdo de colaboraci\u00f3n entre ambas instituciones, a trav\u00e9s del cual cinco profesores de la Facultad de Ciencias e Ingenier\u00eda de la PUCMM recibir\u00e1n formaci\u00f3n avanzada en tecnolog\u00edas de semiconductores. Este proceso estar\u00e1 a cargo de reconocidas instituciones como Purdue University y University at Albany. Tambi\u00e9n fortalecer\u00e1 la investigaci\u00f3n en el campo de los semiconductores y establecer\u00e1 redes de cooperaci\u00f3n acad\u00e9mica con universidades estadounidenses.&nbsp;<\/p>\n\n\n\n<figure class=\"wp-block-image size-full\"><img loading=\"lazy\" decoding=\"async\" width=\"705\" height=\"469\" src=\"https:\/\/diariodominicano.com\/wp-content\/uploads\/2024\/12\/imagen_2024-12-07_002559866.png\" alt=\"\" class=\"wp-image-580825\" srcset=\"https:\/\/diariodominicano.com\/wp-content\/uploads\/2024\/12\/imagen_2024-12-07_002559866.png 705w, https:\/\/diariodominicano.com\/wp-content\/uploads\/2024\/12\/imagen_2024-12-07_002559866-300x200.png 300w\" sizes=\"auto, (max-width: 705px) 100vw, 705px\" \/><\/figure>\n\n\n\n<p> Doctor Secilio Espinal<\/p>\n\n\n\n<figure class=\"wp-block-image size-full\"><img loading=\"lazy\" decoding=\"async\" width=\"705\" height=\"469\" src=\"https:\/\/diariodominicano.com\/wp-content\/uploads\/2024\/12\/imagen_2024-12-07_005140021.png\" alt=\"\" class=\"wp-image-580831\" srcset=\"https:\/\/diariodominicano.com\/wp-content\/uploads\/2024\/12\/imagen_2024-12-07_005140021.png 705w, https:\/\/diariodominicano.com\/wp-content\/uploads\/2024\/12\/imagen_2024-12-07_005140021-300x200.png 300w\" sizes=\"auto, (max-width: 705px) 100vw, 705px\" \/><\/figure>\n\n\n\n<p>Durante la firma del convenio, que formaliz\u00f3 el lanzamiento del proyecto, el rector de la PUCMM, reverendo padre doctor Secilio Espinal, destac\u00f3 la confianza depositada en la universidad para liderar una iniciativa que busca posicionar a la Rep\u00fablica Dominicana como un actor clave en la industria global de semiconductores. \u201cEste es un paso significativo hacia la consolidaci\u00f3n de una Rep\u00fablica Dominicana tecnol\u00f3gica, capaz de competir en los mercados m\u00e1s exigentes del mundo\u201d, dijo.\u00a0<\/p>\n\n\n\n<figure class=\"wp-block-image size-full\"><img loading=\"lazy\" decoding=\"async\" width=\"705\" height=\"469\" src=\"https:\/\/diariodominicano.com\/wp-content\/uploads\/2024\/12\/imagen_2024-12-07_005225364.png\" alt=\"\" class=\"wp-image-580832\" srcset=\"https:\/\/diariodominicano.com\/wp-content\/uploads\/2024\/12\/imagen_2024-12-07_005225364.png 705w, https:\/\/diariodominicano.com\/wp-content\/uploads\/2024\/12\/imagen_2024-12-07_005225364-300x200.png 300w\" sizes=\"auto, (max-width: 705px) 100vw, 705px\" \/><\/figure>\n\n\n\n<p>Al abordar la visi\u00f3n gubernamental, el viceministro de Industria, Comercio y Mipymes, Johannes Kelner, reconoci\u00f3 el \u201calto requerimiento educativo\u201d y la alianza entre Gobierno, empresas y academia, como actores imprescindibles para el desarrollo de la industria de semiconductores. \u201cRep\u00fablica Dominicana se encamina a crear empleos de valor y subir de nivel, y con el esfuerzo y la uni\u00f3n de todos vamos a lograrlo\u201d, enfatiz\u00f3 el funcionario.&nbsp;<\/p>\n\n\n\n<figure class=\"wp-block-image size-full\"><img loading=\"lazy\" decoding=\"async\" width=\"705\" height=\"469\" src=\"https:\/\/diariodominicano.com\/wp-content\/uploads\/2024\/12\/imagen_2024-12-07_002949768.png\" alt=\"\" class=\"wp-image-580826\" srcset=\"https:\/\/diariodominicano.com\/wp-content\/uploads\/2024\/12\/imagen_2024-12-07_002949768.png 705w, https:\/\/diariodominicano.com\/wp-content\/uploads\/2024\/12\/imagen_2024-12-07_002949768-300x200.png 300w\" sizes=\"auto, (max-width: 705px) 100vw, 705px\" \/><\/figure>\n\n\n\n<p>Patricia Aguilera<\/p>\n\n\n\n<p>Adem\u00e1s, la encargada de Negocios de la Embajada de los Estados Unidos, Patricia Aguilera, subray\u00f3 la oportunidad \u00fanica que tiene la Rep\u00fablica Dominicana para convertirse en un destino estrat\u00e9gico, dentro de la cadena de valor global de semiconductores y apunt\u00f3 que este intercambio acad\u00e9mico entre ambos pa\u00edses es un ejemplo del poder transformador que impulsa la colaboraci\u00f3n internacional en la educaci\u00f3n, innovaci\u00f3n y el comercio. \u201cUstedes (los beneficiados de este programa) son la punta de lanza que conectar\u00e1n el conocimiento adquirido en Estados Unidos con las oportunidades locales aqu\u00ed, creando un puente de innovaci\u00f3n y progreso para las generaciones futuras\u201d, dijo Aguilera.\u00a0\u00a0<\/p>\n\n\n\n<p>El acto tambi\u00e9n cont\u00f3 con la participaci\u00f3n de la decana de la Facultad de Ciencias e Ingenier\u00eda, Ana Barranco, quien explic\u00f3 los objetivos del programa en las \u00e1reas acad\u00e9mica, colaborativa y de investigaci\u00f3n, destacando su alto impacto social y econ\u00f3mico para el pa\u00eds.&nbsp;<\/p>\n\n\n\n<p>Durante el evento, se desarroll\u00f3 el panel magistral titulado \u201cPotencial de la industria de semiconductores en Rep\u00fablica Dominicana\u201d, con la participaci\u00f3n del doctor Ricardo Ram\u00edrez Mendoza, vicerrector de Estrategia y Crecimiento en la Universidad del Caribe (Unicaribe);&nbsp; el doctor Luis Francisco, especialista en dise\u00f1o de semiconductores en la multinacional Synopsys; y el doctor Julien Philippe, PhD en Microelectr\u00f3nica y Nanomateriales por la Universit\u00e9 Grenoble Alpes en Francia, y docente-investigador en la PUCMM. El panel fue moderado por Carlos Pantale\u00f3n, director de la Escuela de Ingenier\u00eda Mec\u00e1nica y El\u00e9ctrica de PUCMM, campus Santiago.&nbsp;&nbsp;<\/p>\n\n\n\n<p>Este evento reuni\u00f3 a acad\u00e9micos, representantes del sector privado, diplom\u00e1ticos e instituciones gubernamentales, quienes resaltaron la importancia estrat\u00e9gica de esta iniciativa, que se enmarca en el CHIPS Act de los Estados Unidos y que promueve el desarrollo y la sostenibilidad de la industria de semiconductores a nivel global, as\u00ed como en el Decreto Presidencial 324-24 del Gobierno dominicano, que establece la Estrategia Nacional de Fomento a la Industria de Semiconductores, reflejando el compromiso mutuo de ambas naciones en avanzar en esta industria estrat\u00e9gica.&nbsp;<\/p>\n\n\n\n<p>Santo Domingo Press<\/p>\n\n\n\n<p>Santo Domingo Press (De tus contactos de Google)<\/p>\n\n\n\n<p><a target=\"_blank\" href=\"mailto:SantoDomingoPress@state.gov\" rel=\"noreferrer noopener\">SantoDomingoPress@state.gov<\/a><\/p>\n\n\n\n<figure class=\"wp-block-table\"><table><tbody><tr><td>Embajada de los Estados Unidos<br>Santo Domingo<\/td><\/tr><\/tbody><\/table><\/figure>\n","protected":false},"excerpt":{"rendered":"<p>La encargada de Negocios de la Embajada de los Estados Unidos en Rep\u00fablica Dominicana, Patricia Aguilera, y el rector\u2002de la Pontificia Universidad Cat\u00f3lica Madre y Maestra, reverendo padre doctor Secilio Espinal en el momento de la firma.. FOTOS Santo Domingo, R.D.&nbsp;\u2013 La Pontificia Universidad Cat\u00f3lica Madre y Maestra (PUCMM) y la Embajada de los Estados [&hellip;]<\/p>\n","protected":false},"author":28,"featured_media":580821,"comment_status":"closed","ping_status":"closed","sticky":true,"template":"","format":"standard","meta":{"footnotes":""},"categories":[36,18,27],"tags":[],"class_list":["post-580820","post","type-post","status-publish","format-standard","has-post-thumbnail","hentry","category-hombresmujeresycosas","category-economia","category-portada"],"_links":{"self":[{"href":"https:\/\/diariodominicano.com\/index.php?rest_route=\/wp\/v2\/posts\/580820","targetHints":{"allow":["GET"]}}],"collection":[{"href":"https:\/\/diariodominicano.com\/index.php?rest_route=\/wp\/v2\/posts"}],"about":[{"href":"https:\/\/diariodominicano.com\/index.php?rest_route=\/wp\/v2\/types\/post"}],"author":[{"embeddable":true,"href":"https:\/\/diariodominicano.com\/index.php?rest_route=\/wp\/v2\/users\/28"}],"replies":[{"embeddable":true,"href":"https:\/\/diariodominicano.com\/index.php?rest_route=%2Fwp%2Fv2%2Fcomments&post=580820"}],"version-history":[{"count":4,"href":"https:\/\/diariodominicano.com\/index.php?rest_route=\/wp\/v2\/posts\/580820\/revisions"}],"predecessor-version":[{"id":580833,"href":"https:\/\/diariodominicano.com\/index.php?rest_route=\/wp\/v2\/posts\/580820\/revisions\/580833"}],"wp:featuredmedia":[{"embeddable":true,"href":"https:\/\/diariodominicano.com\/index.php?rest_route=\/wp\/v2\/media\/580821"}],"wp:attachment":[{"href":"https:\/\/diariodominicano.com\/index.php?rest_route=%2Fwp%2Fv2%2Fmedia&parent=580820"}],"wp:term":[{"taxonomy":"category","embeddable":true,"href":"https:\/\/diariodominicano.com\/index.php?rest_route=%2Fwp%2Fv2%2Fcategories&post=580820"},{"taxonomy":"post_tag","embeddable":true,"href":"https:\/\/diariodominicano.com\/index.php?rest_route=%2Fwp%2Fv2%2Ftags&post=580820"}],"curies":[{"name":"wp","href":"https:\/\/api.w.org\/{rel}","templated":true}]}}