{"id":580816,"date":"2024-12-07T00:10:15","date_gmt":"2024-12-07T04:10:15","guid":{"rendered":"https:\/\/diariodominicano.com\/?p=580816"},"modified":"2024-12-07T00:11:27","modified_gmt":"2024-12-07T04:11:27","slug":"mexico-hace-todo-lo-posible-para-proteger-tratado-comercial-con-eeuu-y-canada-dice-funcionario","status":"publish","type":"post","link":"https:\/\/diariodominicano.com\/?p=580816","title":{"rendered":"M\u00e9xico hace todo lo posible para proteger tratado comercial con EEUU y Canad\u00e1, dice funcionario"},"content":{"rendered":"\n<p>Vista general de edificios y casas en medio de la contaminaci\u00f3n en la Ciudad de M\u00e9xico, M\u00e9xico, 6 de diciembre de 2024. Fotograf\u00eda tomada a trav\u00e9s de una ventana de vidrio de un edificio.<\/p>\n\n\n\n<p>diciembre 06, 2024<\/p>\n\n\n\n<ul class=\"wp-block-list\">\n<li><a href=\"https:\/\/www.vozdeamerica.com\/author\/reuters\/riv_i\">Reuters<\/a><\/li>\n<\/ul>\n\n\n\n<ul class=\"wp-block-list\">\n<li><a href=\"https:\/\/facebook.com\/sharer.php?u=https%3a%2f%2fwww.vozdeamerica.com%2fa%2fmexico-hace-todo-posible-proteger-tratado-comercial-eeuu-canada-%2f7890294.html\" target=\"_blank\" rel=\"noreferrer noopener\"><\/a><\/li>\n\n\n\n<li><a href=\"https:\/\/twitter.com\/share?url=https%3a%2f%2fwww.vozdeamerica.com%2fa%2fmexico-hace-todo-posible-proteger-tratado-comercial-eeuu-canada-%2f7890294.html&amp;text=M%c3%a9xico+hace+todo+lo+posible+para+proteger+tratado+comercial+con+EEUU+y+Canad%c3%a1%2c+dice+funcionario\" target=\"_blank\" rel=\"noreferrer noopener\"><\/a><\/li>\n\n\n\n<li><\/li>\n\n\n\n<li><a href=\"mailto:?body=https%3a%2f%2fwww.vozdeamerica.com%2fa%2fmexico-hace-todo-posible-proteger-tratado-comercial-eeuu-canada-%2f7890294.html&amp;subject=M%C3%A9xico%20hace%20todo%20lo%20posible%20para%20proteger%20tratado%20comercial%20con%20EEUU%20y%20Canad%C3%A1,%20dice%20funcionario\"><\/a><\/li>\n<\/ul>\n\n\n\n<p><a href=\"https:\/\/www.vozdeamerica.com\/a\/mexico-hace-todo-posible-proteger-tratado-comercial-eeuu-canada-\/7890294.html#comments\">&nbsp;Vea comentarios<\/a><\/p>\n\n\n\n<p>Un funcionario mexicano asegura que el gobierno de su pa\u00eds hace todo lo posible para proteger tratado comercial con EEUU y Canad\u00e1. Hace pocos d\u00edas el presidente electo de EEUU, Donald Trump, prometi\u00f3 elevar los aranceles si no se resuelven los temas de migraci\u00f3n y seguridad.<\/p>\n\n\n\n<p>CIUDAD DE M\u00c9XICO \u2014&nbsp;<\/p>\n\n\n\n<p>El gobierno de M\u00e9xico est\u00e1 haciendo todo lo posible para proteger el tratado comercial de Norteam\u00e9rica con Canad\u00e1 y Estados Unidos (TMEC), que ser\u00e1 revisado en 2026, dijo el subsecretario de Econom\u00eda del pa\u00eds latinoamericano en una entrevista publicada el viernes.<\/p>\n\n\n\n<p>M\u00e9xico trabaja en cuestiones de seguridad y migraci\u00f3n para \u00absentarse a la mesa\u00bb a negociar \u00absin obst\u00e1culos\u00bb, dijo Rosendo Guti\u00e9rrez al medio Inside US Trade, luego de que el&nbsp;<strong><em><a href=\"https:\/\/www.vozdeamerica.com\/a\/trump-planea-imponer-aranceles-a-importaciones-de-mexico-canada-y-china\/7878043.html\" target=\"_blank\" rel=\"noreferrer noopener\">presidente electo estadounidense, Donald Trump, amenazara con imponer aranceles<\/a><\/em><\/strong>&nbsp;a su vecino del sur si no se abordaban esos temas.<\/p>\n\n\n\n<p>El funcionario dijo que el gobierno de la mandataria Claudia Sheinbaum busca apoyar a empresas de la regi\u00f3n para que sustituyan insumos de Asia por productos fabricados en M\u00e9xico, Canad\u00e1 o Estados Unidos, un esfuerzo que ve \u00abcomo una prioridad antes de la revisi\u00f3n de 2026\u00bb, seg\u00fan el medio.<\/p>\n\n\n\n<p>Trump anunci\u00f3 en noviembre, tras ser elegido nuevamente como presidente, que impondr\u00e1 aranceles del 25% a M\u00e9xico y Canad\u00e1 sino hacen lo suficiente para frenar las oleadas migratorias y la droga fentanilo que llegan a las fronteras estadounidenses. Tambi\u00e9n ha amenazado con aranceles a China.<\/p>\n\n\n\n<p><a href=\"https:\/\/www.vozdeamerica.com\/a\/presidenta-de-mexico-confia-en-evitar-guerra-arancelaria-con-eeuu\/7880642.html\"><\/a><\/p>\n\n\n\n<p><a href=\"https:\/\/www.vozdeamerica.com\/a\/presidenta-de-mexico-confia-en-evitar-guerra-arancelaria-con-eeuu\/7880642.html\">Tambi\u00e9n lea<\/a><\/p>\n\n\n\n<h4 class=\"wp-block-heading\"><a href=\"https:\/\/www.vozdeamerica.com\/a\/presidenta-de-mexico-confia-en-evitar-guerra-arancelaria-con-eeuu\/7880642.html\">Presidenta de M\u00e9xico conf\u00eda en evitar guerra arancelaria con EEUU<\/a><\/h4>\n\n\n\n<p>Guti\u00e9rrez viaj\u00f3 a Washington para reunirse con grupos empresariales y agr\u00edcolas estadounidenses, as\u00ed como con legisladores, inform\u00f3 Inside Trade.<\/p>\n\n\n\n<p>Funcionarios mexicanos han estado en contacto con \u00aballegados\u00bb de Trump, pero no con funcionarios del gobierno entrante, detall\u00f3 el subsecretario, e inform\u00f3 que M\u00e9xico busca desarrollar un proceso de selecci\u00f3n de inversiones similar a Comit\u00e9 de Inversi\u00f3n Extranjera de Estados Unidos.<\/p>\n\n\n\n<p>Adem\u00e1s, explic\u00f3 que la administraci\u00f3n de Sheinbaum trata de \u00abseguir las mismas reglas\u00bb que sus socios comerciales, al ser consultado sobre una posible inversi\u00f3n del fabricante chino de veh\u00edculos el\u00e9ctricos BYD en el pa\u00eds.<\/p>\n\n\n\n<p>Trump y algunos l\u00edderes de la industria automotriz estadounidense han acusado a M\u00e9xico de ser una \u00abpuerta trasera\u00bb para los bienes y las inversiones chinas, lo que el gobierno de la naci\u00f3n latinoamericana ha negado.<\/p>\n\n\n\n<p>Consultado sobre una disputa por las restricciones mexicanas al uso de ma\u00edz transg\u00e9nico, en el marco del TMEC, el subsecretario afirm\u00f3 que M\u00e9xico cumplir\u00e1 con el fallo del panel que analiza el caso, que se espera este mes, incluso si es desfavorable para el pa\u00eds.<\/p>\n\n\n\n<p>Dependiendo del resultado, el Gobierno evaluar\u00e1 los cambios que deba hacer, a\u00f1adi\u00f3.<\/p>\n","protected":false},"excerpt":{"rendered":"<p>Vista general de edificios y casas en medio de la contaminaci\u00f3n en la Ciudad de M\u00e9xico, M\u00e9xico, 6 de diciembre de 2024. Fotograf\u00eda tomada a trav\u00e9s de una ventana de vidrio de un edificio. diciembre 06, 2024 &nbsp;Vea comentarios Un funcionario mexicano asegura que el gobierno de su pa\u00eds hace todo lo posible para proteger [&hellip;]<\/p>\n","protected":false},"author":28,"featured_media":580817,"comment_status":"closed","ping_status":"closed","sticky":true,"template":"","format":"standard","meta":{"footnotes":""},"categories":[18,23],"tags":[],"class_list":["post-580816","post","type-post","status-publish","format-standard","has-post-thumbnail","hentry","category-economia","category-internacional"],"_links":{"self":[{"href":"https:\/\/diariodominicano.com\/index.php?rest_route=\/wp\/v2\/posts\/580816","targetHints":{"allow":["GET"]}}],"collection":[{"href":"https:\/\/diariodominicano.com\/index.php?rest_route=\/wp\/v2\/posts"}],"about":[{"href":"https:\/\/diariodominicano.com\/index.php?rest_route=\/wp\/v2\/types\/post"}],"author":[{"embeddable":true,"href":"https:\/\/diariodominicano.com\/index.php?rest_route=\/wp\/v2\/users\/28"}],"replies":[{"embeddable":true,"href":"https:\/\/diariodominicano.com\/index.php?rest_route=%2Fwp%2Fv2%2Fcomments&post=580816"}],"version-history":[{"count":2,"href":"https:\/\/diariodominicano.com\/index.php?rest_route=\/wp\/v2\/posts\/580816\/revisions"}],"predecessor-version":[{"id":580819,"href":"https:\/\/diariodominicano.com\/index.php?rest_route=\/wp\/v2\/posts\/580816\/revisions\/580819"}],"wp:featuredmedia":[{"embeddable":true,"href":"https:\/\/diariodominicano.com\/index.php?rest_route=\/wp\/v2\/media\/580817"}],"wp:attachment":[{"href":"https:\/\/diariodominicano.com\/index.php?rest_route=%2Fwp%2Fv2%2Fmedia&parent=580816"}],"wp:term":[{"taxonomy":"category","embeddable":true,"href":"https:\/\/diariodominicano.com\/index.php?rest_route=%2Fwp%2Fv2%2Fcategories&post=580816"},{"taxonomy":"post_tag","embeddable":true,"href":"https:\/\/diariodominicano.com\/index.php?rest_route=%2Fwp%2Fv2%2Ftags&post=580816"}],"curies":[{"name":"wp","href":"https:\/\/api.w.org\/{rel}","templated":true}]}}