{"id":580802,"date":"2024-12-06T23:54:06","date_gmt":"2024-12-07T03:54:06","guid":{"rendered":"https:\/\/diariodominicano.com\/?p=580802"},"modified":"2024-12-06T23:54:17","modified_gmt":"2024-12-07T03:54:17","slug":"mercosur-y-la-union-europea-firman-historico-acuerdo-de-libre-comercio-tras-25-anos-de-negociaciones","status":"publish","type":"post","link":"https:\/\/diariodominicano.com\/?p=580802","title":{"rendered":"Mercosur y la Uni\u00f3n Europea firman hist\u00f3rico acuerdo de libre comercio tras 25 a\u00f1os de negociaciones"},"content":{"rendered":"\n<p>Los mandatarios de Argentina, Javier Milei, de Uruguay, Luis Lacalle Pou, de Brasil, Luiz In\u00e1cio Lula da Silva, y de Paraguay, Santiago Pe\u00f1a, posan con la presidenta de la Comisi\u00f3n Europea, Ursula von der Leyen, en Montevideo, Uruguay, el 6 de diciembre de 2024.<\/p>\n\n\n\n<p>diciembre 06, 2024<\/p>\n\n\n\n<ul class=\"wp-block-list\">\n<li><a href=\"https:\/\/www.vozdeamerica.com\/author\/voz-de-america-redaccion\/p_kym\">Voz de Am\u00e9rica &#8211; Redacci\u00f3n<\/a><\/li>\n<\/ul>\n\n\n\n<figure class=\"wp-block-image\"><img decoding=\"async\" src=\"https:\/\/gdb.voanews.com\/9e3542af-504f-4b2f-9330-8e881a5d805d_w650_r1_s.jpg\" alt=\"Los mandatarios de Argentina, Javier Milei, de Uruguay, Luis Lacalle Pou, de Brasil, Luiz In\u00e1cio Lula da Silva, y de Paraguay, Santiago Pe\u00f1a, posan con la presidenta de la Comisi\u00f3n Europea, Ursula von der Leyen, en Montevideo, Uruguay, el 6 de diciembre de 2024.\"\/><figcaption class=\"wp-element-caption\">Los mandatarios de Argentina, Javier Milei, de Uruguay, Luis Lacalle Pou, de Brasil, Luiz In\u00e1cio Lula da Silva, y de Paraguay, Santiago Pe\u00f1a, posan con la presidenta de la Comisi\u00f3n Europea, Ursula von der Leyen, en Montevideo, Uruguay, el 6 de diciembre de 2024.<\/figcaption><\/figure>\n\n\n\n<ul class=\"wp-block-list\">\n<li><a href=\"https:\/\/facebook.com\/sharer.php?u=https%3a%2f%2fwww.vozdeamerica.com%2fa%2fmercosur-y-la-ue-firman-importante-acuerdo-de-libre-comercio-tras-25-anios-de-negociaciones%2f7889625.html\" target=\"_blank\" rel=\"noreferrer noopener\"><\/a><\/li>\n\n\n\n<li><a href=\"https:\/\/twitter.com\/share?url=https%3a%2f%2fwww.vozdeamerica.com%2fa%2fmercosur-y-la-ue-firman-importante-acuerdo-de-libre-comercio-tras-25-anios-de-negociaciones%2f7889625.html&amp;text=Mercosur+y+la+Uni%c3%b3n+Europea+firman+hist%c3%b3rico+acuerdo+de+libre+comercio+tras+25+a%c3%b1os+de+negociaciones\" target=\"_blank\" rel=\"noreferrer noopener\"><\/a><\/li>\n\n\n\n<li><\/li>\n\n\n\n<li><a href=\"mailto:?body=https%3a%2f%2fwww.vozdeamerica.com%2fa%2fmercosur-y-la-ue-firman-importante-acuerdo-de-libre-comercio-tras-25-anios-de-negociaciones%2f7889625.html&amp;subject=Mercosur%20y%20la%20Uni%C3%B3n%20Europea%20firman%20hist%C3%B3rico%20acuerdo%20de%20libre%20comercio%20tras%2025%20a%C3%B1os%20de%20negociaciones\"><\/a><\/li>\n<\/ul>\n\n\n\n<p><a href=\"https:\/\/www.vozdeamerica.com\/a\/mercosur-y-la-ue-firman-importante-acuerdo-de-libre-comercio-tras-25-anios-de-negociaciones\/7889625.html#comments\">&nbsp;Vea comentarios<\/a><\/p>\n\n\n\n<p>L\u00edderes del Mercosur y la UE firmaron un demorado y pol\u00e9mico acuerdo que facilitar\u00eda la creaci\u00f3n de una de las zonas de libre comercio m\u00e1s grandes del mundo, aunque enfrenta grandes desaf\u00edos para su ratificaci\u00f3n.<\/p>\n\n\n\n<p>Tras m\u00e1s de dos d\u00e9cadas de negociaciones, los pa\u00edses miembros del Mercosur y la Uni\u00f3n Europea sellaron el viernes un hist\u00f3rico acuerdo que permitir\u00e1 la creaci\u00f3n de una de las zonas de libre comercio m\u00e1s grandes del mundo.<\/p>\n\n\n\n<p>La firma se produjo en Montevideo, durante la cumbre del bloque sudamericano, conformado por Argentina, Brasil, Paraguay, Uruguay y Bolivia, despu\u00e9s de que un borrador inicial presentado en 2019 provocara diferencias sobre cuestiones ambientales, econ\u00f3micas y pol\u00edticas retrasaron su aprobaci\u00f3n final, con Francia entre los principales detractores.<\/p>\n\n\n\n<p>\u201cNos paramos juntos en un escenario mundial como socios&#8230; significa m\u00e1s trabajos y buenos trabajos, m\u00e1s elecciones y mejores precios\u201d, dijo&nbsp;<em><strong><a href=\"https:\/\/www.vozdeamerica.com\/a\/jefa-ue-uruguay-avanzar-acuerdo-comercial-mercosur\/7888560.html\" target=\"_blank\" rel=\"noreferrer noopener\">la presidenta de la Comisi\u00f3n Europea, Ursula von der Leyen<\/a><\/strong><\/em>&nbsp;en una rueda de prensa tras la firma, en la que participaron los mandatarios de Argentina, Javier Milei, de Uruguay, Luis Lacalle Pou; de Brasil, Luiz In\u00e1cio Lula da Silva; y de Paraguay, Santiago Pe\u00f1a.<\/p>\n\n\n\n<p>Von der Leyen agreg\u00f3 que \u201cel Mercosur traer\u00e1 beneficios significativos a los consumidores y las empresas a ambos lados, facilitar\u00e1 la inversi\u00f3n europea&#8230; esto traer\u00e1 grandes oportunidades de negocios\u201d.<\/p>\n\n\n\n<p><a href=\"https:\/\/www.vozdeamerica.com\/a\/negociadores-de-la-ue-y-sudamerica-se-apresuran-a-cerrar-un-acuerdo-comercial-divisivo\/7886826.html\"><\/a><\/p>\n\n\n\n<p><a href=\"https:\/\/www.vozdeamerica.com\/a\/negociadores-de-la-ue-y-sudamerica-se-apresuran-a-cerrar-un-acuerdo-comercial-divisivo\/7886826.html\">Tambi\u00e9n lea<\/a><\/p>\n\n\n\n<h4 class=\"wp-block-heading\"><a href=\"https:\/\/www.vozdeamerica.com\/a\/negociadores-de-la-ue-y-sudamerica-se-apresuran-a-cerrar-un-acuerdo-comercial-divisivo\/7886826.html\">Negociadores de la UE y Sudam\u00e9rica se apresuran a cerrar un acuerdo comercial divisivo<\/a><\/h4>\n\n\n\n<p>Pese al consenso alcanzado en la capital uruguaya, el pol\u00e9mico pacto s\u00f3lo entrar\u00e1 en vigor tras ser ratificado por los 27 Estados miembros de la Uni\u00f3n Europea, as\u00ed como por el Parlamento Europeo y las asambleas nacionales de los pa\u00edses implicados.<\/p>\n\n\n\n<p>De concretarse, el acuerdo entre la UE y el Mercosur crear\u00eda una de las \u00e1reas de libre comercio m\u00e1s grandes del mundo, que abarcar\u00eda a m\u00e1s de 700 millones de personas y el 25 % del Producto Interno Bruto mundial.<\/p>\n\n\n\n<p>Tras la firma, la ministra de Comercio francesa, Sophie Primas, reafirm\u00f3 la oposici\u00f3n de Francia, afirmando que el acuerdo s\u00f3lo vincula a la Comisi\u00f3n Europea, no a los estados miembros.<\/p>\n\n\n\n<p>Primas se comprometi\u00f3 a resistirse a las pr\u00f3ximas etapas, citando preocupaciones sobre los efectos ambientales y agr\u00edcolas, en una postura que pone de relieve los obst\u00e1culos que enfrenta el pacto para obtener la aprobaci\u00f3n de toda la UE.<\/p>\n\n\n\n<h3 class=\"wp-block-heading\">Largas negociaciones y potenciales beneficios<\/h3>\n\n\n\n<p>Las negociaciones entre los bloques iniciaron en 1999, aunque s\u00f3lo fue 20 a\u00f1os despu\u00e9s cuando se anunci\u00f3 un acuerdo inicial, que nunca lleg\u00f3 a ser ratificado.<\/p>\n\n\n\n<p><a href=\"https:\/\/www.vozdeamerica.com\/a\/mercosur-posible-reconciliacion-cumbre-discordia-\/7689050.html\"><\/a><\/p>\n\n\n\n<p><a href=\"https:\/\/www.vozdeamerica.com\/a\/mercosur-posible-reconciliacion-cumbre-discordia-\/7689050.html\">Tambi\u00e9n lea<\/a><\/p>\n\n\n\n<h4 class=\"wp-block-heading\"><a href=\"https:\/\/www.vozdeamerica.com\/a\/mercosur-posible-reconciliacion-cumbre-discordia-\/7689050.html\">Mercosur, de la posible reconciliaci\u00f3n a la cumbre de la discordia<\/a><\/h4>\n\n\n\n<p>A lo largo de las conversaciones, Francia \u2014que tiene la mayor industria agr\u00edcola de Europa\u2014 ha sido el principal opositor al acuerdo, una postura que ha sido acompa\u00f1ado por otros pa\u00edses como Polonia, Austria y Holanda.<\/p>\n\n\n\n<p>En el lado opuesto, entre los principales impulsores del tratado destacan Espa\u00f1a, Italia, Portugal y sobre todo Alemania, que ve en Sudam\u00e9rica un mercado clave para su sector automotriz.<\/p>\n\n\n\n<p>De ser ratificado, el acuerdo UE-Mercosur supondr\u00eda la reducci\u00f3n de aranceles y barreras comerciales entre los bloques y facilitar\u00eda a las empresas de ambos lados exportar bienes.<\/p>\n\n\n\n<p>Para los europeos significar\u00eda aranceles m\u00e1s bajos para productos como autom\u00f3viles, maquinaria y productos qu\u00edmicos, en tanto que los pa\u00edses sudamericanos tendr\u00edan un acceso privilegiado a los mercados de la UE para sus exportaciones agr\u00edcolas, como el az\u00facar y la carne de res y de aves de corral, ya que lograr\u00edan eliminar en un 70 % los aranceles de los productos exportables.<\/p>\n\n\n\n<p>A pesar de los beneficios, algunos pa\u00edses que han sido testigos de las d\u00e9cadas de vaivenes del acuerdo comercial no est\u00e1n celebrando todav\u00eda, pues el camino hasta una eventual entrada en vigor todav\u00eda es largo.<\/p>\n\n\n\n<p><a href=\"https:\/\/www.vozdeamerica.com\/a\/francia-anuncia-medidas-para-calmar-a-agricultores-y-rechaza-un-acuerdo-ue-mercosur\/7466561.html\"><\/a><\/p>\n\n\n\n<p><a href=\"https:\/\/www.vozdeamerica.com\/a\/francia-anuncia-medidas-para-calmar-a-agricultores-y-rechaza-un-acuerdo-ue-mercosur\/7466561.html\">Tambi\u00e9n lea<\/a><\/p>\n\n\n\n<h4 class=\"wp-block-heading\"><a href=\"https:\/\/www.vozdeamerica.com\/a\/francia-anuncia-medidas-para-calmar-a-agricultores-y-rechaza-un-acuerdo-ue-mercosur\/7466561.html\">Francia anuncia medidas para calmar a agricultores y rechaza un acuerdo UE-Mercosur<\/a><\/h4>\n\n\n\n<p>\u201cCualquiera que tenga un poco de memoria es esc\u00e9ptico. Parece que ya hemos pasado por eso antes. Han presentado l\u00edderes, han declarado la victoria y han celebrado y, sin embargo, siempre parece haber un problema\u201d, dijo Brian Winter, vicepresidente de Americas Society\/Council of the Americas, con sede en Nueva York.<\/p>\n\n\n\n<p>En ese marco, el canciller de Uruguay, Omar Paganini, reconoci\u00f3 que la efectiva puesta en marcha del acuerdo y sus beneficios a\u00fan dependen de varias etapas, como la revisi\u00f3n de distintos organismos y la ratificaci\u00f3n individual de los pa\u00edses.<\/p>\n\n\n\n<p>\u201cEs un proceso que demora, demora un a\u00f1o, un a\u00f1o y medio para poder entrar en vigencia\u201d, explic\u00f3 a los periodistas. \u201cLa parte comercial la tiene que aprobar las autoridades de la Uni\u00f3n Europea y las autoridades de cada pa\u00eds del Mercosur\u201d.<\/p>\n\n\n\n<p>Adem\u00e1s, el pacto posee otros apartados adjuntos referentes a temas ambientales y laborales, que igualmente tienen que ser aprobados por los respectivos \u00f3rganos reguladores de cada pa\u00eds, cuyas etapas pueden ser distintas seg\u00fan los procesos de cada pa\u00eds, agreg\u00f3 el canciller uruguayo.<\/p>\n\n\n\n<p><em>[Con informaci\u00f3n de The Associated Press y Reuters]<\/em><\/p>\n","protected":false},"excerpt":{"rendered":"<p>Los mandatarios de Argentina, Javier Milei, de Uruguay, Luis Lacalle Pou, de Brasil, Luiz In\u00e1cio Lula da Silva, y de Paraguay, Santiago Pe\u00f1a, posan con la presidenta de la Comisi\u00f3n Europea, Ursula von der Leyen, en Montevideo, Uruguay, el 6 de diciembre de 2024. diciembre 06, 2024 &nbsp;Vea comentarios L\u00edderes del Mercosur y la UE [&hellip;]<\/p>\n","protected":false},"author":28,"featured_media":580803,"comment_status":"closed","ping_status":"closed","sticky":true,"template":"","format":"standard","meta":{"footnotes":""},"categories":[18,26,23,27],"tags":[],"class_list":["post-580802","post","type-post","status-publish","format-standard","has-post-thumbnail","hentry","category-economia","category-efemerides","category-internacional","category-portada"],"_links":{"self":[{"href":"https:\/\/diariodominicano.com\/index.php?rest_route=\/wp\/v2\/posts\/580802","targetHints":{"allow":["GET"]}}],"collection":[{"href":"https:\/\/diariodominicano.com\/index.php?rest_route=\/wp\/v2\/posts"}],"about":[{"href":"https:\/\/diariodominicano.com\/index.php?rest_route=\/wp\/v2\/types\/post"}],"author":[{"embeddable":true,"href":"https:\/\/diariodominicano.com\/index.php?rest_route=\/wp\/v2\/users\/28"}],"replies":[{"embeddable":true,"href":"https:\/\/diariodominicano.com\/index.php?rest_route=%2Fwp%2Fv2%2Fcomments&post=580802"}],"version-history":[{"count":1,"href":"https:\/\/diariodominicano.com\/index.php?rest_route=\/wp\/v2\/posts\/580802\/revisions"}],"predecessor-version":[{"id":580804,"href":"https:\/\/diariodominicano.com\/index.php?rest_route=\/wp\/v2\/posts\/580802\/revisions\/580804"}],"wp:featuredmedia":[{"embeddable":true,"href":"https:\/\/diariodominicano.com\/index.php?rest_route=\/wp\/v2\/media\/580803"}],"wp:attachment":[{"href":"https:\/\/diariodominicano.com\/index.php?rest_route=%2Fwp%2Fv2%2Fmedia&parent=580802"}],"wp:term":[{"taxonomy":"category","embeddable":true,"href":"https:\/\/diariodominicano.com\/index.php?rest_route=%2Fwp%2Fv2%2Fcategories&post=580802"},{"taxonomy":"post_tag","embeddable":true,"href":"https:\/\/diariodominicano.com\/index.php?rest_route=%2Fwp%2Fv2%2Ftags&post=580802"}],"curies":[{"name":"wp","href":"https:\/\/api.w.org\/{rel}","templated":true}]}}