{"id":580507,"date":"2024-12-05T23:29:08","date_gmt":"2024-12-06T03:29:08","guid":{"rendered":"https:\/\/diariodominicano.com\/?p=580507"},"modified":"2024-12-05T23:32:46","modified_gmt":"2024-12-06T03:32:46","slug":"centro-cultural-banreservas-acoge-el-ii-congreso-internacional-sobre-cultura-urbana","status":"publish","type":"post","link":"https:\/\/diariodominicano.com\/?p=580507","title":{"rendered":"Centro Cultural Banreservas acoge el II \u00a0Congreso Internacional sobre Cultura Urbana"},"content":{"rendered":"\n<p>Eli y Kalil Jacobs-Fantauzzi, documentalistas cubanos especializados en producciones de impacto social.<\/p>\n\n\n\n<figure class=\"wp-block-image size-full\"><img loading=\"lazy\" decoding=\"async\" width=\"984\" height=\"654\" src=\"https:\/\/diariodominicano.com\/wp-content\/uploads\/2024\/12\/chrome_ZFCoBvgjSQ.png\" alt=\"\" class=\"wp-image-580531\" srcset=\"https:\/\/diariodominicano.com\/wp-content\/uploads\/2024\/12\/chrome_ZFCoBvgjSQ.png 984w, https:\/\/diariodominicano.com\/wp-content\/uploads\/2024\/12\/chrome_ZFCoBvgjSQ-300x199.png 300w, https:\/\/diariodominicano.com\/wp-content\/uploads\/2024\/12\/chrome_ZFCoBvgjSQ-768x510.png 768w, https:\/\/diariodominicano.com\/wp-content\/uploads\/2024\/12\/chrome_ZFCoBvgjSQ-816x542.png 816w\" sizes=\"auto, (max-width: 984px) 100vw, 984px\" \/><\/figure>\n\n\n\n<p>En el evento que concluye este viernes 6 de diciembre, ser\u00e1n ofrecidas &nbsp;ponencias sobre cultura urbana y &nbsp;producir\u00e1 un documento de conclusiones sobre el fen\u00f3meno social<\/p>\n\n\n\n<p>Servicio&nbsp;de prensa<br>Santo Domingo. La Fundaci\u00f3n Cultural Cofrad\u00eda, junto a Nexa y otras entidades aliadas, desarrollan&nbsp;este jueves 5 y viernes 6, en el Centro Cultural Banreservas, el II Congreso Internacional de Cultura Urbana, para analizar enfoques de especialistas de Colombia, Cuba, Estados Unidos y Rep\u00fablica Dominicana.<br>La Fundaci\u00f3n Cofrad\u00eda indica que el congreso &nbsp;es un punto de encuentro interdisciplinario que analiza las expresiones culturales urbanas y su influencia en las din\u00e1micas sociales, econ\u00f3micas y art\u00edsticas actuales.<\/p>\n\n\n\n<p>Entre los participantes estar\u00e1n artistas, creadores, investigadores, periodistas, gestores culturales, soci\u00f3logos, antrop\u00f3logos, bailarines y productores, entre los que\u00a0est\u00e1n invitados llegados de\u00a0Colombia, Cuba, Estados Unidos y Rep\u00fablica Dominicana.\u00a0Desde los Estados Unidos, estar\u00e1n los hermanos Eli y Kalil Jacobs-Fantauzzi, documentalistas reconocidos por sus producciones de impacto social.<br>Por el pa\u00eds,\u00a0estar\u00e1n exponiendo Tahira Vargas, antrop\u00f3loga e investigadora reconocida por sus estudios sobre juventud y din\u00e1micas culturales; Juan Miguel P\u00e9rez, soci\u00f3logo que analiza la evoluci\u00f3n social en contextos urbanos; Alejandro Abreu, investigador especializado en identidades culturales urbanas; Awilda Polanco, pionera en la ense\u00f1anza de danza urbana en Rep\u00fablica Dominicana; Gabriel Lantigua, destacado director de videos musicales, \u00a0un expositor por\u00a0 la Asociaci\u00f3n Nacional de Break Dancers, que ha llevado este ritmo a niveles competitivos internacionales, como las Olimpiadas y JC Restituyo, uno de los empresarios m\u00e1s influyentes de la m\u00fasica urbana local.<\/p>\n\n\n\n<figure class=\"wp-block-image size-full\"><img loading=\"lazy\" decoding=\"async\" width=\"654\" height=\"374\" src=\"https:\/\/diariodominicano.com\/wp-content\/uploads\/2024\/12\/Rondan-Marmol.png\" alt=\"\" class=\"wp-image-580533\" srcset=\"https:\/\/diariodominicano.com\/wp-content\/uploads\/2024\/12\/Rondan-Marmol.png 654w, https:\/\/diariodominicano.com\/wp-content\/uploads\/2024\/12\/Rondan-Marmol-300x172.png 300w\" sizes=\"auto, (max-width: 654px) 100vw, 654px\" \/><\/figure>\n\n\n\n<p><br><strong>Rold\u00e1n M\u00e1rmol, presidente de la Fundaci\u00f3n Cultural Cofrad\u00eda y productor del Congreso.<\/strong><\/p>\n\n\n\n<p>El presidente de la Fundaci\u00f3n Cultural Cofrad\u00eda, Rold\u00e1n M\u00e1rmol, se\u00f1al\u00f3 que es un espacio de alto impacto, dise\u00f1ado para reflexionar sobre c\u00f3mo la cultura urbana puede transformarse en una herramienta de identidad para el desarrollo social y econ\u00f3mico.<\/p>\n\n\n\n<p>\u201c<em>La cultura urbana ha permeado el tejido social desde sus ra\u00edces y en todas sus dimensiones. Por ello, apostamos a una mirada multidisciplinaria, integrando perspectivas sociol\u00f3gicas y antropol\u00f3gicas, que nos permitan entender su impacto en la actualidad y crear nuevos caminos transformadores, en beneficio de una marca pa\u00eds s\u00f3lida para Rep\u00fablica Dominicana\u201d<\/em>, dijo.<br>El coproductor del evento, Wilson Betances Polanco \u00abGn\u00f3mico\u00bb, resalt\u00f3 que esta nueva propuesta busca trascender en el tiempo, mejorando y fortaleciendo las manifestaciones urbanas como expresiones art\u00edsticas de gran valor. \u201cQueremos contribuir a que estas expresiones se conviertan en motores de transformaci\u00f3n social, destacando valores positivos y productivos\u201d. Afirm\u00f3.<br>Durante los dos d\u00edas, se abordar\u00e1n temas como la m\u00fasica, las artes visuales, la gesti\u00f3n cultural, la econom\u00eda del barrio, el impacto de los audiovisuales en la cultura urbana, las implicaciones en el tejido comunitario, la familia, las parejas, la sexualidad y la productividad econ\u00f3mica en el marco de la cultura urbana. Este espacio integrador invita a la ciudadan\u00eda a sumarse al di\u00e1logo y aportar a la evoluci\u00f3n de estas manifestaciones.<\/p>\n\n\n\n<p>Jose Rafael Paula Sosa<\/p>\n\n\n\n<p>Jose Rafael Paula Sosa (De tus contactos de Google)<\/p>\n\n\n\n<p><a target=\"_blank\" href=\"mailto:joserafael.sosa@gmail.com\" rel=\"noreferrer noopener\">joserafael.sosa@gmail.com<\/a><\/p>\n\n\n\n<p><br><br><\/p>\n","protected":false},"excerpt":{"rendered":"<p>Eli y Kalil Jacobs-Fantauzzi, documentalistas cubanos especializados en producciones de impacto social. En el evento que concluye este viernes 6 de diciembre, ser\u00e1n ofrecidas &nbsp;ponencias sobre cultura urbana y &nbsp;producir\u00e1 un documento de conclusiones sobre el fen\u00f3meno social Servicio&nbsp;de prensaSanto Domingo. La Fundaci\u00f3n Cultural Cofrad\u00eda, junto a Nexa y otras entidades aliadas, desarrollan&nbsp;este jueves 5 [&hellip;]<\/p>\n","protected":false},"author":28,"featured_media":580530,"comment_status":"closed","ping_status":"closed","sticky":true,"template":"","format":"standard","meta":{"footnotes":""},"categories":[21,36,25],"tags":[],"class_list":["post-580507","post","type-post","status-publish","format-standard","has-post-thumbnail","hentry","category-cultura","category-hombresmujeresycosas","category-gente"],"_links":{"self":[{"href":"https:\/\/diariodominicano.com\/index.php?rest_route=\/wp\/v2\/posts\/580507","targetHints":{"allow":["GET"]}}],"collection":[{"href":"https:\/\/diariodominicano.com\/index.php?rest_route=\/wp\/v2\/posts"}],"about":[{"href":"https:\/\/diariodominicano.com\/index.php?rest_route=\/wp\/v2\/types\/post"}],"author":[{"embeddable":true,"href":"https:\/\/diariodominicano.com\/index.php?rest_route=\/wp\/v2\/users\/28"}],"replies":[{"embeddable":true,"href":"https:\/\/diariodominicano.com\/index.php?rest_route=%2Fwp%2Fv2%2Fcomments&post=580507"}],"version-history":[{"count":3,"href":"https:\/\/diariodominicano.com\/index.php?rest_route=\/wp\/v2\/posts\/580507\/revisions"}],"predecessor-version":[{"id":580536,"href":"https:\/\/diariodominicano.com\/index.php?rest_route=\/wp\/v2\/posts\/580507\/revisions\/580536"}],"wp:featuredmedia":[{"embeddable":true,"href":"https:\/\/diariodominicano.com\/index.php?rest_route=\/wp\/v2\/media\/580530"}],"wp:attachment":[{"href":"https:\/\/diariodominicano.com\/index.php?rest_route=%2Fwp%2Fv2%2Fmedia&parent=580507"}],"wp:term":[{"taxonomy":"category","embeddable":true,"href":"https:\/\/diariodominicano.com\/index.php?rest_route=%2Fwp%2Fv2%2Fcategories&post=580507"},{"taxonomy":"post_tag","embeddable":true,"href":"https:\/\/diariodominicano.com\/index.php?rest_route=%2Fwp%2Fv2%2Ftags&post=580507"}],"curies":[{"name":"wp","href":"https:\/\/api.w.org\/{rel}","templated":true}]}}