{"id":580489,"date":"2024-12-05T23:27:04","date_gmt":"2024-12-06T03:27:04","guid":{"rendered":"https:\/\/diariodominicano.com\/?p=580489"},"modified":"2024-12-05T23:27:06","modified_gmt":"2024-12-06T03:27:06","slug":"isfodosu-certifica-1193-directores-y-coordinadores-del-diplomado-en-liderazgo-pedagogico","status":"publish","type":"post","link":"https:\/\/diariodominicano.com\/?p=580489","title":{"rendered":"ISFODOSU certifica 1,193 directores y coordinadores del Diplomado en Liderazgo Pedag\u00f3gico"},"content":{"rendered":"\n<p><em>El programa de formaci\u00f3n permite a los directores que aprueban el Concurso de Oposici\u00f3n Docente desarrollar competencias profesionales y emocionales para generar un alto impacto en la ense\u00f1anza de los estudiantes<\/em><\/p>\n\n\n\n<p><strong>Santo Domingo.-<\/strong>&nbsp;El Instituto Superior de Formaci\u00f3n Docente Salom\u00e9 Ure\u00f1a, ISFODOSU, certific\u00f3 a 1,193 directores y coordinadores de centros educativos que culminaron satisfactoriamente el Diplomado en Liderazgo Pedag\u00f3gico,&nbsp; que forma parte de su Programa de Formaci\u00f3n de L\u00edderes Educativos.<\/p>\n\n\n\n<figure class=\"wp-block-gallery has-nested-images columns-default is-cropped wp-block-gallery-1 is-layout-flex wp-block-gallery-is-layout-flex\">\n<figure class=\"wp-block-image size-large\"><img loading=\"lazy\" decoding=\"async\" width=\"1024\" height=\"683\" data-id=\"580523\" src=\"https:\/\/diariodominicano.com\/wp-content\/uploads\/2024\/12\/Viceministro-del-MINERD-Dr.-Francisco-De-Oleo-y-director-del-diplomado-Dr.-Victor-Liria-entregan-certificado-a-participante-1024x683.jpg\" alt=\"\" class=\"wp-image-580523\" srcset=\"https:\/\/diariodominicano.com\/wp-content\/uploads\/2024\/12\/Viceministro-del-MINERD-Dr.-Francisco-De-Oleo-y-director-del-diplomado-Dr.-Victor-Liria-entregan-certificado-a-participante-1024x683.jpg 1024w, https:\/\/diariodominicano.com\/wp-content\/uploads\/2024\/12\/Viceministro-del-MINERD-Dr.-Francisco-De-Oleo-y-director-del-diplomado-Dr.-Victor-Liria-entregan-certificado-a-participante-300x200.jpg 300w, https:\/\/diariodominicano.com\/wp-content\/uploads\/2024\/12\/Viceministro-del-MINERD-Dr.-Francisco-De-Oleo-y-director-del-diplomado-Dr.-Victor-Liria-entregan-certificado-a-participante-768x512.jpg 768w, https:\/\/diariodominicano.com\/wp-content\/uploads\/2024\/12\/Viceministro-del-MINERD-Dr.-Francisco-De-Oleo-y-director-del-diplomado-Dr.-Victor-Liria-entregan-certificado-a-participante-1536x1024.jpg 1536w, https:\/\/diariodominicano.com\/wp-content\/uploads\/2024\/12\/Viceministro-del-MINERD-Dr.-Francisco-De-Oleo-y-director-del-diplomado-Dr.-Victor-Liria-entregan-certificado-a-participante-2048x1365.jpg 2048w, https:\/\/diariodominicano.com\/wp-content\/uploads\/2024\/12\/Viceministro-del-MINERD-Dr.-Francisco-De-Oleo-y-director-del-diplomado-Dr.-Victor-Liria-entregan-certificado-a-participante-816x544.jpg 816w\" sizes=\"auto, (max-width: 1024px) 100vw, 1024px\" \/><\/figure>\n<\/figure>\n\n\n\n<p>La formaci\u00f3n, que el ISFODOSU realiza desde el a\u00f1o 2022 a solicitud del ministro de Educaci\u00f3n, Dr. \u00c1ngel Hern\u00e1ndez, se centra en fortalecer las competencias en torno al liderazgo de los directores que aprueban el Concurso de Oposici\u00f3n, de forma que inicien su gesti\u00f3n enfoc\u00e1ndose, no solo en la buena administraci\u00f3n de las escuelas y liceos, sino, y sobre todo, en el logro de los aprendizajes de los estudiantes.<\/p>\n\n\n\n<figure class=\"wp-block-gallery has-nested-images columns-default is-cropped wp-block-gallery-2 is-layout-flex wp-block-gallery-is-layout-flex\">\n<figure class=\"wp-block-image size-large\"><img loading=\"lazy\" decoding=\"async\" width=\"1024\" height=\"683\" data-id=\"580522\" src=\"https:\/\/diariodominicano.com\/wp-content\/uploads\/2024\/12\/Rectora-del-ISFODOSU-Dra.-Nurys-Gonzalez-y-director-del-diplomado-Dr.-Victor-Liria-entregan-certificado-a-participante-1024x683.jpg\" alt=\"\" class=\"wp-image-580522\" srcset=\"https:\/\/diariodominicano.com\/wp-content\/uploads\/2024\/12\/Rectora-del-ISFODOSU-Dra.-Nurys-Gonzalez-y-director-del-diplomado-Dr.-Victor-Liria-entregan-certificado-a-participante-1024x683.jpg 1024w, https:\/\/diariodominicano.com\/wp-content\/uploads\/2024\/12\/Rectora-del-ISFODOSU-Dra.-Nurys-Gonzalez-y-director-del-diplomado-Dr.-Victor-Liria-entregan-certificado-a-participante-300x200.jpg 300w, https:\/\/diariodominicano.com\/wp-content\/uploads\/2024\/12\/Rectora-del-ISFODOSU-Dra.-Nurys-Gonzalez-y-director-del-diplomado-Dr.-Victor-Liria-entregan-certificado-a-participante-768x512.jpg 768w, https:\/\/diariodominicano.com\/wp-content\/uploads\/2024\/12\/Rectora-del-ISFODOSU-Dra.-Nurys-Gonzalez-y-director-del-diplomado-Dr.-Victor-Liria-entregan-certificado-a-participante-1536x1024.jpg 1536w, https:\/\/diariodominicano.com\/wp-content\/uploads\/2024\/12\/Rectora-del-ISFODOSU-Dra.-Nurys-Gonzalez-y-director-del-diplomado-Dr.-Victor-Liria-entregan-certificado-a-participante-2048x1365.jpg 2048w, https:\/\/diariodominicano.com\/wp-content\/uploads\/2024\/12\/Rectora-del-ISFODOSU-Dra.-Nurys-Gonzalez-y-director-del-diplomado-Dr.-Victor-Liria-entregan-certificado-a-participante-816x544.jpg 816w\" sizes=\"auto, (max-width: 1024px) 100vw, 1024px\" \/><\/figure>\n<\/figure>\n\n\n\n<p>Las palabras de exhortaci\u00f3n del acto de entrega estuvieron a cargo del viceministro de Acreditaci\u00f3n y Certificaci\u00f3n Docente, Dr. Francisco De \u00d3leo, en representaci\u00f3n del ministro de Educaci\u00f3n, quien destac\u00f3 la importancia del Diplomado para el logro de las metas de los centros escolares.<\/p>\n\n\n\n<p>\u201cEsta capacitaci\u00f3n dota a los participantes de \u00f3ptimas competencias profesionales y emocionales para que los estudiantes aprendan bien y mejor, traduci\u00e9ndose en el desempe\u00f1o esperado dentro de las aulas y resultados que mejoran significativamente la pr\u00e1ctica\u201d, refiri\u00f3 el viceministro.<\/p>\n\n\n\n<figure class=\"wp-block-gallery has-nested-images columns-default is-cropped wp-block-gallery-3 is-layout-flex wp-block-gallery-is-layout-flex\">\n<figure class=\"wp-block-image size-large\"><img loading=\"lazy\" decoding=\"async\" width=\"1024\" height=\"683\" data-id=\"580525\" src=\"https:\/\/diariodominicano.com\/wp-content\/uploads\/2024\/12\/Autoridades-del-ISFODOSU-entregan-reconocimientos-a-facilitadores-1024x683.jpg\" alt=\"\" class=\"wp-image-580525\" srcset=\"https:\/\/diariodominicano.com\/wp-content\/uploads\/2024\/12\/Autoridades-del-ISFODOSU-entregan-reconocimientos-a-facilitadores-1024x683.jpg 1024w, https:\/\/diariodominicano.com\/wp-content\/uploads\/2024\/12\/Autoridades-del-ISFODOSU-entregan-reconocimientos-a-facilitadores-300x200.jpg 300w, https:\/\/diariodominicano.com\/wp-content\/uploads\/2024\/12\/Autoridades-del-ISFODOSU-entregan-reconocimientos-a-facilitadores-768x512.jpg 768w, https:\/\/diariodominicano.com\/wp-content\/uploads\/2024\/12\/Autoridades-del-ISFODOSU-entregan-reconocimientos-a-facilitadores-1536x1024.jpg 1536w, https:\/\/diariodominicano.com\/wp-content\/uploads\/2024\/12\/Autoridades-del-ISFODOSU-entregan-reconocimientos-a-facilitadores-2048x1365.jpg 2048w, https:\/\/diariodominicano.com\/wp-content\/uploads\/2024\/12\/Autoridades-del-ISFODOSU-entregan-reconocimientos-a-facilitadores-816x544.jpg 816w\" sizes=\"auto, (max-width: 1024px) 100vw, 1024px\" \/><\/figure>\n<\/figure>\n\n\n\n<p>De su lado, la rectora del ISFODOSU, Dra. Nurys Gonz\u00e1lez, recalc\u00f3 como caracter\u00edsticas destacables del Diplomado el desarrollo de habilidades de liderazgo y su metodolog\u00eda centrada en la pr\u00e1ctica, que permite ver c\u00f3mo se hace, practicarlo y recibir retroalimentaci\u00f3n por parte de sus pares y facilitadores.<\/p>\n\n\n\n<figure class=\"wp-block-gallery has-nested-images columns-default is-cropped wp-block-gallery-4 is-layout-flex wp-block-gallery-is-layout-flex\">\n<figure class=\"wp-block-image size-large\"><img loading=\"lazy\" decoding=\"async\" width=\"1024\" height=\"683\" data-id=\"580524\" src=\"https:\/\/diariodominicano.com\/wp-content\/uploads\/2024\/12\/Participantes-del-diplomado-con-sus-certificados-1024x683.jpg\" alt=\"\" class=\"wp-image-580524\" srcset=\"https:\/\/diariodominicano.com\/wp-content\/uploads\/2024\/12\/Participantes-del-diplomado-con-sus-certificados-1024x683.jpg 1024w, https:\/\/diariodominicano.com\/wp-content\/uploads\/2024\/12\/Participantes-del-diplomado-con-sus-certificados-300x200.jpg 300w, https:\/\/diariodominicano.com\/wp-content\/uploads\/2024\/12\/Participantes-del-diplomado-con-sus-certificados-768x512.jpg 768w, https:\/\/diariodominicano.com\/wp-content\/uploads\/2024\/12\/Participantes-del-diplomado-con-sus-certificados-1536x1024.jpg 1536w, https:\/\/diariodominicano.com\/wp-content\/uploads\/2024\/12\/Participantes-del-diplomado-con-sus-certificados-2048x1365.jpg 2048w, https:\/\/diariodominicano.com\/wp-content\/uploads\/2024\/12\/Participantes-del-diplomado-con-sus-certificados-816x544.jpg 816w\" sizes=\"auto, (max-width: 1024px) 100vw, 1024px\" \/><\/figure>\n<\/figure>\n\n\n\n<p>Asimismo, destac\u00f3 la gran responsabilidad de los directores como responsables del funcionamiento de sus centros y el compromiso que asumen tambi\u00e9n con los padres y la comunidad.<\/p>\n\n\n\n<p>\u201cNuestro rol desde la escuela es transcendente, tenemos la posibilidad de impactar de manera significativa nuestros entornos. Para ello debemos velar por que cada miembro de ella sea ejemplo de laboriosidad, comportamiento \u00e9tico y moralmente intachable\u201d, destac\u00f3 la rectora del ISFODOSU.<\/p>\n\n\n\n<figure class=\"wp-block-gallery has-nested-images columns-default is-cropped wp-block-gallery-5 is-layout-flex wp-block-gallery-is-layout-flex\">\n<figure class=\"wp-block-image size-large\"><img loading=\"lazy\" decoding=\"async\" width=\"1024\" height=\"683\" data-id=\"580520\" src=\"https:\/\/diariodominicano.com\/wp-content\/uploads\/2024\/12\/Autoridades-del-ISFODOSU-y-el-MINERD-en-la-actividad-1024x683.jpg\" alt=\"\" class=\"wp-image-580520\" srcset=\"https:\/\/diariodominicano.com\/wp-content\/uploads\/2024\/12\/Autoridades-del-ISFODOSU-y-el-MINERD-en-la-actividad-1024x683.jpg 1024w, https:\/\/diariodominicano.com\/wp-content\/uploads\/2024\/12\/Autoridades-del-ISFODOSU-y-el-MINERD-en-la-actividad-300x200.jpg 300w, https:\/\/diariodominicano.com\/wp-content\/uploads\/2024\/12\/Autoridades-del-ISFODOSU-y-el-MINERD-en-la-actividad-768x512.jpg 768w, https:\/\/diariodominicano.com\/wp-content\/uploads\/2024\/12\/Autoridades-del-ISFODOSU-y-el-MINERD-en-la-actividad-1536x1024.jpg 1536w, https:\/\/diariodominicano.com\/wp-content\/uploads\/2024\/12\/Autoridades-del-ISFODOSU-y-el-MINERD-en-la-actividad-2048x1365.jpg 2048w, https:\/\/diariodominicano.com\/wp-content\/uploads\/2024\/12\/Autoridades-del-ISFODOSU-y-el-MINERD-en-la-actividad-816x544.jpg 816w\" sizes=\"auto, (max-width: 1024px) 100vw, 1024px\" \/><\/figure>\n<\/figure>\n\n\n\n<p>De su lado, la directora de la Escuela Jap\u00f3n Hato del Yaque, la maestra Heilly Bonilla, ofreci\u00f3 palabras de agradecimiento en nombre de los participantes del Diplomado, recalcando que los l\u00edderes educativos cierran brechas para promover una cultura estudiantil efectiva.<\/p>\n\n\n\n<p>Al evento, llevado a cabo en el auditorio Fuensanta Mu\u00f1oz del recinto del ISFODOSU en Santo Domingo, F\u00e9lix Evaristo Mej\u00eda, asistieron la vicerrectora de Investigaci\u00f3n y Postgrado, Mtra. Andrea Paz; la vicerrectora acad\u00e9mica, Dra. Carmen G\u00e1lvez, la vicerrectora de Innovaci\u00f3n y Desarrollo, Mtra. Milta Lora, el director del Diplomado, Mtro. V\u00edctor Liria y la Dra. Teresa Bautista.<\/p>\n\n\n\n<p>Los 1,193 egresados del programa corresponden a las tres primeras cohortes que se realizaron durante el periodo 2022-2024. Actualmente se encuentran en formaci\u00f3n 1,225 directivos correspondientes a las cuarta y quinta cohortes.<\/p>\n\n\n\n<p><strong>Diplomado en Liderazgo Pedag\u00f3gico<\/strong><\/p>\n\n\n\n<p>El diplomado abarca diversas \u00e1reas formativas: liderazgo de cultura escolar, estudiantil y de los adultos que intervienen en la formaci\u00f3n; instruccional, ense\u00f1anza apoyada en datos, desarrollo profesional, planificaci\u00f3n estrat\u00e9gica, observaci\u00f3n y retroalimentaci\u00f3n. Tambi\u00e9n las \u00e1reas de desarrollo socioemocional -focalizada en el desarrollo intrapersonal- y la comunicaci\u00f3n interpersonal; mejoramiento cualitativo del centro educativo, atendiendo las demandas de los entornos interno y externo, as\u00ed como la priorizaci\u00f3n de los procesos educativos.<\/p>\n","protected":false},"excerpt":{"rendered":"<p>El programa de formaci\u00f3n permite a los directores que aprueban el Concurso de Oposici\u00f3n Docente desarrollar competencias profesionales y emocionales para generar un alto impacto en la ense\u00f1anza de los estudiantes Santo Domingo.-&nbsp;El Instituto Superior de Formaci\u00f3n Docente Salom\u00e9 Ure\u00f1a, ISFODOSU, certific\u00f3 a 1,193 directores y coordinadores de centros educativos que culminaron satisfactoriamente el Diplomado [&hellip;]<\/p>\n","protected":false},"author":7,"featured_media":580521,"comment_status":"closed","ping_status":"closed","sticky":false,"template":"","format":"standard","meta":{"footnotes":""},"categories":[36],"tags":[551],"class_list":["post-580489","post","type-post","status-publish","format-standard","has-post-thumbnail","hentry","category-hombresmujeresycosas","tag-isfodosu"],"_links":{"self":[{"href":"https:\/\/diariodominicano.com\/index.php?rest_route=\/wp\/v2\/posts\/580489","targetHints":{"allow":["GET"]}}],"collection":[{"href":"https:\/\/diariodominicano.com\/index.php?rest_route=\/wp\/v2\/posts"}],"about":[{"href":"https:\/\/diariodominicano.com\/index.php?rest_route=\/wp\/v2\/types\/post"}],"author":[{"embeddable":true,"href":"https:\/\/diariodominicano.com\/index.php?rest_route=\/wp\/v2\/users\/7"}],"replies":[{"embeddable":true,"href":"https:\/\/diariodominicano.com\/index.php?rest_route=%2Fwp%2Fv2%2Fcomments&post=580489"}],"version-history":[{"count":1,"href":"https:\/\/diariodominicano.com\/index.php?rest_route=\/wp\/v2\/posts\/580489\/revisions"}],"predecessor-version":[{"id":580529,"href":"https:\/\/diariodominicano.com\/index.php?rest_route=\/wp\/v2\/posts\/580489\/revisions\/580529"}],"wp:featuredmedia":[{"embeddable":true,"href":"https:\/\/diariodominicano.com\/index.php?rest_route=\/wp\/v2\/media\/580521"}],"wp:attachment":[{"href":"https:\/\/diariodominicano.com\/index.php?rest_route=%2Fwp%2Fv2%2Fmedia&parent=580489"}],"wp:term":[{"taxonomy":"category","embeddable":true,"href":"https:\/\/diariodominicano.com\/index.php?rest_route=%2Fwp%2Fv2%2Fcategories&post=580489"},{"taxonomy":"post_tag","embeddable":true,"href":"https:\/\/diariodominicano.com\/index.php?rest_route=%2Fwp%2Fv2%2Ftags&post=580489"}],"curies":[{"name":"wp","href":"https:\/\/api.w.org\/{rel}","templated":true}]}}