{"id":580437,"date":"2024-12-05T18:36:28","date_gmt":"2024-12-05T22:36:28","guid":{"rendered":"https:\/\/diariodominicano.com\/?p=580437"},"modified":"2024-12-05T18:36:37","modified_gmt":"2024-12-05T22:36:37","slug":"gobierno-de-mexico-busca-acuerdo-con-trump-para-retorno-de-migrantes-a-paises-de-origen-directamente","status":"publish","type":"post","link":"https:\/\/diariodominicano.com\/?p=580437","title":{"rendered":"Gobierno de M\u00e9xico busca acuerdo con Trump para retorno de migrantes a pa\u00edses de origen directamente"},"content":{"rendered":"\n<p>diariodominicano.com<\/p>\n\n\n\n<p>M\u00c9XICO, 5 dic (Xinhua) &#8212; La presidenta de M\u00e9xico, Claudia Sheinbaum, inform\u00f3 hoy jueves que espera llegar a un acuerdo con la futura administraci\u00f3n de Donald Trump, quien asumir\u00e1 la Presidencia de Estados Unidos el 20 de enero de 2025, para garantizar que los migrantes deportados sean enviados a sus pa\u00edses de origen directamente, en respuesta a las probables pol\u00edticas migratorias que implementar\u00e1 el republicano. Durante su habitual conferencia de prensa matutina, Sheinbaum dijo que actualmente existe un convenio con la administraci\u00f3n estadounidense de Joe Baden, en el que muchos de los migrantes son enviados a sus pa\u00edses de origen de manera directa o con ayuda de M\u00e9xico, cuando as\u00ed se requiere. . \u00abEsperamos tener un acuerdo con la administraci\u00f3n Trump, en caso de que haya estas deportaciones (masivas anunciadas por el presidente electo), para que ellos tambi\u00e9n env\u00eden a sus pa\u00edses de origen a las personas que vienen de otros pa\u00edses\u00bb, expres\u00f3 la mandataria. \u00abHay un acuerdo con la administraci\u00f3n del presidente Biden donde, para muchas de las nacionalidades, ellos directamente los env\u00edan v\u00eda a\u00e9rea a sus pa\u00edses de origen. Ah\u00ed, donde no tienen una relaci\u00f3n directa, hay un acuerdo tambi\u00e9n para que contribuyan, desde M\u00e9xico, a enviar a las personas a sus pa\u00edses de origen\u00bb, agreg\u00f3. Sheinbaum subray\u00f3 que, si bien M\u00e9xico mantiene una pol\u00edtica solidaria hacia los migrantes, la prioridad es preparar al pa\u00eds para recibir a los connacionales en caso de un retorno masivo. La presidenta inform\u00f3 que la Secretar\u00eda (ministerio) de Gobernaci\u00f3n (Interior) convocar\u00e1 a los gobernadores de los estados de Baja California, Sonora, Chihuahua, Nuevo Le\u00f3n y Tamaulipas, que limitar\u00e1n con Estados Unidos, para ponerse de \u00abacuerdo en c\u00f3mo recibir a nuestros paisanos y paisanas en caso de que haya una deportaci\u00f3n masiva\u00bb. Trump ha reiterado que cuando asuma la Presidencia de Estados Unidos implementar\u00e1 un agresivo plan de deportaci\u00f3n masiva ante la falta de una estrategia mexicana para frenar el fen\u00f3meno migratorio al pa\u00eds del norte, desde su punto de vista.<\/p>\n","protected":false},"excerpt":{"rendered":"<p>diariodominicano.com M\u00c9XICO, 5 dic (Xinhua) &#8212; La presidenta de M\u00e9xico, Claudia Sheinbaum, inform\u00f3 hoy jueves que espera llegar a un acuerdo con la futura administraci\u00f3n de Donald Trump, quien asumir\u00e1 la Presidencia de Estados Unidos el 20 de enero de 2025, para garantizar que los migrantes deportados sean enviados a sus pa\u00edses de origen directamente, [&hellip;]<\/p>\n","protected":false},"author":5,"featured_media":580439,"comment_status":"closed","ping_status":"closed","sticky":true,"template":"","format":"standard","meta":{"footnotes":""},"categories":[23,27],"tags":[],"class_list":["post-580437","post","type-post","status-publish","format-standard","has-post-thumbnail","hentry","category-internacional","category-portada"],"_links":{"self":[{"href":"https:\/\/diariodominicano.com\/index.php?rest_route=\/wp\/v2\/posts\/580437","targetHints":{"allow":["GET"]}}],"collection":[{"href":"https:\/\/diariodominicano.com\/index.php?rest_route=\/wp\/v2\/posts"}],"about":[{"href":"https:\/\/diariodominicano.com\/index.php?rest_route=\/wp\/v2\/types\/post"}],"author":[{"embeddable":true,"href":"https:\/\/diariodominicano.com\/index.php?rest_route=\/wp\/v2\/users\/5"}],"replies":[{"embeddable":true,"href":"https:\/\/diariodominicano.com\/index.php?rest_route=%2Fwp%2Fv2%2Fcomments&post=580437"}],"version-history":[{"count":1,"href":"https:\/\/diariodominicano.com\/index.php?rest_route=\/wp\/v2\/posts\/580437\/revisions"}],"predecessor-version":[{"id":580440,"href":"https:\/\/diariodominicano.com\/index.php?rest_route=\/wp\/v2\/posts\/580437\/revisions\/580440"}],"wp:featuredmedia":[{"embeddable":true,"href":"https:\/\/diariodominicano.com\/index.php?rest_route=\/wp\/v2\/media\/580439"}],"wp:attachment":[{"href":"https:\/\/diariodominicano.com\/index.php?rest_route=%2Fwp%2Fv2%2Fmedia&parent=580437"}],"wp:term":[{"taxonomy":"category","embeddable":true,"href":"https:\/\/diariodominicano.com\/index.php?rest_route=%2Fwp%2Fv2%2Fcategories&post=580437"},{"taxonomy":"post_tag","embeddable":true,"href":"https:\/\/diariodominicano.com\/index.php?rest_route=%2Fwp%2Fv2%2Ftags&post=580437"}],"curies":[{"name":"wp","href":"https:\/\/api.w.org\/{rel}","templated":true}]}}