{"id":58036,"date":"2020-10-30T14:15:54","date_gmt":"2020-10-30T14:15:54","guid":{"rendered":"http:\/\/diariodominicano.ddns.net\/?p=58036"},"modified":"2020-10-30T14:15:54","modified_gmt":"2020-10-30T14:15:54","slug":"ministerio-de-educacion-presenta-campana-todos-por-la-educacion","status":"publish","type":"post","link":"https:\/\/diariodominicano.com\/?p=58036","title":{"rendered":"Ministerio de Educaci\u00f3n presenta campa\u00f1a Todos por la Educaci\u00f3n"},"content":{"rendered":"<p><body><\/p>\n<p><img decoding=\"async\" src=\"img3\/Todos por la Educacion30-10-20.jpeg\" \/>  <\/p>\n<p><span class=\"text1noticias\">diariodominicano.com<\/span><\/p>\n<\/p>\n<p><span class=\"text1noticias\">Santo Domingo, R. D., 30 de octubre, 2020.- El Ministerio de Educaci\u00f3n present\u00f3 la ma\u00f1ana de este viernes la campa\u00f1a publicitaria \u00abTodos por la Educaci\u00f3n\u00bb.<\/span><\/p>\n<\/p>\n<p><span class=\"text1noticias\">Las piezas de televisi\u00f3n, banners para los medios digitales y escritos y un himno interpretado por Frank Ceara, evocan la emoci\u00f3n de toda la familia al sentirse parte de este proceso educativo, padres, madres, docentes y alumnos \u00abTodos por la Educaci\u00f3n\u00bb as\u00ed reza el slogan.<\/span><\/p>\n<\/p>\n<p><span class=\"text1noticias\">El ministro de Educaci\u00f3n, Roberto Fulcar, dijo que \u00abse acerca la hora del inicio del a\u00f1o escolar 2020-2021. Les digo que ser\u00e1 un gran viaje hacia la construcci\u00f3n de saberes, de ciudadan\u00eda. Este lunes la Rep\u00fablica se convierte en una gran escuela. Todos son la escuela y todos estamos comprometidos y todos debemos decir yo soy la escuela y yo soy la educaci\u00f3n.\u00bb<\/span><\/p>\n<\/p>\n<p><span class=\"text1noticias\"> La campa\u00f1a trae como sello de identidad frescura y el reflejo de la sociedad dominicana en tres piezas audiovisuales que recrean el ambiente de hogar-escuela que se vivir\u00e1 a partir del lunes 2 noviembre.<\/span><\/p>\n<\/p>\n<p><span class=\"text1noticias\">\u00abEs una campa\u00f1a org\u00e1nica y positiva. Nos va a ir muy bien, el pa\u00eds saldr\u00e1 fortalecido de esta tarea. Todos estamos comprometidos comenzando por nuestro presidente Lu\u00eds Abinader y la comunidad educativa nacional\u00bb. Dijo el ministro Furcal.<\/span><\/p>\n<\/p>\n<p><span class=\"text1noticias\">La campa\u00f1a llama a la creatividad, la resiliencia, la cooperaci\u00f3n en amor y entender que se trata de una situaci\u00f3n transitoria. Muestra a los maestros en sus aulas desde donde estar\u00e1n participando del proceso ense\u00f1anza-aprendizaje de sus alumnos, el cambio que la pandemia del COVID19 ha provocado en la educaci\u00f3n y la necesidad de la formaci\u00f3n a distancia de manera temporal.<\/span><\/p>\n<\/p>\n<p><span class=\"text1noticias\"> \u00abEstamos aprendiendo a aprender\u00bb es una de las frases de las piezas que recoge el esp\u00edritu de cada spot publicitario de la campa\u00f1a \u00abTodos por la Educaci\u00f3n\u00bb.<\/span><\/p>\n<\/p>\n<p><span class=\"text1noticias\">Fuente: Ministerio de Educaci\u00f3n<\/span><\/p>\n<p><span class=\"text1noticias\">Direcci\u00f3n de Comunicaci\u00f3n<\/span><\/p>\n<p><span class=\"text1noticias\">Ministerio Educaci\u00f3n Rep\u00fablica Dominicana <\/span><\/p>\n<p><span class=\"text1noticias\"> <\/span><\/p>\n<\/p>\n<h6> 2020-10-30 14:15:54 <\/h6>\n<p><!--\n<link rel=\"stylesheet\" href=\"css\/bootstrap.min.css\">\n\n\n<ul class=\"pagination\">\n\t    \n\t\n\n<li >\n\t<a href='?page_no=97'>Previous<\/a>\n\t<\/li>\n\n\n       \n    \n\n<li><a href='?page_no=1'>1<\/a><\/li>\n\n\n\n<li><a href='?page_no=2'>2<\/a><\/li>\n\n\n\n<li><a>...<\/a><\/li>\n\n\n\n<li><a href='?page_no=96'>96<\/a><\/li>\n\n\n\n<li><a href='?page_no=97'>97<\/a><\/li>\n\n\n\n<li class='active'><a>98<\/a><\/li>\n\n\n\n<li><a href='?page_no=99'>99<\/a><\/li>\n\n\n\n<li><a href='?page_no=100'>100<\/a><\/li>\n\n\n\n<li><a>...<\/a><\/li>\n\n\n\n<li><a href='?page_no=22911'>22911<\/a><\/li>\n\n\n\n<li><a href='?page_no=22912'>22912<\/a><\/li>\n\n    \n\t\n\n<li >\n\t<a href='?page_no=99'>Next<\/a>\n\t<\/li>\n\n\n    \n\n<li><a href='?page_no=22912'>Last &rsaquo;&rsaquo;<\/a><\/li>\n\n<\/ul>\n\n\n--><br \/>\n<\/body><\/p>\n","protected":false},"excerpt":{"rendered":"<p>diariodominicano.com Santo Domingo, R. D., 30 de octubre, 2020.- El Ministerio de Educaci\u00f3n present\u00f3 la ma\u00f1ana de este viernes la campa\u00f1a publicitaria \u00abTodos por la Educaci\u00f3n\u00bb. Las piezas de televisi\u00f3n, banners para los medios digitales y escritos y un himno interpretado por Frank Ceara, evocan la emoci\u00f3n de toda la familia al sentirse parte de [&hellip;]<\/p>\n","protected":false},"author":3,"featured_media":0,"comment_status":"open","ping_status":"open","sticky":false,"template":"","format":"standard","meta":{"footnotes":""},"categories":[21],"tags":[],"class_list":["post-58036","post","type-post","status-publish","format-standard","hentry","category-cultura"],"_links":{"self":[{"href":"https:\/\/diariodominicano.com\/index.php?rest_route=\/wp\/v2\/posts\/58036","targetHints":{"allow":["GET"]}}],"collection":[{"href":"https:\/\/diariodominicano.com\/index.php?rest_route=\/wp\/v2\/posts"}],"about":[{"href":"https:\/\/diariodominicano.com\/index.php?rest_route=\/wp\/v2\/types\/post"}],"author":[{"embeddable":true,"href":"https:\/\/diariodominicano.com\/index.php?rest_route=\/wp\/v2\/users\/3"}],"replies":[{"embeddable":true,"href":"https:\/\/diariodominicano.com\/index.php?rest_route=%2Fwp%2Fv2%2Fcomments&post=58036"}],"version-history":[{"count":0,"href":"https:\/\/diariodominicano.com\/index.php?rest_route=\/wp\/v2\/posts\/58036\/revisions"}],"wp:attachment":[{"href":"https:\/\/diariodominicano.com\/index.php?rest_route=%2Fwp%2Fv2%2Fmedia&parent=58036"}],"wp:term":[{"taxonomy":"category","embeddable":true,"href":"https:\/\/diariodominicano.com\/index.php?rest_route=%2Fwp%2Fv2%2Fcategories&post=58036"},{"taxonomy":"post_tag","embeddable":true,"href":"https:\/\/diariodominicano.com\/index.php?rest_route=%2Fwp%2Fv2%2Ftags&post=58036"}],"curies":[{"name":"wp","href":"https:\/\/api.w.org\/{rel}","templated":true}]}}