{"id":580330,"date":"2024-12-05T16:26:16","date_gmt":"2024-12-05T20:26:16","guid":{"rendered":"https:\/\/diariodominicano.com\/?p=580330"},"modified":"2024-12-05T16:29:47","modified_gmt":"2024-12-05T20:29:47","slug":"asociacion-de-periodistas-y-comunicadores-del-cibao-ofrecera-fiesta-navidena","status":"publish","type":"post","link":"https:\/\/diariodominicano.com\/?p=580330","title":{"rendered":"Asociaci\u00f3n de Periodistas y Comunicadores del Cibao Ofrecer\u00e1 Fiesta Navide\u00f1a"},"content":{"rendered":"\n<p>Por:\u00a0<strong>CARLOS RICARDO FONDEUR MORONTA<\/strong><\/p>\n\n\n\n<p>Santiago de los Caballeros. &#8211; Con una fiesta nacional en el municipio de Moca, la Asociaci\u00f3n de Periodistas y Comunicadores del Cibao (APCC) festejar\u00e1 a sus miembros con motivo de las navidades.<\/p>\n\n\n\n<p>El Licenciado Juan de Jes\u00fas Abreu, presidente de la entidad, anunci\u00f3 la celebraci\u00f3n de la fiesta Encuentro Nacional Navide\u00f1o, en el Club de los Mayoristas de Moca el pr\u00f3ximo domingo 15 de diciembre a las diez de la ma\u00f1ana, con almuerzo, bebidas, rifas, regalos, reconocimientos a los m\u00e1s destacados del a\u00f1o, por cada filial y la m\u00fasica de Jos\u00e9 Alberto, El Flaco de la Bachata.<\/p>\n\n\n\n<p>A trav\u00e9s de la Secretar\u00eda de Relaciones P\u00fablica de la APCC, Abreu invita a las filiares nacionales a participar en dicha actividad, donde se ofrecer\u00e1 un minuto de silencio en honor de los periodistas y comunicadores fallecidos durante el presente a\u00f1o. El acto, contar\u00e1 con la asistencia de periodistas invitados de los medios de comunicaci\u00f3n nacional e intelectuales del pa\u00eds.\u00a0<\/p>\n\n\n\n<p>Carlos Ricardo Fondeur Moronta<\/p>\n\n\n\n<p>Carlos Ricardo Fondeur Moronta (De tus contactos de Google)<\/p>\n\n\n\n<p><a href=\"mailto:carlosricardofondeurmoronta@gmail.com\" target=\"_blank\" rel=\"noreferrer noopener\">carlosricardofondeurmoronta@<\/a><\/p>\n\n\n\n<p>#Cibao\u2003\u2003\u2003 #Moca<\/p>\n","protected":false},"excerpt":{"rendered":"<p>Por:\u00a0CARLOS RICARDO FONDEUR MORONTA Santiago de los Caballeros. &#8211; Con una fiesta nacional en el municipio de Moca, la Asociaci\u00f3n de Periodistas y Comunicadores del Cibao (APCC) festejar\u00e1 a sus miembros con motivo de las navidades. El Licenciado Juan de Jes\u00fas Abreu, presidente de la entidad, anunci\u00f3 la celebraci\u00f3n de la fiesta Encuentro Nacional Navide\u00f1o, [&hellip;]<\/p>\n","protected":false},"author":28,"featured_media":580381,"comment_status":"closed","ping_status":"closed","sticky":true,"template":"","format":"standard","meta":{"footnotes":""},"categories":[36,25,27],"tags":[],"class_list":["post-580330","post","type-post","status-publish","format-standard","has-post-thumbnail","hentry","category-hombresmujeresycosas","category-gente","category-portada"],"_links":{"self":[{"href":"https:\/\/diariodominicano.com\/index.php?rest_route=\/wp\/v2\/posts\/580330","targetHints":{"allow":["GET"]}}],"collection":[{"href":"https:\/\/diariodominicano.com\/index.php?rest_route=\/wp\/v2\/posts"}],"about":[{"href":"https:\/\/diariodominicano.com\/index.php?rest_route=\/wp\/v2\/types\/post"}],"author":[{"embeddable":true,"href":"https:\/\/diariodominicano.com\/index.php?rest_route=\/wp\/v2\/users\/28"}],"replies":[{"embeddable":true,"href":"https:\/\/diariodominicano.com\/index.php?rest_route=%2Fwp%2Fv2%2Fcomments&post=580330"}],"version-history":[{"count":3,"href":"https:\/\/diariodominicano.com\/index.php?rest_route=\/wp\/v2\/posts\/580330\/revisions"}],"predecessor-version":[{"id":580386,"href":"https:\/\/diariodominicano.com\/index.php?rest_route=\/wp\/v2\/posts\/580330\/revisions\/580386"}],"wp:featuredmedia":[{"embeddable":true,"href":"https:\/\/diariodominicano.com\/index.php?rest_route=\/wp\/v2\/media\/580381"}],"wp:attachment":[{"href":"https:\/\/diariodominicano.com\/index.php?rest_route=%2Fwp%2Fv2%2Fmedia&parent=580330"}],"wp:term":[{"taxonomy":"category","embeddable":true,"href":"https:\/\/diariodominicano.com\/index.php?rest_route=%2Fwp%2Fv2%2Fcategories&post=580330"},{"taxonomy":"post_tag","embeddable":true,"href":"https:\/\/diariodominicano.com\/index.php?rest_route=%2Fwp%2Fv2%2Ftags&post=580330"}],"curies":[{"name":"wp","href":"https:\/\/api.w.org\/{rel}","templated":true}]}}