{"id":580322,"date":"2024-12-05T11:52:06","date_gmt":"2024-12-05T15:52:06","guid":{"rendered":"https:\/\/diariodominicano.com\/?p=580322"},"modified":"2024-12-05T11:52:16","modified_gmt":"2024-12-05T15:52:16","slug":"macron-aprueba-dimision-de-gobierno-de-barnier","status":"publish","type":"post","link":"https:\/\/diariodominicano.com\/?p=580322","title":{"rendered":"Macron aprueba dimisi\u00f3n de Gobierno de Barnier"},"content":{"rendered":"\n<p>diariodominicano.com<\/p>\n\n\n\n<p>PAR\u00cdS, 5 dic (Xinhua) &#8212; El presidente de Francia, Emmanuel Macron, aprob\u00f3 hoy jueves la dimisi\u00f3n del Gobierno encabezado por el primer ministro, Michel Barnier, destituido previamente en una moci\u00f3n de censura en el Parlamento. Mientras espera la formaci\u00f3n de un nuevo Gobierno, Macron pidi\u00f3 a Barnier que encabece un Gobierno provisional que se encargue de los asuntos diarios, dijo el El\u00edseo en un comunicado de prensa. \u00abEl primer ministro present\u00f3 hoy la dimisi\u00f3n de su Gobierno al presidente de la Rep\u00fablica, quien tom\u00f3 nota de ello\u00bb, agreg\u00f3 el comunicado.<\/p>\n","protected":false},"excerpt":{"rendered":"<p>diariodominicano.com PAR\u00cdS, 5 dic (Xinhua) &#8212; El presidente de Francia, Emmanuel Macron, aprob\u00f3 hoy jueves la dimisi\u00f3n del Gobierno encabezado por el primer ministro, Michel Barnier, destituido previamente en una moci\u00f3n de censura en el Parlamento. Mientras espera la formaci\u00f3n de un nuevo Gobierno, Macron pidi\u00f3 a Barnier que encabece un Gobierno provisional que se [&hellip;]<\/p>\n","protected":false},"author":5,"featured_media":580323,"comment_status":"closed","ping_status":"closed","sticky":true,"template":"","format":"standard","meta":{"footnotes":""},"categories":[23,27],"tags":[],"class_list":["post-580322","post","type-post","status-publish","format-standard","has-post-thumbnail","hentry","category-internacional","category-portada"],"_links":{"self":[{"href":"https:\/\/diariodominicano.com\/index.php?rest_route=\/wp\/v2\/posts\/580322","targetHints":{"allow":["GET"]}}],"collection":[{"href":"https:\/\/diariodominicano.com\/index.php?rest_route=\/wp\/v2\/posts"}],"about":[{"href":"https:\/\/diariodominicano.com\/index.php?rest_route=\/wp\/v2\/types\/post"}],"author":[{"embeddable":true,"href":"https:\/\/diariodominicano.com\/index.php?rest_route=\/wp\/v2\/users\/5"}],"replies":[{"embeddable":true,"href":"https:\/\/diariodominicano.com\/index.php?rest_route=%2Fwp%2Fv2%2Fcomments&post=580322"}],"version-history":[{"count":1,"href":"https:\/\/diariodominicano.com\/index.php?rest_route=\/wp\/v2\/posts\/580322\/revisions"}],"predecessor-version":[{"id":580324,"href":"https:\/\/diariodominicano.com\/index.php?rest_route=\/wp\/v2\/posts\/580322\/revisions\/580324"}],"wp:featuredmedia":[{"embeddable":true,"href":"https:\/\/diariodominicano.com\/index.php?rest_route=\/wp\/v2\/media\/580323"}],"wp:attachment":[{"href":"https:\/\/diariodominicano.com\/index.php?rest_route=%2Fwp%2Fv2%2Fmedia&parent=580322"}],"wp:term":[{"taxonomy":"category","embeddable":true,"href":"https:\/\/diariodominicano.com\/index.php?rest_route=%2Fwp%2Fv2%2Fcategories&post=580322"},{"taxonomy":"post_tag","embeddable":true,"href":"https:\/\/diariodominicano.com\/index.php?rest_route=%2Fwp%2Fv2%2Ftags&post=580322"}],"curies":[{"name":"wp","href":"https:\/\/api.w.org\/{rel}","templated":true}]}}