{"id":580298,"date":"2024-12-05T11:30:32","date_gmt":"2024-12-05T15:30:32","guid":{"rendered":"https:\/\/diariodominicano.com\/?p=580298"},"modified":"2024-12-05T11:33:11","modified_gmt":"2024-12-05T15:33:11","slug":"cancilleria-pide-a-jamaicanos-respetar-leyes-migratorias-foraneas","status":"publish","type":"post","link":"https:\/\/diariodominicano.com\/?p=580298","title":{"rendered":"Canciller\u00eda de Jamaica pide a jamaicanos respetar leyes migratorias for\u00e1neas"},"content":{"rendered":"\n<p>diariodominicano.com<\/p>\n\n\n\n<p>Kingston, 5 dic (Prensa Latina) El Ministerio de Relaciones Exteriores y Comercio Exterior de Jamaica pidi\u00f3 hoy a sus ciudadanos respetar y cumplir con las leyes de inmigraci\u00f3n de los pa\u00edses que visitan.<\/p>\n\n\n\n<p>La Canciller\u00eda aconsej\u00f3 a los viajeros que se aseguren de cumplir con todos los requisitos de entrada antes de embarcarse en viajes para evitar complicaciones como la detenci\u00f3n o la deportaci\u00f3n, adem\u00e1s de hacerlo de manera segura.<\/p>\n\n\n\n<p>Esta cartera alent\u00f3 a los jamaicanos a abstenerse de entrar de manera ilegal a Estados Unidos, precis\u00f3 el diario digital Jamaica Observer.<\/p>\n\n\n\n<p>Lamentamos recordar que el Gobierno de Jamaica no puede insistir en que ning\u00fan estado permita que los no nacionales ingresen a ese estado.<\/p>\n\n\n\n<p>\u00abNing\u00fan ciudadano tiene derecho a entrar en otro pa\u00eds que no sea el suyo. Por lo tanto, solo podemos trabajar para prevenir la contravenci\u00f3n de los derechos fundamentales, en particular en t\u00e9rminos de detenci\u00f3n ilegal o malos tratos\u00bb, aclar\u00f3 la Canciller\u00eda.<\/p>\n\n\n\n<p>Tambi\u00e9n se alienta a los viajeros a mantenerse actualizados sobre las tendencias de inmigraci\u00f3n en los pa\u00edses que desean visitar, para que puedan tomar las mejores decisiones, recomend\u00f3 el ministerio de Relaciones Exteriores y Comercio Exterior de Jamaica.<\/p>\n\n\n\n<p>La ministra de<strong>\u00a0Relaciones Exteriores y Comercio Exterior de Jamaica<\/strong> es \u00a0<strong>Kamina Johnson Smith<\/strong>,  abogada de profesi\u00f3n, con aproximadamente 15 a\u00f1os de experiencia en el Colegio de Abogados de Jamaica. En 2014 abri\u00f3 su propio bufete de abogados, despu\u00e9s de desempe\u00f1arse como Secretaria de la Compa\u00f1\u00eda y Jefa de Asuntos Corporativos y Proyectos (Asuntos Jur\u00eddicos) de Cable &amp; Wireless Jamaica Limited. En diciembre de 2009 Johnson Smith fue designada Senadora del Gobierno<\/p>\n\n\n\n<p>mem\/joe<\/p>\n","protected":false},"excerpt":{"rendered":"<p>diariodominicano.com Kingston, 5 dic (Prensa Latina) El Ministerio de Relaciones Exteriores y Comercio Exterior de Jamaica pidi\u00f3 hoy a sus ciudadanos respetar y cumplir con las leyes de inmigraci\u00f3n de los pa\u00edses que visitan. La Canciller\u00eda aconsej\u00f3 a los viajeros que se aseguren de cumplir con todos los requisitos de entrada antes de embarcarse en [&hellip;]<\/p>\n","protected":false},"author":5,"featured_media":580302,"comment_status":"closed","ping_status":"closed","sticky":true,"template":"","format":"standard","meta":{"footnotes":""},"categories":[23,27],"tags":[],"class_list":["post-580298","post","type-post","status-publish","format-standard","has-post-thumbnail","hentry","category-internacional","category-portada"],"_links":{"self":[{"href":"https:\/\/diariodominicano.com\/index.php?rest_route=\/wp\/v2\/posts\/580298","targetHints":{"allow":["GET"]}}],"collection":[{"href":"https:\/\/diariodominicano.com\/index.php?rest_route=\/wp\/v2\/posts"}],"about":[{"href":"https:\/\/diariodominicano.com\/index.php?rest_route=\/wp\/v2\/types\/post"}],"author":[{"embeddable":true,"href":"https:\/\/diariodominicano.com\/index.php?rest_route=\/wp\/v2\/users\/5"}],"replies":[{"embeddable":true,"href":"https:\/\/diariodominicano.com\/index.php?rest_route=%2Fwp%2Fv2%2Fcomments&post=580298"}],"version-history":[{"count":2,"href":"https:\/\/diariodominicano.com\/index.php?rest_route=\/wp\/v2\/posts\/580298\/revisions"}],"predecessor-version":[{"id":580306,"href":"https:\/\/diariodominicano.com\/index.php?rest_route=\/wp\/v2\/posts\/580298\/revisions\/580306"}],"wp:featuredmedia":[{"embeddable":true,"href":"https:\/\/diariodominicano.com\/index.php?rest_route=\/wp\/v2\/media\/580302"}],"wp:attachment":[{"href":"https:\/\/diariodominicano.com\/index.php?rest_route=%2Fwp%2Fv2%2Fmedia&parent=580298"}],"wp:term":[{"taxonomy":"category","embeddable":true,"href":"https:\/\/diariodominicano.com\/index.php?rest_route=%2Fwp%2Fv2%2Fcategories&post=580298"},{"taxonomy":"post_tag","embeddable":true,"href":"https:\/\/diariodominicano.com\/index.php?rest_route=%2Fwp%2Fv2%2Ftags&post=580298"}],"curies":[{"name":"wp","href":"https:\/\/api.w.org\/{rel}","templated":true}]}}