{"id":580266,"date":"2024-12-05T00:39:13","date_gmt":"2024-12-05T04:39:13","guid":{"rendered":"https:\/\/diariodominicano.com\/?p=580266"},"modified":"2024-12-05T00:39:18","modified_gmt":"2024-12-05T04:39:18","slug":"rinden-homenaje-a-fidel-castro-en-santiago-de-cuba-fotos","status":"publish","type":"post","link":"https:\/\/diariodominicano.com\/?p=580266","title":{"rendered":"Rinden homenaje a Fidel Castro en Santiago de Cuba (+Fotos)"},"content":{"rendered":"\n<p>Santiago de Cuba, 4 dic (Prensa Latina) El pueblo de Cuba rinde homenaje hoy al l\u00edder hist\u00f3rico de la Revoluci\u00f3n, Fidel Castro Ruz, con la colocaci\u00f3n de una ofrenda floral ante el monolito que resguarda sus cenizas, en esta ciudad.<\/p>\n\n\n\n<ul class=\"wp-block-list\">\n<li><a href=\"https:\/\/www.prensa-latina.cu\/2024\/12\/04\/\"><time>diciembre 4, 2024 | 10:49<\/time><\/a><\/li>\n<\/ul>\n\n\n\n<ul class=\"wp-block-list\">\n<li>Fotos: Yugdanis Vicet G\u00f3mez<\/li>\n<\/ul>\n\n\n\n<ul class=\"wp-block-list\">\n<li><a href=\"https:\/\/www.prensa-latina.cu\/2024\/12\/04\/rinden-homenaje-a-fidel-castro-en-santiago-de-cuba\/#\"><\/a><\/li>\n\n\n\n<li><a href=\"https:\/\/www.prensa-latina.cu\/2024\/12\/04\/rinden-homenaje-a-fidel-castro-en-santiago-de-cuba\/#\"><\/a><\/li>\n\n\n\n<li><a href=\"https:\/\/www.prensa-latina.cu\/2024\/12\/04\/rinden-homenaje-a-fidel-castro-en-santiago-de-cuba\/#\"><\/a><\/li>\n\n\n\n<li><a href=\"https:\/\/www.prensa-latina.cu\/2024\/12\/04\/rinden-homenaje-a-fidel-castro-en-santiago-de-cuba\/#\"><\/a><\/li>\n<\/ul>\n\n\n\n<p>A ochos a\u00f1os de sus honras f\u00fanebres, presidieron el tributo en Santa Ifigenia, Beatriz Johnson, primera secretaria del Partido Comunista de Cuba en la provincia, Manuel Falc\u00f3n, Gobernador y las m\u00e1ximas autoridades de las Fuerzas Armadas Revolucionarias y el Ministerio del Interior en Santiago de Cuba.<\/p>\n\n\n\n<figure class=\"wp-block-image\"><img decoding=\"async\" src=\"https:\/\/www.prensa-latina.cu\/wp-content\/uploads\/2024\/12\/fidel4.jpg\" alt=\"\" class=\"wp-image-1397325\"\/><\/figure>\n\n\n\n<p>Flores blancas como s\u00edmbolo de paz y pureza adornan el monumento funerario de Fidel, \u00fanica tumba en el campo santo, que no tiene epitafio, fecha de nacimiento ni de muerte, porque el Comandante en Jefe vive en el coraz\u00f3n de los cubanos, y su ejemplo contin\u00faa haciendo los caminos de la Revoluci\u00f3n.<\/p>\n\n\n\n<figure class=\"wp-block-image\"><img decoding=\"async\" src=\"https:\/\/www.prensa-latina.cu\/wp-content\/uploads\/2024\/12\/fidel5.jpg\" alt=\"\" class=\"wp-image-1397324\"\/><\/figure>\n\n\n\n<p>Todo el pueblo de Cuba estuvo representado en los santiagueros, quienes en multitudinaria peregrinaci\u00f3n por la avenida Patria, llegaron a Santa Ifigenia para reeditar el postrer tributo a Fidel cuando acompa\u00f1aron sus cenizas el 4 de diciembre de 2016.<\/p>\n\n\n\n<figure class=\"wp-block-image\"><img decoding=\"async\" src=\"https:\/\/www.prensa-latina.cu\/wp-content\/uploads\/2024\/12\/fidel3.jpg\" alt=\"\" class=\"wp-image-1397323\"\/><\/figure>\n\n\n\n<p>El hist\u00f3rico l\u00edder falleci\u00f3 el 25 de noviembre de 2016 a los 90 a\u00f1os de edad, legando a Cuba y al mundo su ideal de justicia social.<\/p>\n\n\n\n<figure class=\"wp-block-image\"><img decoding=\"async\" src=\"https:\/\/www.prensa-latina.cu\/wp-content\/uploads\/2024\/12\/fidel1.jpg\" alt=\"\" class=\"wp-image-1397321\"\/><\/figure>\n\n\n\n<p>jcm\/yvg<\/p>\n\n\n\n<ul class=\"wp-block-list\">\n<li>#<a href=\"https:\/\/www.prensa-latina.cu\/etiqueta\/cuba\/\">cuba<\/a>\u00a0#<a href=\"https:\/\/www.prensa-latina.cu\/etiqueta\/fidel\/\">fidel<\/a>\u00a0#<a href=\"https:\/\/www.prensa-latina.cu\/etiqueta\/homenaje\/\">homenaje<\/a><\/li>\n<\/ul>\n","protected":false},"excerpt":{"rendered":"<p>Santiago de Cuba, 4 dic (Prensa Latina) El pueblo de Cuba rinde homenaje hoy al l\u00edder hist\u00f3rico de la Revoluci\u00f3n, Fidel Castro Ruz, con la colocaci\u00f3n de una ofrenda floral ante el monolito que resguarda sus cenizas, en esta ciudad. A ochos a\u00f1os de sus honras f\u00fanebres, presidieron el tributo en Santa Ifigenia, Beatriz Johnson, [&hellip;]<\/p>\n","protected":false},"author":28,"featured_media":580267,"comment_status":"closed","ping_status":"closed","sticky":true,"template":"","format":"standard","meta":{"footnotes":""},"categories":[26,23],"tags":[],"class_list":["post-580266","post","type-post","status-publish","format-standard","has-post-thumbnail","hentry","category-efemerides","category-internacional"],"_links":{"self":[{"href":"https:\/\/diariodominicano.com\/index.php?rest_route=\/wp\/v2\/posts\/580266","targetHints":{"allow":["GET"]}}],"collection":[{"href":"https:\/\/diariodominicano.com\/index.php?rest_route=\/wp\/v2\/posts"}],"about":[{"href":"https:\/\/diariodominicano.com\/index.php?rest_route=\/wp\/v2\/types\/post"}],"author":[{"embeddable":true,"href":"https:\/\/diariodominicano.com\/index.php?rest_route=\/wp\/v2\/users\/28"}],"replies":[{"embeddable":true,"href":"https:\/\/diariodominicano.com\/index.php?rest_route=%2Fwp%2Fv2%2Fcomments&post=580266"}],"version-history":[{"count":1,"href":"https:\/\/diariodominicano.com\/index.php?rest_route=\/wp\/v2\/posts\/580266\/revisions"}],"predecessor-version":[{"id":580268,"href":"https:\/\/diariodominicano.com\/index.php?rest_route=\/wp\/v2\/posts\/580266\/revisions\/580268"}],"wp:featuredmedia":[{"embeddable":true,"href":"https:\/\/diariodominicano.com\/index.php?rest_route=\/wp\/v2\/media\/580267"}],"wp:attachment":[{"href":"https:\/\/diariodominicano.com\/index.php?rest_route=%2Fwp%2Fv2%2Fmedia&parent=580266"}],"wp:term":[{"taxonomy":"category","embeddable":true,"href":"https:\/\/diariodominicano.com\/index.php?rest_route=%2Fwp%2Fv2%2Fcategories&post=580266"},{"taxonomy":"post_tag","embeddable":true,"href":"https:\/\/diariodominicano.com\/index.php?rest_route=%2Fwp%2Fv2%2Ftags&post=580266"}],"curies":[{"name":"wp","href":"https:\/\/api.w.org\/{rel}","templated":true}]}}