{"id":580256,"date":"2024-12-05T00:29:29","date_gmt":"2024-12-05T04:29:29","guid":{"rendered":"https:\/\/diariodominicano.com\/?p=580256"},"modified":"2024-12-05T00:29:34","modified_gmt":"2024-12-05T04:29:34","slug":"parlatino-honra-a-sus-fundadores-con-unidad-en-la-diversidad-fotos","status":"publish","type":"post","link":"https:\/\/diariodominicano.com\/?p=580256","title":{"rendered":"Parlatino honra a sus fundadores con unidad en la diversidad (+Fotos)"},"content":{"rendered":"\n<p>Ciudad de Panam\u00e1, 4 dic (Prensa Latina) El presidente de Parlatino, Rolando Gonz\u00e1lez, asever\u00f3 hoy que, a 60 a\u00f1os de su creaci\u00f3n, el legislativo honra a sus fundadores con m\u00e1s unidad y pol\u00edticas que impulsan la paz y el desarrollo.<\/p>\n\n\n\n<ul class=\"wp-block-list\">\n<li><a href=\"https:\/\/www.prensa-latina.cu\/2024\/12\/04\/\"><time>diciembre 4, 2024 | 14:47<\/time><\/a><\/li>\n<\/ul>\n\n\n\n<ul class=\"wp-block-list\">\n<li><a href=\"https:\/\/www.prensa-latina.cu\/2024\/12\/04\/parlatino-honra-a-sus-fundadores-con-unidad-en-la-diversidad\/#\"><\/a><\/li>\n\n\n\n<li><a href=\"https:\/\/www.prensa-latina.cu\/2024\/12\/04\/parlatino-honra-a-sus-fundadores-con-unidad-en-la-diversidad\/#\"><\/a><\/li>\n\n\n\n<li><a href=\"https:\/\/www.prensa-latina.cu\/2024\/12\/04\/parlatino-honra-a-sus-fundadores-con-unidad-en-la-diversidad\/#\"><\/a><\/li>\n\n\n\n<li><a href=\"https:\/\/www.prensa-latina.cu\/2024\/12\/04\/parlatino-honra-a-sus-fundadores-con-unidad-en-la-diversidad\/#\"><\/a><\/li>\n<\/ul>\n\n\n\n<p>Al dejar inaugurada la 38 Asamblea Ordinaria y Conmemorativa del Parlamento Latinoamericano y Caribe\u00f1o (Parlatino), con sede en Panam\u00e1 desde 2008, Gonz\u00e1lez asever\u00f3 que m\u00e1s all\u00e1 de la fecha del 10 de diciembre de 1964 y los primeros pasos del organismo, la obra de los precursores Andr\u00e9s Townsend (Per\u00fa), Nelson Carneiro (Brasil) y Luis Le\u00f3n (Argentina) se ha multiplicado.<\/p>\n\n\n\n<figure class=\"wp-block-image\"><img decoding=\"async\" src=\"https:\/\/www.prensa-latina.cu\/wp-content\/uploads\/2024\/12\/Parlatino.jpeg\" alt=\"Parlatino\" class=\"wp-image-1397848\"\/><\/figure>\n\n\n\n<p>En ese sentido mencion\u00f3 la aprobaci\u00f3n de m\u00e1s de 100 leyes modelos en esferas claves de las 23 naciones miembros, una mayor presencia de la mujer entre los legisladores y de fomentar iniciativas que contribuyeron al surgimiento de otros mecanismos integracionistas como la Comunidad de Estados Latinoamericanos y Caribe\u00f1os (Celac), constituida en Caracas en febrero de 2010.<\/p>\n\n\n\n<p>En ese sentido, el diputado cubano afirm\u00f3 que la sesi\u00f3n solemne de Parlatino se prestigi\u00f3 con la presencia de la mandataria de Honduras, Xiomara Castro, que ocupa la presidencia prot\u00e9mpore de Celac, quien tuvo a su cargo una conferencia magistral sobre los actuales desaf\u00edos pol\u00edticos, econ\u00f3micos, sociales y ambientales en la regi\u00f3n.<\/p>\n\n\n\n<p>En su comparecencia, Castro enfatiz\u00f3 precisamente en la urgencia de mayor integraci\u00f3n para enfrentar corrientes neofascistas y las asonadas golpistas que amenazan a los pa\u00edses en forma de manipulaci\u00f3n medi\u00e1tica, sometimientos de f\u00f3rmulas neoliberales o bloqueos inhumanos como el impuesto por Estados Unidos a Cuba, Nicaragua y Venezuela, que conden\u00f3 en\u00e9rgicamente.<\/p>\n\n\n\n<figure class=\"wp-block-image\"><img decoding=\"async\" src=\"https:\/\/www.prensa-latina.cu\/wp-content\/uploads\/2024\/12\/Parlatino-Xiomara-Castro.jpeg\" alt=\"Parlatino Xiomara Castro\" class=\"wp-image-1397847\"\/><\/figure>\n\n\n\n<p>En torno a situaciones de conflicto y violencia como las que sufre el pueblo de Hait\u00ed, inst\u00f3 a constituir un Fondo de Emergencia con el aporte de todas las naciones de la regi\u00f3n, que atienda la crisis humanitaria y contribuya a una reconstrucci\u00f3n institucional que represente al Gobierno y pueblo de esa naci\u00f3n caribe\u00f1a.<\/p>\n\n\n\n<p>La 38 Asamblea, a la que asisti\u00f3 el canciller paname\u00f1o Javier Mart\u00ednez- Acha y la presidenta de la Asamblea Nacional (parlamento) Dana Casta\u00f1eda, cont\u00f3 adem\u00e1s con una intervenci\u00f3n especial del coordinador subregional de la FAO para Mesoam\u00e9rica y su representante en Panam\u00e1 y Costa Rica, Adoniram S\u00e1nches.<\/p>\n\n\n\n<p>El experto alab\u00f3 logros en m\u00e1s de 15 a\u00f1os de una alianza de la Organizaci\u00f3n de Naciones Unidas para la Alimentaci\u00f3n y la Agricultura ( FAO) con Parlatino, entre los que sobresale la creaci\u00f3n del Frente Parlamentario contra el Hambre en Am\u00e9rica Latina y el Caribe, red plural que ha promovido mas de 50 leyes a favor de ese Objetivo de Desarrollo Sostenible.<\/p>\n\n\n\n<p>En la cita se estamp\u00f3 un sello Postal Conmemorativo y una placa alusivos a la fecha de constituci\u00f3n del Parlatino, adem\u00e1s rindieron tributo p\u00f3stumo a l\u00edderes como Humberto Pel\u00e1ez (Colombia), Luis Rubeo ( Argentina) y los uruguayos Daysi Tourn\u00e9 y Juan Adolfo Singer, en reconocimiento a su valioso legado en la promoci\u00f3n de la integraci\u00f3n.<\/p>\n\n\n\n<p>Para ma\u00f1ana jueves la agenda de la XXXVIII Asamblea Ordinaria prev\u00e9 la aprobaci\u00f3n de leyes modelos y la elecci\u00f3n de autoridades para el periodo 2024-2026.<\/p>\n\n\n\n<p>Fundado el 10 de diciembre de 1964 en Lima, Per\u00fa, el Parlatino se estableci\u00f3 con el prop\u00f3sito de promover la integraci\u00f3n regional, la paz y el desarrollo de los pueblos.<\/p>\n\n\n\n<p>mem\/ga<\/p>\n\n\n\n<ul class=\"wp-block-list\">\n<li>#<a href=\"https:\/\/www.prensa-latina.cu\/etiqueta\/parlatino\/\">parlatino<\/a>\u00a0#<a href=\"https:\/\/www.prensa-latina.cu\/etiqueta\/paz\/\">paz<\/a><\/li>\n<\/ul>\n","protected":false},"excerpt":{"rendered":"<p>Ciudad de Panam\u00e1, 4 dic (Prensa Latina) El presidente de Parlatino, Rolando Gonz\u00e1lez, asever\u00f3 hoy que, a 60 a\u00f1os de su creaci\u00f3n, el legislativo honra a sus fundadores con m\u00e1s unidad y pol\u00edticas que impulsan la paz y el desarrollo. Al dejar inaugurada la 38 Asamblea Ordinaria y Conmemorativa del Parlamento Latinoamericano y Caribe\u00f1o (Parlatino), [&hellip;]<\/p>\n","protected":false},"author":28,"featured_media":580257,"comment_status":"closed","ping_status":"closed","sticky":true,"template":"","format":"standard","meta":{"footnotes":""},"categories":[26,23],"tags":[],"class_list":["post-580256","post","type-post","status-publish","format-standard","has-post-thumbnail","hentry","category-efemerides","category-internacional"],"_links":{"self":[{"href":"https:\/\/diariodominicano.com\/index.php?rest_route=\/wp\/v2\/posts\/580256","targetHints":{"allow":["GET"]}}],"collection":[{"href":"https:\/\/diariodominicano.com\/index.php?rest_route=\/wp\/v2\/posts"}],"about":[{"href":"https:\/\/diariodominicano.com\/index.php?rest_route=\/wp\/v2\/types\/post"}],"author":[{"embeddable":true,"href":"https:\/\/diariodominicano.com\/index.php?rest_route=\/wp\/v2\/users\/28"}],"replies":[{"embeddable":true,"href":"https:\/\/diariodominicano.com\/index.php?rest_route=%2Fwp%2Fv2%2Fcomments&post=580256"}],"version-history":[{"count":1,"href":"https:\/\/diariodominicano.com\/index.php?rest_route=\/wp\/v2\/posts\/580256\/revisions"}],"predecessor-version":[{"id":580258,"href":"https:\/\/diariodominicano.com\/index.php?rest_route=\/wp\/v2\/posts\/580256\/revisions\/580258"}],"wp:featuredmedia":[{"embeddable":true,"href":"https:\/\/diariodominicano.com\/index.php?rest_route=\/wp\/v2\/media\/580257"}],"wp:attachment":[{"href":"https:\/\/diariodominicano.com\/index.php?rest_route=%2Fwp%2Fv2%2Fmedia&parent=580256"}],"wp:term":[{"taxonomy":"category","embeddable":true,"href":"https:\/\/diariodominicano.com\/index.php?rest_route=%2Fwp%2Fv2%2Fcategories&post=580256"},{"taxonomy":"post_tag","embeddable":true,"href":"https:\/\/diariodominicano.com\/index.php?rest_route=%2Fwp%2Fv2%2Ftags&post=580256"}],"curies":[{"name":"wp","href":"https:\/\/api.w.org\/{rel}","templated":true}]}}