{"id":580193,"date":"2024-12-04T22:44:21","date_gmt":"2024-12-05T02:44:21","guid":{"rendered":"https:\/\/diariodominicano.com\/?p=580193"},"modified":"2024-12-04T22:44:25","modified_gmt":"2024-12-05T02:44:25","slug":"dia-nacional-de-tailandia","status":"publish","type":"post","link":"https:\/\/diariodominicano.com\/?p=580193","title":{"rendered":"D\u00eda Nacional de Tailandia"},"content":{"rendered":"\n<p>ARCHIVO: Antony J. Blinken, Secretario de Estado<\/p>\n\n\n\n<p>En nombre de los Estados Unidos de Am\u00e9rica, felicito al Reino de Tailandia con motivo de la celebraci\u00f3n del D\u00eda Nacional de Tailandia.<\/p>\n\n\n\n<p>La duradera alianza entre Estados Unidos y Tailandia se basa en una relaci\u00f3n diplom\u00e1tica que se remonta a m\u00e1s de 190 a\u00f1os. Este a\u00f1o, convocamos el segundo Di\u00e1logo Estrat\u00e9gico y de Defensa entre Estados Unidos y Tailandia para implementar el Comunicado de ambos pa\u00edses sobre Alianza y Asociaci\u00f3n Estrat\u00e9gicas. Tambi\u00e9n dimos la bienvenida al nuevo gobierno de Tailandia y profundizamos nuestra relaci\u00f3n bilateral para acelerar el crecimiento econ\u00f3mico, abordar el cambio clim\u00e1tico, promover la salud mundial, fortalecer nuestra cooperaci\u00f3n en materia de seguridad, construir democracias inclusivas y promover los v\u00ednculos entre los pueblos. Nuestra asociaci\u00f3n fomenta la paz y la prosperidad en ambos pa\u00edses y juntos enfrentaremos los desaf\u00edos en la regi\u00f3n del Indopac\u00edfico y m\u00e1s all\u00e1.<\/p>\n\n\n\n<p>Felicitaciones a todo el pueblo de Tailandia en esta importante ocasi\u00f3n. Es un honor para nosotros contar con ustedes como amigos, socios y aliados. Les deseo un a\u00f1o lleno de paz y prosperidad.<\/p>\n\n\n\n<p>U.S. Department of State<\/p>\n\n\n\n<p>U.S. Department of State ()<\/p>\n\n\n\n<p><a target=\"_blank\" href=\"mailto:usstatebpa@public.govdelivery.com\" rel=\"noreferrer noopener\">usstatebpa@public.govdelivery<\/a><\/p>\n\n\n\n<p>04\/12\/2024 18:00 EST<\/p>\n","protected":false},"excerpt":{"rendered":"<p>ARCHIVO: Antony J. Blinken, Secretario de Estado En nombre de los Estados Unidos de Am\u00e9rica, felicito al Reino de Tailandia con motivo de la celebraci\u00f3n del D\u00eda Nacional de Tailandia. La duradera alianza entre Estados Unidos y Tailandia se basa en una relaci\u00f3n diplom\u00e1tica que se remonta a m\u00e1s de 190 a\u00f1os. Este a\u00f1o, convocamos [&hellip;]<\/p>\n","protected":false},"author":28,"featured_media":556695,"comment_status":"closed","ping_status":"closed","sticky":true,"template":"","format":"standard","meta":{"footnotes":""},"categories":[26,23],"tags":[],"class_list":["post-580193","post","type-post","status-publish","format-standard","has-post-thumbnail","hentry","category-efemerides","category-internacional"],"_links":{"self":[{"href":"https:\/\/diariodominicano.com\/index.php?rest_route=\/wp\/v2\/posts\/580193","targetHints":{"allow":["GET"]}}],"collection":[{"href":"https:\/\/diariodominicano.com\/index.php?rest_route=\/wp\/v2\/posts"}],"about":[{"href":"https:\/\/diariodominicano.com\/index.php?rest_route=\/wp\/v2\/types\/post"}],"author":[{"embeddable":true,"href":"https:\/\/diariodominicano.com\/index.php?rest_route=\/wp\/v2\/users\/28"}],"replies":[{"embeddable":true,"href":"https:\/\/diariodominicano.com\/index.php?rest_route=%2Fwp%2Fv2%2Fcomments&post=580193"}],"version-history":[{"count":1,"href":"https:\/\/diariodominicano.com\/index.php?rest_route=\/wp\/v2\/posts\/580193\/revisions"}],"predecessor-version":[{"id":580194,"href":"https:\/\/diariodominicano.com\/index.php?rest_route=\/wp\/v2\/posts\/580193\/revisions\/580194"}],"wp:featuredmedia":[{"embeddable":true,"href":"https:\/\/diariodominicano.com\/index.php?rest_route=\/wp\/v2\/media\/556695"}],"wp:attachment":[{"href":"https:\/\/diariodominicano.com\/index.php?rest_route=%2Fwp%2Fv2%2Fmedia&parent=580193"}],"wp:term":[{"taxonomy":"category","embeddable":true,"href":"https:\/\/diariodominicano.com\/index.php?rest_route=%2Fwp%2Fv2%2Fcategories&post=580193"},{"taxonomy":"post_tag","embeddable":true,"href":"https:\/\/diariodominicano.com\/index.php?rest_route=%2Fwp%2Fv2%2Ftags&post=580193"}],"curies":[{"name":"wp","href":"https:\/\/api.w.org\/{rel}","templated":true}]}}