{"id":580171,"date":"2024-12-04T22:00:58","date_gmt":"2024-12-05T02:00:58","guid":{"rendered":"https:\/\/diariodominicano.com\/?p=580171"},"modified":"2024-12-04T22:01:04","modified_gmt":"2024-12-05T02:01:04","slug":"negociadores-de-la-ue-y-sudamerica-se-apresuran-a-cerrar-un-acuerdo-comercial-divisivo","status":"publish","type":"post","link":"https:\/\/diariodominicano.com\/?p=580171","title":{"rendered":"Negociadores de la UE y Sudam\u00e9rica se apresuran a cerrar un acuerdo comercial divisivo"},"content":{"rendered":"\n<p>ARCHIVO &#8211; Una vista desde un dron muestra la palabra \u00abMercosur\u00bb escrita con carteles de la ciudad en Francia, el 18 de noviembre de 2024.<\/p>\n\n\n\n<p>diciembre 04, 2024<\/p>\n\n\n\n<ul class=\"wp-block-list\">\n<li><a href=\"https:\/\/www.vozdeamerica.com\/author\/reuters\/riv_i\">Reuters<\/a><\/li>\n<\/ul>\n\n\n\n<ul class=\"wp-block-list\">\n<li><a href=\"https:\/\/facebook.com\/sharer.php?u=https%3a%2f%2fwww.vozdeamerica.com%2fa%2fnegociadores-de-la-ue-y-sudamerica-se-apresuran-a-cerrar-un-acuerdo-comercial-divisivo%2f7886826.html\" target=\"_blank\" rel=\"noreferrer noopener\"><\/a><\/li>\n\n\n\n<li><a href=\"https:\/\/twitter.com\/share?url=https%3a%2f%2fwww.vozdeamerica.com%2fa%2fnegociadores-de-la-ue-y-sudamerica-se-apresuran-a-cerrar-un-acuerdo-comercial-divisivo%2f7886826.html&amp;text=Negociadores+de+la+UE+y+Sudam%c3%a9rica+se+apresuran+a+cerrar+un+acuerdo+comercial+divisivo\" target=\"_blank\" rel=\"noreferrer noopener\"><\/a><\/li>\n\n\n\n<li><\/li>\n\n\n\n<li><a href=\"mailto:?body=https%3a%2f%2fwww.vozdeamerica.com%2fa%2fnegociadores-de-la-ue-y-sudamerica-se-apresuran-a-cerrar-un-acuerdo-comercial-divisivo%2f7886826.html&amp;subject=Negociadores%20de%20la%20UE%20y%20Sudam%C3%A9rica%20se%20apresuran%20a%20cerrar%20un%20acuerdo%20comercial%20divisivo\"><\/a><\/li>\n<\/ul>\n\n\n\n<p><a href=\"https:\/\/www.vozdeamerica.com\/a\/negociadores-de-la-ue-y-sudamerica-se-apresuran-a-cerrar-un-acuerdo-comercial-divisivo\/7886826.html#comments\">&nbsp;Vea comentarios<\/a><\/p>\n\n\n\n<p>Los pa\u00edses miembros del Mercosur adelantaron negociaciones de \u00faltima hora que podr\u00edan resultar en un largamente pospuesto pacto comercial con la Uni\u00f3n Europea.<\/p>\n\n\n\n<p>MONTEVIDEO\/BRASILIA \u2014&nbsp;<\/p>\n\n\n\n<p>El bloque comercial Mercosur de Sudam\u00e9rica se reunir\u00e1 en Uruguay el jueves, con la posibilidad de que el grupo aproveche la ocasi\u00f3n para anunciar un acuerdo comercial con la Uni\u00f3n Europea largamente aplazado, tras negociaciones de \u00faltima hora para aprobarlo.<\/p>\n\n\n\n<p>El acuerdo comercial, apoyado por la mayor\u00eda de los pa\u00edses sudamericanos e impulsado por Alemania y Espa\u00f1a, se ha topado con la firme oposici\u00f3n de Francia, que teme que las importaciones agr\u00edcolas a Europa afecten a su potente sector agrario.<\/p>\n\n\n\n<p>Los negociadores de todas las partes se reunieron en Brasil la semana pasada, dijeron a Reuters fuentes diplom\u00e1ticas y gubernamentales de alto nivel, y est\u00e1 previsto que las delegaciones viajen a Montevideo si se llega a un acuerdo durante las conversaciones virtuales que contin\u00faan esta semana.<\/p>\n\n\n\n<p><a href=\"https:\/\/www.vozdeamerica.com\/a\/milei-busca-tratado-libre-comercio-eeuu-\/7863007.html\"><\/a><\/p>\n\n\n\n<p><a href=\"https:\/\/www.vozdeamerica.com\/a\/milei-busca-tratado-libre-comercio-eeuu-\/7863007.html\">Tambi\u00e9n lea<\/a><\/p>\n\n\n\n<h4 class=\"wp-block-heading\"><a href=\"https:\/\/www.vozdeamerica.com\/a\/milei-busca-tratado-libre-comercio-eeuu-\/7863007.html\">Milei busca tratado de libre comercio con EEUU tras triunfo de Trump<\/a><\/h4>\n\n\n\n<p>La presidenta de la Comisi\u00f3n Europea, Ursula von der Leyen, podr\u00eda incluso viajar a la cumbre del 5 y 6 de diciembre en la capital uruguaya, dijeron dos fuentes europeas, aunque la mayor\u00eda advirti\u00f3 que no era probable que se firme nada. Una fuente dijo que la jefa de la UE hab\u00eda reservado un billete de avi\u00f3n por si acaso.<\/p>\n\n\n\n<p>\u00abLa \u00faltima ronda de negociaciones termin\u00f3 con avances importantes\u00bb, dijo el lunes Mauricio Lyrio, secretario de Asuntos Econ\u00f3micos del Ministerio de Asuntos Exteriores de Brasil. \u00abEstamos esperanzados. Los temas pendientes se est\u00e1n presentando a los l\u00edderes para que los finalicen\u00bb.<\/p>\n\n\n\n<p>Bernd Lange, socialdem\u00f3crata alem\u00e1n que preside la comisi\u00f3n de Comercio del Parlamento Europeo, dijo el martes que la situaci\u00f3n interna de la UE era el principal obst\u00e1culo para un acuerdo y que la decisi\u00f3n de viajar esta semana segu\u00eda siendo incierta.<\/p>\n\n\n\n<p>\u00abEst\u00e1n discutiendo en la planta 13 (despacho del presidente de la Comisi\u00f3n) si coger el equipaje e ir al aeropuerto o no. Es un poco complicado\u00bb, dijo Lange durante una sesi\u00f3n informativa.<\/p>\n\n\n\n<p><a href=\"https:\/\/www.vozdeamerica.com\/a\/mercosur-posible-reconciliacion-cumbre-discordia-\/7689050.html\"><\/a><\/p>\n\n\n\n<p><a href=\"https:\/\/www.vozdeamerica.com\/a\/mercosur-posible-reconciliacion-cumbre-discordia-\/7689050.html\">Tambi\u00e9n lea<\/a><\/p>\n\n\n\n<h4 class=\"wp-block-heading\"><a href=\"https:\/\/www.vozdeamerica.com\/a\/mercosur-posible-reconciliacion-cumbre-discordia-\/7689050.html\">Mercosur, de la posible reconciliaci\u00f3n a la cumbre de la discordia<\/a><\/h4>\n\n\n\n<p>El acuerdo comercial, en proceso de negociaci\u00f3n desde hace m\u00e1s de dos d\u00e9cadas, se ha visto retrasado por la preocupaci\u00f3n europea por la competencia agr\u00edcola, mientras que Brasil, Argentina, Paraguay y Uruguay, grandes productores de soja, ma\u00edz y carne de vacuno, han criticado el proteccionismo europeo.<\/p>\n\n\n\n<p>Sin embargo, el presidente brasile\u00f1o, Luiz In\u00e1cio Lula da Silva, dijo la semana pasada que el acuerdo se estaba negociando directamente con Von der Leyen en una nueva ronda de conversaciones personales en Brasil. Lula conf\u00eda en que el acuerdo se cierre este a\u00f1o.<\/p>\n\n\n\n<p>Otros, sin embargo, se mostraron esc\u00e9pticos. \u00abSi \u00darsula va a Montevideo ser\u00e1 para mostrar el compromiso de la UE con la conclusi\u00f3n del acuerdo, pero no se firmar\u00e1\u00bb, dijo un diplom\u00e1tico europeo en Brasilia.<\/p>\n\n\n\n<p>Otro diplom\u00e1tico en Uruguay dijo: \u00abSigo estando 60-40 a favor de que no llegue a ninguna parte\u00bb.<\/p>\n\n\n\n<h3 class=\"wp-block-heading\">\u00bfHay acuerdo?<\/h3>\n\n\n\n<p>Par\u00eds ha intentado convencer a otros miembros de la UE para que formen una minor\u00eda en contra. Polonia se uni\u00f3 recientemente a la oposici\u00f3n. Sin embargo, Francia necesita un m\u00ednimo de tres pa\u00edses que representen m\u00e1s del 35 % de la poblaci\u00f3n de la UE para bloquear el acuerdo.<\/p>\n\n\n\n<figure class=\"wp-block-image\"><img decoding=\"async\" src=\"https:\/\/gdb.voanews.com\/ad4785df-0076-4148-8456-eece05643abd_w250_r1.jpg\" alt=\"Mercosur y la Uni\u00f3n Europea podr\u00edan firmar un\nacuerdo de libre comercio durante la reuni\u00f3n del G20 de noviembre\" title=\"Mercosur y la Uni\u00f3n Europea podr\u00edan firmar un\nacuerdo de libre comercio durante la reuni\u00f3n del G20 de noviembre\"\/><\/figure>\n\n\n\n<p>&nbsp;Insertar&nbsp;share<\/p>\n\n\n\n<h5 class=\"wp-block-heading\"><a href=\"https:\/\/www.vozdeamerica.com\/a\/7804425.html\" target=\"_blank\" rel=\"noreferrer noopener\">Mercosur y la Uni\u00f3n Europea podr\u00edan firmar un acuerdo de libre comercio durante la reuni\u00f3n del G20 de noviembre<\/a><\/h5>\n\n\n\n<p><small>Por&nbsp;<a href=\"https:\/\/www.vozdeamerica.com\/\" target=\"_blank\" rel=\"noreferrer noopener\">Voz de Am\u00e9rica<\/a><\/small><\/p>\n\n\n\n<p>&nbsp;Insertar&nbsp;share<\/p>\n\n\n\n<p>El c\u00f3digo se ha copiado en su portapapeles.<\/p>\n\n\n\n<p>The URL has been copied to your clipboard<\/p>\n\n\n\n<ul class=\"wp-block-list\">\n<li><a href=\"https:\/\/facebook.com\/sharer.php?u=https%3a%2f%2fwww.vozdeamerica.com%2fa%2f7804425.html\" target=\"_blank\" rel=\"noreferrer noopener\">Comparta en Facebook<\/a><\/li>\n\n\n\n<li><a href=\"https:\/\/twitter.com\/share?url=https%3a%2f%2fwww.vozdeamerica.com%2fa%2f7804425.html&amp;text=Mercosur+y+la+Uni%c3%b3n+Europea+podr%c3%adan+firmar+un%0aacuerdo+de+libre+comercio+durante+la+reuni%c3%b3n+del+G20+de+noviembre\" target=\"_blank\" rel=\"noreferrer noopener\">Comparta en Twitter<\/a><\/li>\n<\/ul>\n\n\n\n<hr class=\"wp-block-separator has-alpha-channel-opacity\"\/>\n\n\n\n<p>No media source currently available<\/p>\n\n\n\n<p>0:002:170:00<\/p>\n\n\n\n<p>&nbsp;Descargar&nbsp;&nbsp;Pop-out player<\/p>\n\n\n\n<p>Otros pa\u00edses de la UE, como Alemania y Espa\u00f1a, encabezan una coalici\u00f3n de 11 Estados miembros a favor. Quieren nuevas rutas comerciales que reduzcan la dependencia de China y a\u00edslen a los miembros de los aranceles comerciales previstos por el presidente electo de Estados Unidos, Donald Trump.<\/p>\n\n\n\n<p>En 2019 se alcanz\u00f3 inicialmente un acuerdo entre la UE y Mercosur, pero nunca lleg\u00f3 a ratificarse debido a las exigencias de la UE de compromisos en materia de deforestaci\u00f3n y cambio clim\u00e1tico. Algunos funcionarios teman que vuelva a ocurrir lo mismo ahora, incluso si se acuerda un texto final.<\/p>\n\n\n\n<p>\u00abSi bien aplaudiremos si se firma algo en Montevideo esta semana, vamos a ver cu\u00e1ndo entra realmente en vigor\u00bb, dijo Ignacio Bartesaghi, de la Universidad Cat\u00f3lica de Uruguay.<\/p>\n\n\n\n<p>Una versi\u00f3n final y jur\u00eddicamente vinculante del acuerdo tambi\u00e9n tendr\u00eda que revisarse cuidadosamente y traducirse a unas dos docenas de idiomas antes de que pudiera firmarse formalmente, dijo el negociador brasile\u00f1o Lyrio. Esto a\u00fan podr\u00eda llevar meses.<\/p>\n\n\n\n<h3 class=\"wp-block-heading\">Milei podr\u00eda debutar<\/h3>\n\n\n\n<p>En la cumbre de Montevideo tambi\u00e9n se espera que el presidente libertario de Argentina, Javier Milei, debute en un acto del Mercosur, tras sus amenazas poco veladas de retirarse del bloque a menos que se le permita buscar acuerdos comerciales bilaterales fuera de \u00e9l, incluso con Estados Unidos.<\/p>\n\n\n\n<p><a href=\"https:\/\/www.vozdeamerica.com\/a\/milei-encabeza-foro-conservador-en-brasil-desaira-a-lula-y-agudiza-una-disputa-politica\/7688318.html\"><\/a><\/p>\n\n\n\n<p><a href=\"https:\/\/www.vozdeamerica.com\/a\/milei-encabeza-foro-conservador-en-brasil-desaira-a-lula-y-agudiza-una-disputa-politica\/7688318.html\">Tambi\u00e9n lea<\/a><\/p>\n\n\n\n<h4 class=\"wp-block-heading\"><a href=\"https:\/\/www.vozdeamerica.com\/a\/milei-encabeza-foro-conservador-en-brasil-desaira-a-lula-y-agudiza-una-disputa-politica\/7688318.html\">Milei encabeza foro conservador en Brasil, desaira a Lula y agudiza una disputa pol\u00edtica<\/a><\/h4>\n\n\n\n<p>Al igual que el presidente uruguayo saliente, Luis Lacalle Pou, Milei quiere que el grupo sea m\u00e1s flexible. Bajo el mandato de Lacalle Pou, Uruguay hab\u00eda iniciado negociaciones formales sobre un acuerdo de libre comercio con China, una decisi\u00f3n que su sucesor probablemente no mantendr\u00e1.<\/p>\n\n\n\n<p>Seg\u00fan algunos diplom\u00e1ticos, las conversaciones UE-Mercosur influir\u00e1n en el enfoque que Milei adopte en el grupo.<\/p>\n\n\n\n<p>Si el acuerdo UE-Mercosur sale adelante, el asesor de pol\u00edtica exterior uruguayo Bartesaghi dijo que \u00abechar\u00eda agua fr\u00eda\u00bb sobre cualquier plan de Milei de romper lazos con el bloque, porque demostrar\u00eda que puede conseguir algo.<\/p>\n\n\n\n<p>Un acuerdo fortalece el \u00abargumento para mantener al grupo unido, gana tiempo y tranquiliza a Milei\u00bb, dijo, a\u00f1adiendo que si fracasa, podr\u00eda reforzar el argumento de Milei.<\/p>\n","protected":false},"excerpt":{"rendered":"<p>ARCHIVO &#8211; Una vista desde un dron muestra la palabra \u00abMercosur\u00bb escrita con carteles de la ciudad en Francia, el 18 de noviembre de 2024. diciembre 04, 2024 &nbsp;Vea comentarios Los pa\u00edses miembros del Mercosur adelantaron negociaciones de \u00faltima hora que podr\u00edan resultar en un largamente pospuesto pacto comercial con la Uni\u00f3n Europea. MONTEVIDEO\/BRASILIA \u2014&nbsp; [&hellip;]<\/p>\n","protected":false},"author":28,"featured_media":580172,"comment_status":"closed","ping_status":"closed","sticky":true,"template":"","format":"standard","meta":{"footnotes":""},"categories":[18,23],"tags":[],"class_list":["post-580171","post","type-post","status-publish","format-standard","has-post-thumbnail","hentry","category-economia","category-internacional"],"_links":{"self":[{"href":"https:\/\/diariodominicano.com\/index.php?rest_route=\/wp\/v2\/posts\/580171","targetHints":{"allow":["GET"]}}],"collection":[{"href":"https:\/\/diariodominicano.com\/index.php?rest_route=\/wp\/v2\/posts"}],"about":[{"href":"https:\/\/diariodominicano.com\/index.php?rest_route=\/wp\/v2\/types\/post"}],"author":[{"embeddable":true,"href":"https:\/\/diariodominicano.com\/index.php?rest_route=\/wp\/v2\/users\/28"}],"replies":[{"embeddable":true,"href":"https:\/\/diariodominicano.com\/index.php?rest_route=%2Fwp%2Fv2%2Fcomments&post=580171"}],"version-history":[{"count":1,"href":"https:\/\/diariodominicano.com\/index.php?rest_route=\/wp\/v2\/posts\/580171\/revisions"}],"predecessor-version":[{"id":580173,"href":"https:\/\/diariodominicano.com\/index.php?rest_route=\/wp\/v2\/posts\/580171\/revisions\/580173"}],"wp:featuredmedia":[{"embeddable":true,"href":"https:\/\/diariodominicano.com\/index.php?rest_route=\/wp\/v2\/media\/580172"}],"wp:attachment":[{"href":"https:\/\/diariodominicano.com\/index.php?rest_route=%2Fwp%2Fv2%2Fmedia&parent=580171"}],"wp:term":[{"taxonomy":"category","embeddable":true,"href":"https:\/\/diariodominicano.com\/index.php?rest_route=%2Fwp%2Fv2%2Fcategories&post=580171"},{"taxonomy":"post_tag","embeddable":true,"href":"https:\/\/diariodominicano.com\/index.php?rest_route=%2Fwp%2Fv2%2Ftags&post=580171"}],"curies":[{"name":"wp","href":"https:\/\/api.w.org\/{rel}","templated":true}]}}