{"id":580163,"date":"2024-12-04T21:49:41","date_gmt":"2024-12-05T01:49:41","guid":{"rendered":"https:\/\/diariodominicano.com\/?p=580163"},"modified":"2024-12-04T21:53:01","modified_gmt":"2024-12-05T01:53:01","slug":"eeuu-refuerza-su-alianza-con-america-latina-logros-desafios-y-vision-para-el-futuro","status":"publish","type":"post","link":"https:\/\/diariodominicano.com\/?p=580163","title":{"rendered":"EEUU refuerza su alianza con Am\u00e9rica Latina: logros, desaf\u00edos y visi\u00f3n para el futuro"},"content":{"rendered":"\n<p>ARCHIVO &#8211; El subsecretario de Estado de los Estados Unidos para el Crecimiento Econ\u00f3mico, Energ\u00eda y Medio Ambiente, Jos\u00e9 W. Fern\u00e1ndez, habla durante una conferencia de prensa en la Embajada de los Estados Unidos en Yakarta, Indonesia, el 15 de julio de 2024.<\/p>\n\n\n\n<p>diciembre 04, 2024<\/p>\n\n\n\n<ul class=\"wp-block-list\">\n<li><a href=\"https:\/\/www.vozdeamerica.com\/author\/antoni-belchi\/mymyv\">Antoni Belchi<\/a><\/li>\n<\/ul>\n\n\n\n<ul class=\"wp-block-list\">\n<li><a href=\"https:\/\/facebook.com\/sharer.php?u=https%3a%2f%2fwww.vozdeamerica.com%2fa%2festados-unidos-alianza-america-latina-logros-desafios-vision-futuro%2f7887094.html\" target=\"_blank\" rel=\"noreferrer noopener\"><\/a><\/li>\n\n\n\n<li><a href=\"https:\/\/twitter.com\/share?url=https%3a%2f%2fwww.vozdeamerica.com%2fa%2festados-unidos-alianza-america-latina-logros-desafios-vision-futuro%2f7887094.html&amp;text=EEUU+refuerza+su+alianza+con+Am%c3%a9rica+Latina%3a+logros%2c+desaf%c3%ados+y+visi%c3%b3n+para+el+futuro\" target=\"_blank\" rel=\"noreferrer noopener\"><\/a><\/li>\n\n\n\n<li><\/li>\n\n\n\n<li><a href=\"mailto:?body=https%3a%2f%2fwww.vozdeamerica.com%2fa%2festados-unidos-alianza-america-latina-logros-desafios-vision-futuro%2f7887094.html&amp;subject=EEUU%20refuerza%20su%20alianza%20con%20Am%C3%A9rica%20Latina:%20logros,%20desaf%C3%ADos%20y%20visi%C3%B3n%20para%20el%20futuro\"><\/a><\/li>\n<\/ul>\n\n\n\n<p><a href=\"https:\/\/www.vozdeamerica.com\/a\/estados-unidos-alianza-america-latina-logros-desafios-vision-futuro\/7887094.html#comments\">&nbsp;Vea comentarios<\/a><\/p>\n\n\n\n<p>La administraci\u00f3n del presidente estadounidense Joe Biden hizo balance de su gesti\u00f3n para Am\u00e9rica Latina y destac\u00f3 su estrategia integral hacia la regi\u00f3n, combinando sostenibilidad, cooperaci\u00f3n tecnol\u00f3gica y fortalecimiento de cadenas de suministro.<\/p>\n\n\n\n<p>MIAMI, EEUU \u2014&nbsp;<\/p>\n\n\n\n<p>El gobierno de presidente saliente de Estados Unidos, Joe Biden, destac\u00f3 el mi\u00e9rcoles los esfuerzos de cooperaci\u00f3n y las estrategias conjuntas con sus pares de Latinoam\u00e9rica, durante un balance de los \u00faltimos cuatro a\u00f1os de gesti\u00f3n, dentro del que celebraron el impulso de proyecto \u201cambicioso\u201d para consolidar su relaci\u00f3n con los pa\u00edses de la regi\u00f3n.<\/p>\n\n\n\n<p>En ese sentido, el subsecretario de Estado para el Crecimiento Econ\u00f3mico, Energ\u00eda y Medio Ambiente de la Casa Blanca, Jos\u00e9 W. Fern\u00e1ndez, resalt\u00f3 la puesta en marcha de una estrategia econ\u00f3mica con naciones de Am\u00e9rica Latina que combina desarrollo sostenible, cooperaci\u00f3n tecnol\u00f3gica y fortalecimiento de cadenas de suministro.<\/p>\n\n\n\n<p>Durante una conferencia de prensa virtual, Fern\u00e1ndez present\u00f3 un informe con los logros alcanzados en la administraci\u00f3n, destacando iniciativas que abarcan desde la conservaci\u00f3n ambiental en El Salvador, hasta los incentivos financieros en Centroam\u00e9rica.<\/p>\n\n\n\n<p>\u201cAm\u00e9rica Latina no s\u00f3lo es nuestra vecina, es nuestra socia estrat\u00e9gica en el crecimiento global\u201d<em>,<\/em>&nbsp;indic\u00f3 Fern\u00e1ndez, dejando claro que la regi\u00f3n siempre ha ocupado un espacio prioritario de cara al futuro para el gobierno de Biden, que dejar\u00e1 su cargo el pr\u00f3ximo enero, sucedido por el presidente electo Donald Trump.<\/p>\n\n\n\n<p><a href=\"https:\/\/www.vozdeamerica.com\/a\/eeuu-bid-creacion-fondo-proteccion-naturaleza-america-latina\/7350145.html\"><\/a><\/p>\n\n\n\n<p><a href=\"https:\/\/www.vozdeamerica.com\/a\/eeuu-bid-creacion-fondo-proteccion-naturaleza-america-latina\/7350145.html\">Tambi\u00e9n lea<\/a><\/p>\n\n\n\n<h4 class=\"wp-block-heading\"><a href=\"https:\/\/www.vozdeamerica.com\/a\/eeuu-bid-creacion-fondo-proteccion-naturaleza-america-latina\/7350145.html\">EEUU y BID acuerdan creaci\u00f3n de fondo para protecci\u00f3n de la naturaleza en Am\u00e9rica Latina<\/a><\/h4>\n\n\n\n<h3 class=\"wp-block-heading\">Am\u00e9rica Latina: un socio estrat\u00e9gico clave<\/h3>\n\n\n\n<p>El alto funcionario estadounidense subray\u00f3 tambi\u00e9n la importancia de Latinoam\u00e9rica como un \u00e1rea vital para la seguridad econ\u00f3mica y nacional de Estados Unidos.<\/p>\n\n\n\n<p>\u201cAm\u00e9rica Latina ha sido fundamental para nuestra estrategia. Con lazos familiares y culturales \u00fanicos, hemos trabajado para fortalecer nuestras cadenas de suministro en sectores cr\u00edticos como semiconductores, minerales esenciales y farmac\u00e9uticos. Creemos que esta relaci\u00f3n no s\u00f3lo ha mejorado, sino que est\u00e1 lista para avanzar a\u00fan m\u00e1s con la pr\u00f3xima administraci\u00f3n\u201d<em>,<\/em><em>&nbsp;<\/em>se\u00f1al\u00f3.<\/p>\n\n\n\n<p>En su opini\u00f3n, este enfoque ha permitido consolidar iniciativas clave en toda la regi\u00f3n, desde la promoci\u00f3n de la sostenibilidad ambiental, hasta la creaci\u00f3n de nuevas oportunidades econ\u00f3micas a trav\u00e9s de alianzas estrat\u00e9gicas con pa\u00edses como Guatemala, El Salvador, Taiw\u00e1n, Rep\u00fablica Dominicana y Ecuador.<\/p>\n\n\n\n<h3 class=\"wp-block-heading\">Guatemala: una oportunidad para enfrentar problemas hist\u00f3ricos<\/h3>\n\n\n\n<p>El subsecretario destac\u00f3 los avances en Guatemala, uno de los pa\u00edses que ven como prioritarios para llevar a cabo esta estrategia regional. En ese sentido, record\u00f3 que en marzo de este a\u00f1o, se celebr\u00f3 el primer di\u00e1logo econ\u00f3mico de alto nivel entre ambos pa\u00edses, involucrando a m\u00e1s de una docena de agencias estadounidenses y sus hom\u00f3logos guatemaltecos.<\/p>\n\n\n\n<p><a href=\"https:\/\/www.vozdeamerica.com\/a\/eeuu-asigna-485-millones-dolares-responder-crisis-migratoria-americas\/7343461.html\"><\/a><\/p>\n\n\n\n<p><a href=\"https:\/\/www.vozdeamerica.com\/a\/eeuu-asigna-485-millones-dolares-responder-crisis-migratoria-americas\/7343461.html\">Tambi\u00e9n lea<\/a><\/p>\n\n\n\n<h4 class=\"wp-block-heading\"><a href=\"https:\/\/www.vozdeamerica.com\/a\/eeuu-asigna-485-millones-dolares-responder-crisis-migratoria-americas\/7343461.html\">EEUU asigna 485 millones de d\u00f3lares adicionales para responder a crisis migratoria en las Am\u00e9ricas<\/a><\/h4>\n\n\n\n<p>\u00abEn el caso de Guatemala, vimos una oportunidad de enfrentarnos a los problemas que han impedido su prosperidad econ\u00f3mica. Hemos cooperado en legislaci\u00f3n de competencia, mejorado la infraestructura a trav\u00e9s de asistencia t\u00e9cnica y trabajado en proyectos agr\u00edcolas como la mejora de semillas y suelos. Adem\u00e1s, hemos explorado maneras innovadoras de canalizar las remesas hacia la construcci\u00f3n de infraestructura sostenible\u201d<em>,<\/em>&nbsp;explic\u00f3 Fern\u00e1ndez.<\/p>\n\n\n\n<p>El subsecretario Fern\u00e1ndez tambi\u00e9n destac\u00f3 el compromiso del gobierno guatemalteco de reducir la desigualdad, incorporar a las poblaciones ind\u00edgenas y combatir la corrupci\u00f3n. Estas acciones, afirm\u00f3, son \u201cfundamentales para abordar las causas estructurales de la migraci\u00f3n forzada\u201d.<\/p>\n\n\n\n<h3 class=\"wp-block-heading\">Semiconductores y el rol de Taiw\u00e1n<\/h3>\n\n\n\n<p>En el \u00e1mbito de la tecnolog\u00eda, Fern\u00e1ndez subray\u00f3 la importancia de Taiw\u00e1n como un aliado estrat\u00e9gico en la producci\u00f3n de semiconductores, un sector vital para la econom\u00eda global. \u201cTaiw\u00e1n es el principal productor mundial y un aliado estrat\u00e9gico. A trav\u00e9s de la ley CHIPS, hemos destinado m\u00e1s de 50.000 millones de d\u00f3lares para fortalecer la industria en EEUU, generando 25.000 empleos. Am\u00e9rica Latina tambi\u00e9n tiene un rol cr\u00edtico: Costa Rica, Panam\u00e1, Rep\u00fablica Dominicana y M\u00e9xico son socios clave en la diversificaci\u00f3n de las cadenas de suministro\u201d<em>,<\/em>&nbsp;destac\u00f3.<\/p>\n\n\n\n<p>En esa l\u00ednea, el funcionario explic\u00f3 c\u00f3mo esta estrategia no solo refuerza la seguridad econ\u00f3mica de Estados Unidos, sino que tambi\u00e9n crea \u201coportunidades significativas\u201d para los pa\u00edses de la regi\u00f3n que participan en este esfuerzo global.<\/p>\n\n\n\n<h3 class=\"wp-block-heading\">Conservaci\u00f3n y sostenibilidad en El Salvador<\/h3>\n\n\n\n<p>Por otro lado, tambi\u00e9n se refiri\u00f3 al acuerdo alcanzado con el gobierno de El Salvador para la conservaci\u00f3n del r\u00edo Lempa. Un pacto que, seg\u00fan \u00e9l, combina la reducci\u00f3n de deuda con compromisos ambientales y se presenta como un modelo de sostenibilidad financiera y ecol\u00f3gica que puede servir para otros casos.<\/p>\n\n\n\n<p><a href=\"https:\/\/www.vozdeamerica.com\/a\/biden-anuncia-millonarios-compromisos-inversion-migracion-cumbre-presidentes-latinoamericanos\/7337470.html\"><\/a><\/p>\n\n\n\n<p><a href=\"https:\/\/www.vozdeamerica.com\/a\/biden-anuncia-millonarios-compromisos-inversion-migracion-cumbre-presidentes-latinoamericanos\/7337470.html\">Tambi\u00e9n lea<\/a><\/p>\n\n\n\n<h4 class=\"wp-block-heading\"><a href=\"https:\/\/www.vozdeamerica.com\/a\/biden-anuncia-millonarios-compromisos-inversion-migracion-cumbre-presidentes-latinoamericanos\/7337470.html\">Biden anuncia millonarios compromisos de inversi\u00f3n y migraci\u00f3n en cumbre con presidentes latinoamericanos<\/a><\/h4>\n\n\n\n<p>\u00abEl Salvador se ha comprometido a destinar ahorros de la reducci\u00f3n de deuda a proyectos de preservaci\u00f3n ambiental. Este balance entre desarrollo econ\u00f3mico y protecci\u00f3n del medio ambiente es esencial para un futuro sostenible\u201d<em>,<\/em>&nbsp;afirm\u00f3 Fern\u00e1ndez.<\/p>\n\n\n\n<p>Sin embargo, tambi\u00e9n se\u00f1al\u00f3 los desaf\u00edos que enfrenta el pa\u00eds, incluyendo&nbsp;<em><strong><a href=\"https:\/\/www.vozdeamerica.com\/a\/crece-debate-sobre-mineria-en-el-salvador-desde-cuando-esta-prohibida-y-que-ha-cambiado\/7886606.html\" target=\"_blank\" rel=\"noreferrer noopener\">la reapertura de la miner\u00eda met\u00e1lica<\/a><\/strong><\/em>, una actividad que podr\u00eda tener impactos negativos significativos en el medio ambiente y las comunidades locales si no se realiza bajo est\u00e1ndares estrictos.<\/p>\n\n\n\n<h3 class=\"wp-block-heading\">Rep\u00fablica Dominicana y Ecuador: ejemplos de cooperaci\u00f3n efectiva<\/h3>\n\n\n\n<p>En cuanto a Rep\u00fablica Dominicana, Fern\u00e1ndez se refiri\u00f3 a la colaboraci\u00f3n en la industria de equipo m\u00e9dico y la organizaci\u00f3n de la \u00faltima reuni\u00f3n del Di\u00e1logo de las Am\u00e9ricas sobre Econom\u00eda y Salud (Economic and Health Dialogue of the Americas, en ingl\u00e9s), que reuni\u00f3 a 18 pa\u00edses para reforzar los sistemas de salud en la regi\u00f3n. Sobre eso, se\u00f1al\u00f3 el potencial del tratado de cielos abiertos, con el que se espera reducir costos de transporte a\u00e9reo y fomentar mayores conexiones entre ambos pa\u00edses.<\/p>\n\n\n\n<p>Sobre Ecuador, Fern\u00e1ndez resalt\u00f3 el canje de deuda m\u00e1s grande liderado por la Corporaci\u00f3n Financiera de Desarrollo Internacional de EEUU (DFC, por sus siglas en ingl\u00e9s), que&nbsp;<em><strong><a href=\"https:\/\/www.vozdeamerica.com\/a\/bid-ecuador-compra-deuda-conservacion-galapagos\/7085675.html\" target=\"_blank\" rel=\"noreferrer noopener\">permiti\u00f3 al gobierno ecuatoriano destinar recursos a est\u00e1ndares ambientales<\/a><\/strong><\/em>. \u201cEstamos trabajando estrechamente con Ecuador en temas de seguridad, cadenas de suministro y generaci\u00f3n de empleo. Es un pa\u00eds con el cual hemos construido una relaci\u00f3n s\u00f3lida\u201d<em>,<\/em>&nbsp;asegur\u00f3.<\/p>\n\n\n\n<p><a href=\"https:\/\/www.vozdeamerica.com\/a\/lideres-de-la-apec-se-reunen-en-lima-enfocados-en-impulsar-el-crecimiento-inclusivo\/7864930.html\"><\/a><\/p>\n\n\n\n<p><a href=\"https:\/\/www.vozdeamerica.com\/a\/lideres-de-la-apec-se-reunen-en-lima-enfocados-en-impulsar-el-crecimiento-inclusivo\/7864930.html\">Tambi\u00e9n lea<\/a><\/p>\n\n\n\n<h4 class=\"wp-block-heading\"><a href=\"https:\/\/www.vozdeamerica.com\/a\/lideres-de-la-apec-se-reunen-en-lima-enfocados-en-impulsar-el-crecimiento-inclusivo\/7864930.html\">L\u00edderes de la APEC se re\u00fanen en Lima enfocados en reforzar alianzas<\/a><\/h4>\n\n\n\n<h3 class=\"wp-block-heading\">Una visi\u00f3n compartida para el futuro<\/h3>\n\n\n\n<p>En su cierre, Fern\u00e1ndez reflexion\u00f3 sobre los avances alcanzados y los desaf\u00edos que a\u00fan persisten. \u201cNuestra administraci\u00f3n ha trabajado bajo la filosof\u00eda de que la seguridad econ\u00f3mica y la seguridad nacional est\u00e1n intr\u00ednsecamente vinculadas. Am\u00e9rica Latina, como regi\u00f3n vecina y aliada, ha sido un socio crucial en temas como energ\u00eda limpia, cadenas de suministro y cohesi\u00f3n econ\u00f3mica frente a potencias como China\u201d<em>,<\/em>&nbsp;concluy\u00f3.<\/p>\n\n\n\n<p>Con todo, remarc\u00f3 que Am\u00e9rica Latina es un socio indispensable en la estrategia global de Estados Unidos. Con la mirada puesta en el futuro, la regi\u00f3n sigue siendo un actor clave para enfrentar los desaf\u00edos del desarrollo sostenible y la estabilidad econ\u00f3mica global.<\/p>\n\n\n\n<h3 class=\"wp-block-heading\">Los planes de Trump<\/h3>\n\n\n\n<p>El equipo del presidente electo Donald Trump est\u00e1 planeando una estrategia firme dirigida a Latinoam\u00e9rica, la cual ser\u00e1 clave en la implementaci\u00f3n de sus pol\u00edticas de deportaci\u00f3n masiva de migrantes, seg\u00fan confirmaron dos fuentes involucradas en las discusiones de transici\u00f3n.<\/p>\n\n\n\n<p>Este enfoque busca frenar el flujo migratorio y facilitar el retorno de personas indocumentadas desde Estados Unidos. Lograrlo depender\u00e1, en gran medida, de la diplomacia, que en el pasado ha enfrentado dificultades en contextos de relaciones tensas con algunos pa\u00edses de la regi\u00f3n.<\/p>\n\n\n\n<p>Las fuentes aseguran que esta vez cuentan con una preparaci\u00f3n m\u00e1s s\u00f3lida y una estrategia que incluye medidas contundentes, as\u00ed como posibles sanciones para aquellos pa\u00edses que no colaboren.<\/p>\n\n\n\n<p><video poster=\"https:\/\/gdb.voanews.com\/b2d7b362-046e-476f-b745-08feddd1524b_w650_r1.jpg\" src=\"blob:https:\/\/www.vozdeamerica.com\/257bdb6c-4f0e-421d-853b-a68f8893e379\" height=\"381\" width=\"676\"><\/video><\/p>\n\n\n\n<h5 class=\"wp-block-heading\"><a href=\"https:\/\/www.vozdeamerica.com\/a\/estados-unidos-alianza-america-latina-logros-desafios-vision-futuro\/7855889.html\" target=\"_blank\" rel=\"noreferrer noopener\">M\u00e9xico, Venezuela y la migraci\u00f3n: qu\u00e9 esperar en Am\u00e9rica Latina del segundo mandato de Donald Trump<\/a><\/h5>\n\n\n\n<p>\u00a0I<\/p>\n\n\n\n<ul class=\"wp-block-list\">\n<li><a href=\"https:\/\/facebook.com\/sharer.php?u=https%3a%2f%2fwww.vozdeamerica.com%2fa%2f7855889.html\" target=\"_blank\" rel=\"noreferrer noopener\">Comparta en Facebook<\/a><\/li>\n\n\n\n<li><a href=\"https:\/\/twitter.com\/share?url=https%3a%2f%2fwww.vozdeamerica.com%2fa%2f7855889.html&amp;text=M%c3%a9xico%2c+Venezuela+y+la+migraci%c3%b3n%3a+qu%c3%a9+esperar+en+Am%c3%a9rica+Latina+del+segundo+mandato+de+Donald+Trump\" target=\"_blank\" rel=\"noreferrer noopener\">Comparta en Twitter<\/a><\/li>\n<\/ul>\n\n\n\n<hr class=\"wp-block-separator has-alpha-channel-opacity\"\/>\n\n\n\n<p><a href=\"https:\/\/www.vozdeamerica.com\/embed\/player\/Article\/7855889.html?type=video&amp;FullScreenMode=True\" target=\"_blank\" rel=\"noreferrer noopener\"><\/a><\/p>\n\n\n\n<p>&nbsp;Descargar&nbsp;<\/p>\n\n\n\n<p>\u00abCada herramienta est\u00e1 en nuestro arsenal. Hay un flujo constante de creatividad\u00bb, se\u00f1al\u00f3 un portavoz de Trump en un encuentro reciente con representantes de los medios de comunicaci\u00f3n, destacando la flexibilidad del plan.<\/p>\n\n\n\n<p>La estrategia contempla fortalecer la cooperaci\u00f3n con M\u00e9xico, retomando acuerdos que limitan las solicitudes de asilo en Estados Unidos para migrantes que atraviesen ciertos territorios, y reforzar el trabajo conjunto con Panam\u00e1 para controlar el tr\u00e1nsito a trav\u00e9s del Tap\u00f3n del Dari\u00e9n.<\/p>\n\n\n\n<p>Los planes, sin embargo, exigen un respaldo decidido de los socios regionales en tanto que, desde el equipo del presidente electo, aseguran que se han identificado tanto los incentivos como las presiones necesarias para garantizar la cooperaci\u00f3n de estos pa\u00edses.<\/p>\n\n\n\n<p>\u00abTodo est\u00e1 sobre la mesa\u00bb, enfatiz\u00f3 una de las fuentes, subrayando la importancia de establecer consecuencias claras para aquellos que no cumplan. \u00abUna vez que el presidente restablezca la credibilidad y las consecuencias, no es algo que se tome a la ligera\u00bb, apuntaron.<\/p>\n","protected":false},"excerpt":{"rendered":"<p>ARCHIVO &#8211; El subsecretario de Estado de los Estados Unidos para el Crecimiento Econ\u00f3mico, Energ\u00eda y Medio Ambiente, Jos\u00e9 W. Fern\u00e1ndez, habla durante una conferencia de prensa en la Embajada de los Estados Unidos en Yakarta, Indonesia, el 15 de julio de 2024. diciembre 04, 2024 &nbsp;Vea comentarios La administraci\u00f3n del presidente estadounidense Joe Biden [&hellip;]<\/p>\n","protected":false},"author":28,"featured_media":580164,"comment_status":"closed","ping_status":"closed","sticky":true,"template":"","format":"standard","meta":{"footnotes":""},"categories":[18,23],"tags":[],"class_list":["post-580163","post","type-post","status-publish","format-standard","has-post-thumbnail","hentry","category-economia","category-internacional"],"_links":{"self":[{"href":"https:\/\/diariodominicano.com\/index.php?rest_route=\/wp\/v2\/posts\/580163","targetHints":{"allow":["GET"]}}],"collection":[{"href":"https:\/\/diariodominicano.com\/index.php?rest_route=\/wp\/v2\/posts"}],"about":[{"href":"https:\/\/diariodominicano.com\/index.php?rest_route=\/wp\/v2\/types\/post"}],"author":[{"embeddable":true,"href":"https:\/\/diariodominicano.com\/index.php?rest_route=\/wp\/v2\/users\/28"}],"replies":[{"embeddable":true,"href":"https:\/\/diariodominicano.com\/index.php?rest_route=%2Fwp%2Fv2%2Fcomments&post=580163"}],"version-history":[{"count":2,"href":"https:\/\/diariodominicano.com\/index.php?rest_route=\/wp\/v2\/posts\/580163\/revisions"}],"predecessor-version":[{"id":580167,"href":"https:\/\/diariodominicano.com\/index.php?rest_route=\/wp\/v2\/posts\/580163\/revisions\/580167"}],"wp:featuredmedia":[{"embeddable":true,"href":"https:\/\/diariodominicano.com\/index.php?rest_route=\/wp\/v2\/media\/580164"}],"wp:attachment":[{"href":"https:\/\/diariodominicano.com\/index.php?rest_route=%2Fwp%2Fv2%2Fmedia&parent=580163"}],"wp:term":[{"taxonomy":"category","embeddable":true,"href":"https:\/\/diariodominicano.com\/index.php?rest_route=%2Fwp%2Fv2%2Fcategories&post=580163"},{"taxonomy":"post_tag","embeddable":true,"href":"https:\/\/diariodominicano.com\/index.php?rest_route=%2Fwp%2Fv2%2Ftags&post=580163"}],"curies":[{"name":"wp","href":"https:\/\/api.w.org\/{rel}","templated":true}]}}