{"id":580158,"date":"2024-12-04T21:46:26","date_gmt":"2024-12-05T01:46:26","guid":{"rendered":"https:\/\/diariodominicano.com\/?p=580158"},"modified":"2024-12-04T21:46:33","modified_gmt":"2024-12-05T01:46:33","slug":"rawayana-suspende-gira-en-venezuela-tras-reproches-de-maduro-a-su-cancion-veneka","status":"publish","type":"post","link":"https:\/\/diariodominicano.com\/?p=580158","title":{"rendered":"Rawayana suspende gira en Venezuela tras reproches de Maduro a su canci\u00f3n \u201cVeneka\u201d"},"content":{"rendered":"\n<p>ARCHIVO &#8211; La banda musical venezolana Rawayana posa con su premio Latin Grammy a la mejor canci\u00f3n pop, \u00abFeriado\u00bb, en Miami, Estados Unidos, el 14 de noviembre de 2024.<\/p>\n\n\n\n<p>diciembre 04, 2024<\/p>\n\n\n\n<ul class=\"wp-block-list\">\n<li><a href=\"https:\/\/www.vozdeamerica.com\/author\/voz-de-america-redaccion\/p_kym\">Voz de Am\u00e9rica &#8211; Redacci\u00f3n<\/a><\/li>\n<\/ul>\n\n\n\n<figure class=\"wp-block-image\"><img decoding=\"async\" src=\"https:\/\/gdb.voanews.com\/ff6759fa-0b9e-4a4a-9332-1aa527d0e8b2_cx0_cy5_cw0_w650_r1_s.jpg\" alt=\"ARCHIVO - La banda musical venezolana Rawayana posa con su premio Latin Grammy a la mejor canci\u00f3n pop, &quot;Feriado&quot;, en Miami, Estados Unidos, el 14 de noviembre de 2024.\"\/><figcaption class=\"wp-element-caption\">ARCHIVO &#8211; La banda musical venezolana Rawayana posa con su premio Latin Grammy a la mejor canci\u00f3n pop, \u00abFeriado\u00bb, en Miami, Estados Unidos, el 14 de noviembre de 2024.<\/figcaption><\/figure>\n\n\n\n<ul class=\"wp-block-list\">\n<li><a href=\"https:\/\/facebook.com\/sharer.php?u=https%3a%2f%2fwww.vozdeamerica.com%2fa%2frawayana-suspende-gira-en-venezuela-tras-reproches-de-maduro-a-su-cancion-veneka-%2f7887182.html\" target=\"_blank\" rel=\"noreferrer noopener\"><\/a><\/li>\n\n\n\n<li><a href=\"https:\/\/twitter.com\/share?url=https%3a%2f%2fwww.vozdeamerica.com%2fa%2frawayana-suspende-gira-en-venezuela-tras-reproches-de-maduro-a-su-cancion-veneka-%2f7887182.html&amp;text=Rawayana+suspende+gira+en+Venezuela+tras+reproches+de+Maduro+a+su+canci%c3%b3n+%e2%80%9cVeneka%e2%80%9d\" target=\"_blank\" rel=\"noreferrer noopener\"><\/a><\/li>\n\n\n\n<li><\/li>\n\n\n\n<li><a href=\"mailto:?body=https%3a%2f%2fwww.vozdeamerica.com%2fa%2frawayana-suspende-gira-en-venezuela-tras-reproches-de-maduro-a-su-cancion-veneka-%2f7887182.html&amp;subject=Rawayana%20suspende%20gira%20en%20Venezuela%20tras%20reproches%20de%20Maduro%20a%20su%20canci%C3%B3n%20%E2%80%9CVeneka%E2%80%9D\"><\/a><\/li>\n<\/ul>\n\n\n\n<p><a href=\"https:\/\/www.vozdeamerica.com\/a\/rawayana-suspende-gira-en-venezuela-tras-reproches-de-maduro-a-su-cancion-veneka-\/7887182.html#comments\">&nbsp;Vea comentarios<\/a><\/p>\n\n\n\n<p>Rawayana, banda nominada a los Grammy, suspendi\u00f3 las 10 presentaciones en su natal Venezuela d\u00edas despu\u00e9s de que el presidente Nicol\u00e1s Maduro critic\u00f3 el contenido de su canci\u00f3n \u201cVeneka\u201d. La agrupaci\u00f3n apoy\u00f3 al candidato presidencial opositor en julio.<\/p>\n\n\n\n<p>\u201cVeneka\u201d, la \u00faltima canci\u00f3n de Rawayana que busca revertir ese t\u00e9rmino peyorativo hacia la migraci\u00f3n venezolana en pa\u00edses extranjeros, es el centro de una pol\u00e9mica que ha incluido la c\u00f3lera del presidente Nicol\u00e1s Maduro, la suspensi\u00f3n de la gira de la banda por su pa\u00eds y la promesa de la dirigencia antichavista de que podr\u00e1n volver a la naci\u00f3n \u201cen libertad\u201d.<\/p>\n\n\n\n<p>Maduro critic\u00f3 vehemente el fin de semana el hit de Rawayana, en colaboraci\u00f3n con el rapero Akapellah, considerando que era un \u201cinsulto\u201d contra las venezolanas.<\/p>\n\n\n\n<p>En un acto p\u00fablico llamado \u201cLa toma de Caracas\u201d, Maduro dijo que a las mujeres venezolanas \u201cse les dice \u2018dignidad\u2019, \u2018respeto\u2019 y se les dice venezolanas, no son \u2018venecas\u2019\u201d, llamando a sus simpatizantes a salir \u201cen defensa de la identidad de las mujeres venezolanas\u201d.<\/p>\n\n\n\n<figure class=\"wp-block-embed is-type-rich is-provider-gestor-del-servicio wp-block-embed-gestor-del-servicio\"><div class=\"wp-block-embed__wrapper\">\nhttps:\/\/youtube.com\/watch?v=8gFs7Mgj3-g%3F%26%26%26fs%3D1%26enablejsapi%3D1%26rel%3D0\n<\/div><\/figure>\n\n\n\n<p>Aunque sin mencionar a Rawayana, acus\u00f3 a esa canci\u00f3n de tratar de \u201cdesfigurar nuestra identidad\u201d. \u201c\u00bfEso lo sabr\u00e1 la gente que hizo esa canci\u00f3n?\u201d, se pregunt\u00f3, iracundo.<\/p>\n\n\n\n<p>Rawayana, considerada una de las agrupaciones venezolanas de mayor \u00e9xito y proyecci\u00f3n internacional, lanz\u00f3 \u201cVeneka\u201d el 21 de octubre como contraparte del t\u00e9rmino despectivo que se usa en algunas naciones americanas contra la migraci\u00f3n venezolana, \u201cvenecos\u201d.<\/p>\n\n\n\n<p>\u201cVeneco\u201d es considerado un t\u00e9rmino despectivo a los migrantes venezolanos cuyo origen se remonta a la d\u00e9cada de los 1970. Se usaba entonces para identificar a los emigrantes colombianos que iban a Venezuela o sus hijos que adoptaban sus costumbres y acentos.<\/p>\n\n\n\n<p>En aquella \u00e9poca, no ten\u00eda una connotaci\u00f3n xenof\u00f3bica, como la que ha quedado expresada en tiempos recientes en grafitis, protestas populares e incluso menciones de funcionarios p\u00fablicos contra la migraci\u00f3n venezolana en pa\u00edses como Per\u00fa, Chile y Colombia.<\/p>\n\n\n\n<p>El diccionario de americanismos de la Asociaci\u00f3n de Academias de la Lengua Espa\u00f1ola precisa que es un adjetivo peyorativo relativo a Venezuela. En el caso de \u201cVeneka\u201d, Rawayana usa el t\u00e9rmino para elogiar la belleza e impacto de la mujer venezolana.<\/p>\n\n\n\n<p><a href=\"https:\/\/www.vozdeamerica.com\/a\/diosdado-cabello-se-convierte-gran-censor-artistas-musicales-extranjeros-venezuela\/6764283.html\"><\/a><\/p>\n\n\n\n<p><a href=\"https:\/\/www.vozdeamerica.com\/a\/diosdado-cabello-se-convierte-gran-censor-artistas-musicales-extranjeros-venezuela\/6764283.html\">Tambi\u00e9n lea<\/a><\/p>\n\n\n\n<h4 class=\"wp-block-heading\"><a href=\"https:\/\/www.vozdeamerica.com\/a\/diosdado-cabello-se-convierte-gran-censor-artistas-musicales-extranjeros-venezuela\/6764283.html\">Diosdado Cabello se convierte en el gran censor de artistas musicales extranjeros en Venezuela<\/a><\/h4>\n\n\n\n<p>\u201c\u00bfD\u00f3nde est\u00e1n las mujeres venekas, que son las boletas (las mejores)? No van para el gym, pero tienen cuerpo de atleta. No se sabe si son las cachapas o son las arepas, todas llevan queso (admiraci\u00f3n f\u00edsica), si me mira la beso\u201d, reza el coro de la canci\u00f3n.<\/p>\n\n\n\n<p>Seg\u00fan Rawayana y Akapellah, las venezolanas son \u201cla jefa\u201d, \u201clas due\u00f1as del party (fiesta)\u201d y \u201cm\u00e1s fieles que un Yaris\u201d. \u201cCuando te hablan con el acento te flechan\u201d, a\u00f1ade su letra.<\/p>\n\n\n\n<p>De acuerdo con Record Report, un monitor de las 100 canciones m\u00e1s escuchadas del pa\u00eds, \u201cVeneka\u201d ocupa esta semana el puesto 9 y lleg\u00f3 a estar en la casilla n\u00famero 6.<\/p>\n\n\n\n<h3 class=\"wp-block-heading\">\u00abCelebraci\u00f3n\u00bb de belleza y empoderamiento<\/h3>\n\n\n\n<p>Seg\u00fan una nota de hace semanas atribuida a Rawayana, la canci\u00f3n \u201ces una celebraci\u00f3n de la belleza, diversidad y el empoderamiento de la mujer venezolana\u201d y busca \u201capropiarse de un t\u00e9rmino hist\u00f3ricamente usado para discriminar a los venezolanos, transform\u00e1ndolo en un s\u00edmbolo de orgullo y empoderamiento que celebra la identidad venezolana\u201d.<\/p>\n\n\n\n<p>Ha sido adem\u00e1s banda sonora de miles de videos en TikTok e Instagram. Rawayana, que afirma en su canci\u00f3n que \u201cVenezuela no falla\u201d, ha explicado que no s\u00f3lo quieren elogiar la belleza est\u00e9tica de las venezolanas, sino su \u00e9xito personal y profesional.<\/p>\n\n\n\n<p>Rawayana est\u00e1 integrada por cuatro m\u00fasicos nacidos en Venezuela: su vocalista y guitarrista es Alberto \u201cBeto\u201d Montenegro; el bajista Antonio \u00abTony\u00bb Casas; el baterista Andr\u00e9s \u00abFofo\u00bb Story; y su guitarrista Alejandro \u201cAbeja\u201d Abeij\u00f3n. Su g\u00e9nero musical es diverso, pasando por el reggae, funk, soul, rock y ritmos del Caribe.<\/p>\n\n\n\n<p>En una entrevista reciente con el diario El Pitazo, \u201cBeto\u201d afirm\u00f3 que \u201cVeneka\u201d es una mujer que causa \u201cimpacto\u201d donde llega, es coqueta y \u201csabe resolver\u201d sus asuntos de vida.<\/p>\n\n\n\n<p>https:\/\/platform.twitter.com\/embed\/Tweet.html?dnt=false&#038;embedId=twitter-widget-0&#038;features=eyJ0ZndfdGltZWxpbmVfbGlzdCI6eyJidWNrZXQiOltdLCJ2ZXJzaW9uIjpudWxsfSwidGZ3X2ZvbGxvd2VyX2NvdW50X3N1bnNldCI6eyJidWNrZXQiOnRydWUsInZlcnNpb24iOm51bGx9LCJ0ZndfdHdlZXRfZWRpdF9iYWNrZW5kIjp7ImJ1Y2tldCI6Im9uIiwidmVyc2lvbiI6bnVsbH0sInRmd19yZWZzcmNfc2Vzc2lvbiI6eyJidWNrZXQiOiJvbiIsInZlcnNpb24iOm51bGx9LCJ0ZndfZm9zbnJfc29mdF9pbnRlcnZlbnRpb25zX2VuYWJsZWQiOnsiYnVja2V0Ijoib24iLCJ2ZXJzaW9uIjpudWxsfSwidGZ3X21peGVkX21lZGlhXzE1ODk3Ijp7ImJ1Y2tldCI6InRyZWF0bWVudCIsInZlcnNpb24iOm51bGx9LCJ0ZndfZXhwZXJpbWVudHNfY29va2llX2V4cGlyYXRpb24iOnsiYnVja2V0IjoxMjA5NjAwLCJ2ZXJzaW9uIjpudWxsfSwidGZ3X3Nob3dfYmlyZHdhdGNoX3Bpdm90c19lbmFibGVkIjp7ImJ1Y2tldCI6Im9uIiwidmVyc2lvbiI6bnVsbH0sInRmd19kdXBsaWNhdGVfc2NyaWJlc190b19zZXR0aW5ncyI6eyJidWNrZXQiOiJvbiIsInZlcnNpb24iOm51bGx9LCJ0ZndfdXNlX3Byb2ZpbGVfaW1hZ2Vfc2hhcGVfZW5hYmxlZCI6eyJidWNrZXQiOiJvbiIsInZlcnNpb24iOm51bGx9LCJ0ZndfdmlkZW9faGxzX2R5bmFtaWNfbWFuaWZlc3RzXzE1MDgyIjp7ImJ1Y2tldCI6InRydWVfYml0cmF0ZSIsInZlcnNpb24iOm51bGx9LCJ0ZndfbGVnYWN5X3RpbWVsaW5lX3N1bnNldCI6eyJidWNrZXQiOnRydWUsInZlcnNpb24iOm51bGx9LCJ0ZndfdHdlZXRfZWRpdF9mcm9udGVuZCI6eyJidWNrZXQiOiJvbiIsInZlcnNpb24iOm51bGx9fQ%3D%3D&#038;frame=false&#038;hideCard=false&#038;hideThread=false&#038;id=1864120740246687868&#038;lang=es&#038;origin=https%3A%2F%2Fwww.vozdeamerica.com%2Fa%2Frawayana-suspende-gira-en-venezuela-tras-reproches-de-maduro-a-su-cancion-veneka-%2F7887182.html&#038;sessionId=1914356cedec9df0e11551b8be3935b0c2b04597&#038;siteScreenName=voanoticias&#038;theme=light&#038;widgetsVersion=2615f7e52b7e0%3A1702314776716&#038;width=550px<\/p>\n\n\n\n<p>Sin embargo, su mensaje enfureci\u00f3 a Maduro, que llam\u00f3 a las mujeres venezolanas a quejarse de ella en redes sociales. \u201cEl grupo que hizo esa canci\u00f3n tan insultante, tan despreciativa, tan horrible como \u2018veneka\u2019, no la embarr\u00f3, la puso\u201d, dijo el fin de semana.<\/p>\n\n\n\n<p>Tanto Maduro como su ministro del Interior Diosdado Cabello han criticado e incluso vetado conciertos en Venezuela de artistas que alguna vez criticaron su proyecto pol\u00edtico, como el colombiano Juanes, el espa\u00f1ol Alejandro Sanz y el puertorrique\u00f1o Luis Fonsi.<\/p>\n\n\n\n<h3 class=\"wp-block-heading\">Conciertos suspendidos<\/h3>\n\n\n\n<p>Al d\u00eda siguiente de sus cr\u00edticas a la canci\u00f3n, un grupo de productoras de eventos musicales publicaron comunicados desmintiendo su vinculaci\u00f3n con la gira de Rawayana, con varias fechas previstas para diciembre en ciudades como Maracaibo, Caracas y Margarita.<\/p>\n\n\n\n<p>La agrupaci\u00f3n anunci\u00f3 la noche del martes que suspend\u00eda las 10 presentaciones que ten\u00eda previstas en Venezuela. En ciudades de su pa\u00eds natal, pretend\u00edan cerrar su gira \u201c\u00bfQui\u00e9n trae las cornetas?\u201d, que los ha llevado a tocar m\u00e1s de 100&nbsp;<em>shows<\/em>&nbsp;en sitios como Santiago de Chile, Buenos Aires, Madrid, Los \u00c1ngeles, Ciudad de M\u00e9xico y Bogot\u00e1.<\/p>\n\n\n\n<p>\u201cCancelado nuestro tour por Venezuela. As\u00ed es como nos despedimos de nuestro pa\u00eds hasta nuevo aviso. Nuestra m\u00fasica no est\u00e1 hecha para dividir. Paz\u201d, escribieron en su cuenta oficial en X.<\/p>\n\n\n\n<p>Rawayana gan\u00f3 el mes pasado el premio Grammy Latino a la mejor canci\u00f3n pop del a\u00f1o, con su tema \u201cFeriado\u201d. Est\u00e1 nominada en la categor\u00eda de mejor \u00e1lbum de rock latino o alternativo en los Grammy, que se entregar\u00e1n en febrero del pr\u00f3ximo a\u00f1o.<\/p>\n\n\n\n<p>Este mi\u00e9rcoles, la dirigente opositora Mar\u00eda Corina Machado reaccion\u00f3 al anuncio de suspensi\u00f3n de la gira de Rawayana. \u201cEl nuevo aviso ser\u00e1 pronto. \u00a1En libertad!\u201d, escribi\u00f3 Machado en X al mensaje de la agrupaci\u00f3n venezolana.<\/p>\n\n\n\n<p>https:\/\/platform.twitter.com\/embed\/Tweet.html?dnt=false&#038;embedId=twitter-widget-1&#038;features=eyJ0ZndfdGltZWxpbmVfbGlzdCI6eyJidWNrZXQiOltdLCJ2ZXJzaW9uIjpudWxsfSwidGZ3X2ZvbGxvd2VyX2NvdW50X3N1bnNldCI6eyJidWNrZXQiOnRydWUsInZlcnNpb24iOm51bGx9LCJ0ZndfdHdlZXRfZWRpdF9iYWNrZW5kIjp7ImJ1Y2tldCI6Im9uIiwidmVyc2lvbiI6bnVsbH0sInRmd19yZWZzcmNfc2Vzc2lvbiI6eyJidWNrZXQiOiJvbiIsInZlcnNpb24iOm51bGx9LCJ0ZndfZm9zbnJfc29mdF9pbnRlcnZlbnRpb25zX2VuYWJsZWQiOnsiYnVja2V0Ijoib24iLCJ2ZXJzaW9uIjpudWxsfSwidGZ3X21peGVkX21lZGlhXzE1ODk3Ijp7ImJ1Y2tldCI6InRyZWF0bWVudCIsInZlcnNpb24iOm51bGx9LCJ0ZndfZXhwZXJpbWVudHNfY29va2llX2V4cGlyYXRpb24iOnsiYnVja2V0IjoxMjA5NjAwLCJ2ZXJzaW9uIjpudWxsfSwidGZ3X3Nob3dfYmlyZHdhdGNoX3Bpdm90c19lbmFibGVkIjp7ImJ1Y2tldCI6Im9uIiwidmVyc2lvbiI6bnVsbH0sInRmd19kdXBsaWNhdGVfc2NyaWJlc190b19zZXR0aW5ncyI6eyJidWNrZXQiOiJvbiIsInZlcnNpb24iOm51bGx9LCJ0ZndfdXNlX3Byb2ZpbGVfaW1hZ2Vfc2hhcGVfZW5hYmxlZCI6eyJidWNrZXQiOiJvbiIsInZlcnNpb24iOm51bGx9LCJ0ZndfdmlkZW9faGxzX2R5bmFtaWNfbWFuaWZlc3RzXzE1MDgyIjp7ImJ1Y2tldCI6InRydWVfYml0cmF0ZSIsInZlcnNpb24iOm51bGx9LCJ0ZndfbGVnYWN5X3RpbWVsaW5lX3N1bnNldCI6eyJidWNrZXQiOnRydWUsInZlcnNpb24iOm51bGx9LCJ0ZndfdHdlZXRfZWRpdF9mcm9udGVuZCI6eyJidWNrZXQiOiJvbiIsInZlcnNpb24iOm51bGx9fQ%3D%3D&#038;frame=false&#038;hideCard=false&#038;hideThread=false&#038;id=1864138573521252789&#038;lang=es&#038;origin=https%3A%2F%2Fwww.vozdeamerica.com%2Fa%2Frawayana-suspende-gira-en-venezuela-tras-reproches-de-maduro-a-su-cancion-veneka-%2F7887182.html&#038;sessionId=1914356cedec9df0e11551b8be3935b0c2b04597&#038;siteScreenName=voanoticias&#038;theme=light&#038;widgetsVersion=2615f7e52b7e0%3A1702314776716&#038;width=550px<\/p>\n\n\n\n<p>La banda musical apoy\u00f3 en junio y julio pasado la opci\u00f3n del candidato presidencial opositor Edmundo Gonz\u00e1lez Urrutia. En sus redes sociales, publicaron la boleta electoral con la figura del dirigente antichavista resaltada y varios emoticones de risas.<\/p>\n\n\n\n<p>\u201cRawayana\u201d y \u201cVeneka\u201d eran tendencias este mi\u00e9rcoles en Venezuela en X, red social vetada por el gobierno y a la que s\u00f3lo se puede ingresar con el uso de un VPN.<\/p>\n","protected":false},"excerpt":{"rendered":"<p>ARCHIVO &#8211; La banda musical venezolana Rawayana posa con su premio Latin Grammy a la mejor canci\u00f3n pop, \u00abFeriado\u00bb, en Miami, Estados Unidos, el 14 de noviembre de 2024. diciembre 04, 2024 &nbsp;Vea comentarios Rawayana, banda nominada a los Grammy, suspendi\u00f3 las 10 presentaciones en su natal Venezuela d\u00edas despu\u00e9s de que el presidente Nicol\u00e1s [&hellip;]<\/p>\n","protected":false},"author":28,"featured_media":580161,"comment_status":"closed","ping_status":"closed","sticky":true,"template":"","format":"standard","meta":{"footnotes":""},"categories":[36,25,23],"tags":[],"class_list":["post-580158","post","type-post","status-publish","format-standard","has-post-thumbnail","hentry","category-hombresmujeresycosas","category-gente","category-internacional"],"_links":{"self":[{"href":"https:\/\/diariodominicano.com\/index.php?rest_route=\/wp\/v2\/posts\/580158","targetHints":{"allow":["GET"]}}],"collection":[{"href":"https:\/\/diariodominicano.com\/index.php?rest_route=\/wp\/v2\/posts"}],"about":[{"href":"https:\/\/diariodominicano.com\/index.php?rest_route=\/wp\/v2\/types\/post"}],"author":[{"embeddable":true,"href":"https:\/\/diariodominicano.com\/index.php?rest_route=\/wp\/v2\/users\/28"}],"replies":[{"embeddable":true,"href":"https:\/\/diariodominicano.com\/index.php?rest_route=%2Fwp%2Fv2%2Fcomments&post=580158"}],"version-history":[{"count":1,"href":"https:\/\/diariodominicano.com\/index.php?rest_route=\/wp\/v2\/posts\/580158\/revisions"}],"predecessor-version":[{"id":580162,"href":"https:\/\/diariodominicano.com\/index.php?rest_route=\/wp\/v2\/posts\/580158\/revisions\/580162"}],"wp:featuredmedia":[{"embeddable":true,"href":"https:\/\/diariodominicano.com\/index.php?rest_route=\/wp\/v2\/media\/580161"}],"wp:attachment":[{"href":"https:\/\/diariodominicano.com\/index.php?rest_route=%2Fwp%2Fv2%2Fmedia&parent=580158"}],"wp:term":[{"taxonomy":"category","embeddable":true,"href":"https:\/\/diariodominicano.com\/index.php?rest_route=%2Fwp%2Fv2%2Fcategories&post=580158"},{"taxonomy":"post_tag","embeddable":true,"href":"https:\/\/diariodominicano.com\/index.php?rest_route=%2Fwp%2Fv2%2Ftags&post=580158"}],"curies":[{"name":"wp","href":"https:\/\/api.w.org\/{rel}","templated":true}]}}