{"id":580123,"date":"2024-12-04T17:04:36","date_gmt":"2024-12-04T21:04:36","guid":{"rendered":"https:\/\/diariodominicano.com\/?p=580123"},"modified":"2024-12-04T21:39:14","modified_gmt":"2024-12-05T01:39:14","slug":"daniel-lajara-recibe-galardon-como-promesa-de-la-comunicacion-en-premios-la-flor-2024","status":"publish","type":"post","link":"https:\/\/diariodominicano.com\/?p=580123","title":{"rendered":"D\u00e1niel Lajara recibe galard\u00f3n como \u00abPromesa de la Comunicaci\u00f3n\u00bb en premios La Flor 2024"},"content":{"rendered":"\n<p>En la 4ta edici\u00f3n de los Premios La Flor 2024, celebrada el pasado martes 3 de diciembre, D\u00e1niel Lajara fue reconocido como la \u00abPromesa de la Comunicaci\u00f3n\u00bb. Este destacado galard\u00f3n honra su incansable labor como comunicador y reportero, y reafirma su compromiso con una comunicaci\u00f3n basada en valores y principios cristianos.<\/p>\n\n\n\n<p>Lajara, originario de Ban\u00ed, provincia Peravia, inici\u00f3 su trayectoria profesional en la televisi\u00f3n dominicana el 27 de diciembre de 2021, cuando fue seleccionado en vivo durante una transmisi\u00f3n de El Show del Mediod\u00eda. Su impacto comenz\u00f3 al reportar sobre la tragedia de seis banilejos que perdieron la vida en un accidente en Chiapas, M\u00e9xico. Desde entonces, ha realizado investigaciones y reportajes de alto impacto como el caso de Alexis Villalona y Santa Guzm\u00e1n, la extracci\u00f3n ilegal de materiales en el r\u00edo Nizao y las Dunas de Ban\u00ed, la situaci\u00f3n fronteriza entre Hait\u00ed y Rep\u00fablica Dominicana, y la visita del presidente Luis Abinader a Guyana.<\/p>\n\n\n\n<figure class=\"wp-block-image\"><img decoding=\"async\" src=\"https:\/\/diariodominicano.com\/wp-content\/uploads\/2024\/12\/Daniel-Lajara-1024x1024.jpg\" alt=\"\"\/><\/figure>\n\n\n\n<p>Con apenas dos a\u00f1os y once meses como reportero y presentador en El Show del Mediod\u00eda,&nbsp; Lajara se ha consolidado como una joven figura destacada de la televisi\u00f3n dominicana.<\/p>\n\n\n\n<p>Adem\u00e1s de su labor period\u00edstica, es creador de contenido cristiano enfocado en predicar sobre Jes\u00fas, embajador de YouVersion para la experiencia b\u00edblica de ni\u00f1os y adultos, y activista social y comunitario a trav\u00e9s de la Fundaci\u00f3n Lajara y el Movimiento Juventud Empoderada.<\/p>\n\n\n\n<p>Lajara tambi\u00e9n tuvo un papel clave como conductor digital de la gala de Premios La Flor 2024, junto a Chantell Garc\u00eda, conocida por su participaci\u00f3n en Divertido con Jochy.<\/p>\n\n\n\n<p>En su discurso de aceptaci\u00f3n, D\u00e1niel expres\u00f3 su gratitud a Dios, a su familia y compa\u00f1eros de trabajo, dedicando el reconocimiento a la juventud dominicana que lucha con integridad y fe en un mundo complejo. \u201cSomos la mayor\u00eda los que asumimos el rol de sal de la tierra y luz del mundo, porque todo lo que somos, hacemos y tenemos es por favor y gracia de Cristo\u201d, afirm\u00f3, citando el pasaje b\u00edblico de Eclesiast\u00e9s 3:1.<\/p>\n\n\n\n<p>El joven comunicador ha logrado no solo ganarse el coraz\u00f3n de los dominicanos, sino tambi\u00e9n establecer un ejemplo de liderazgo y compromiso con la verdad, la fe y el servicio a la comunidad.<\/p>\n\n\n\n<p><strong>CM Comunicate<\/strong>\u00a0&lt;cmcomunicaterd@gmail.com> <\/p>\n","protected":false},"excerpt":{"rendered":"<p>En la 4ta edici\u00f3n de los Premios La Flor 2024, celebrada el pasado martes 3 de diciembre, D\u00e1niel Lajara fue reconocido como la \u00abPromesa de la Comunicaci\u00f3n\u00bb. Este destacado galard\u00f3n honra su incansable labor como comunicador y reportero, y reafirma su compromiso con una comunicaci\u00f3n basada en valores y principios cristianos. Lajara, originario de Ban\u00ed, [&hellip;]<\/p>\n","protected":false},"author":7,"featured_media":580140,"comment_status":"closed","ping_status":"closed","sticky":true,"template":"","format":"standard","meta":{"footnotes":""},"categories":[25],"tags":[1086],"class_list":["post-580123","post","type-post","status-publish","format-standard","has-post-thumbnail","hentry","category-gente","tag-daniel-lajara"],"_links":{"self":[{"href":"https:\/\/diariodominicano.com\/index.php?rest_route=\/wp\/v2\/posts\/580123","targetHints":{"allow":["GET"]}}],"collection":[{"href":"https:\/\/diariodominicano.com\/index.php?rest_route=\/wp\/v2\/posts"}],"about":[{"href":"https:\/\/diariodominicano.com\/index.php?rest_route=\/wp\/v2\/types\/post"}],"author":[{"embeddable":true,"href":"https:\/\/diariodominicano.com\/index.php?rest_route=\/wp\/v2\/users\/7"}],"replies":[{"embeddable":true,"href":"https:\/\/diariodominicano.com\/index.php?rest_route=%2Fwp%2Fv2%2Fcomments&post=580123"}],"version-history":[{"count":2,"href":"https:\/\/diariodominicano.com\/index.php?rest_route=\/wp\/v2\/posts\/580123\/revisions"}],"predecessor-version":[{"id":580142,"href":"https:\/\/diariodominicano.com\/index.php?rest_route=\/wp\/v2\/posts\/580123\/revisions\/580142"}],"wp:featuredmedia":[{"embeddable":true,"href":"https:\/\/diariodominicano.com\/index.php?rest_route=\/wp\/v2\/media\/580140"}],"wp:attachment":[{"href":"https:\/\/diariodominicano.com\/index.php?rest_route=%2Fwp%2Fv2%2Fmedia&parent=580123"}],"wp:term":[{"taxonomy":"category","embeddable":true,"href":"https:\/\/diariodominicano.com\/index.php?rest_route=%2Fwp%2Fv2%2Fcategories&post=580123"},{"taxonomy":"post_tag","embeddable":true,"href":"https:\/\/diariodominicano.com\/index.php?rest_route=%2Fwp%2Fv2%2Ftags&post=580123"}],"curies":[{"name":"wp","href":"https:\/\/api.w.org\/{rel}","templated":true}]}}