{"id":580003,"date":"2024-12-04T10:39:41","date_gmt":"2024-12-04T14:39:41","guid":{"rendered":"https:\/\/diariodominicano.com\/?p=580003"},"modified":"2024-12-04T11:47:27","modified_gmt":"2024-12-04T15:47:27","slug":"ministro-de-salud-impulsa-acciones-para-mejorar-la-salud-mental-en-republica-dominicana","status":"publish","type":"post","link":"https:\/\/diariodominicano.com\/?p=580003","title":{"rendered":"Ministro de Salud impulsa acciones para mejorar la salud mental en Rep\u00fablica Dominicana"},"content":{"rendered":"\n<p>diariodominicano.com<\/p>\n\n\n\n<p>Santo Domingo, R. D.,\u20024 de diciembre, 2024.- El ministro de Salud,\u00a0<strong>V\u00edctor Atallah<\/strong>, destac\u00f3 las acciones que se realizan para contribuir con el bienestar de la\u00a0<strong>salud mental de la poblaci\u00f3n<\/strong>, entre ellas las atenciones brindadas a\u00a0<strong>m\u00e1s de 15,000 personas<\/strong>\u00a0a trav\u00e9s del\u00a0<strong>centro de contacto Cuida tu Salud Mental<\/strong>, desde su puesta en funcionamiento.<\/p>\n\n\n\n<p>Al participar en el&nbsp;<strong>Foro Mental con Enfoque de Curso de Vida 2024<\/strong>, organizado por los departamentos de Curso de Vida y de Salud Mental del Ministerio de Salud, el funcionario detall\u00f3 que desde esta instituci\u00f3n se trabaja, junto con el Ministerio de Educaci\u00f3n, en la&nbsp;<strong>prevenci\u00f3n y mejor\u00eda de la salud mental de los estudiantes<\/strong>, a trav\u00e9s del aumento de las&nbsp;<strong>orientaciones psicol\u00f3gicas en las escuelas<\/strong>.<\/p>\n\n\n\n<p>Agreg\u00f3 que en las orientaciones psicol\u00f3gicas tambi\u00e9n ser\u00e1n incluidas&nbsp;<strong>las familias de los estudiantes&nbsp;<\/strong>para lograr una&nbsp;<strong>salud mental integral<\/strong>&nbsp;en la poblaci\u00f3n.<\/p>\n\n\n\n<p>Indic\u00f3 que, adem\u00e1s, se trabaja en la incorporaci\u00f3n de la&nbsp;<strong>detecci\u00f3n de trastornos psicol\u00f3gicos en las emergencias de los hospitales<\/strong>, con preguntas a los pacientes sobre salud mental y la recopilaci\u00f3n de las historias de vida en un formulario.<\/p>\n\n\n\n<p>Resalt\u00f3 que para lograr una mayor efectividad en el tratamiento de salud mental tienen proyectado, junto con el\u00a0<strong>Servicio Nacional de Salud (SNS)<\/strong>, la incorporaci\u00f3n de\u00a0<strong>m\u00e1s psic\u00f3logos y siquiatras en las\u00a0<\/strong>\u00e1reas de atenci\u00f3n a los pacientes, y la\u00a0<strong>capacitaci\u00f3n de los m\u00e9dicos<\/strong>\u00a0para esa finalidad, con el apoyo de las sociedades m\u00e9dicas.<\/p>\n\n\n\n<p>Fuente: Direcci\u00f3n de Estrategia y Comunicaci\u00f3n<\/p>\n\n\n\n<p>Ministerio Administrativo de la Presidencia de la Rep\u00fablica Dominicana<\/p>\n","protected":false},"excerpt":{"rendered":"<p>diariodominicano.com Santo Domingo, R. D.,\u20024 de diciembre, 2024.- El ministro de Salud,\u00a0V\u00edctor Atallah, destac\u00f3 las acciones que se realizan para contribuir con el bienestar de la\u00a0salud mental de la poblaci\u00f3n, entre ellas las atenciones brindadas a\u00a0m\u00e1s de 15,000 personas\u00a0a trav\u00e9s del\u00a0centro de contacto Cuida tu Salud Mental, desde su puesta en funcionamiento. Al participar en [&hellip;]<\/p>\n","protected":false},"author":5,"featured_media":580004,"comment_status":"closed","ping_status":"closed","sticky":true,"template":"","format":"standard","meta":{"footnotes":""},"categories":[20,27],"tags":[],"class_list":["post-580003","post","type-post","status-publish","format-standard","has-post-thumbnail","hentry","category-dominicana-hoy","category-portada"],"_links":{"self":[{"href":"https:\/\/diariodominicano.com\/index.php?rest_route=\/wp\/v2\/posts\/580003","targetHints":{"allow":["GET"]}}],"collection":[{"href":"https:\/\/diariodominicano.com\/index.php?rest_route=\/wp\/v2\/posts"}],"about":[{"href":"https:\/\/diariodominicano.com\/index.php?rest_route=\/wp\/v2\/types\/post"}],"author":[{"embeddable":true,"href":"https:\/\/diariodominicano.com\/index.php?rest_route=\/wp\/v2\/users\/5"}],"replies":[{"embeddable":true,"href":"https:\/\/diariodominicano.com\/index.php?rest_route=%2Fwp%2Fv2%2Fcomments&post=580003"}],"version-history":[{"count":2,"href":"https:\/\/diariodominicano.com\/index.php?rest_route=\/wp\/v2\/posts\/580003\/revisions"}],"predecessor-version":[{"id":580006,"href":"https:\/\/diariodominicano.com\/index.php?rest_route=\/wp\/v2\/posts\/580003\/revisions\/580006"}],"wp:featuredmedia":[{"embeddable":true,"href":"https:\/\/diariodominicano.com\/index.php?rest_route=\/wp\/v2\/media\/580004"}],"wp:attachment":[{"href":"https:\/\/diariodominicano.com\/index.php?rest_route=%2Fwp%2Fv2%2Fmedia&parent=580003"}],"wp:term":[{"taxonomy":"category","embeddable":true,"href":"https:\/\/diariodominicano.com\/index.php?rest_route=%2Fwp%2Fv2%2Fcategories&post=580003"},{"taxonomy":"post_tag","embeddable":true,"href":"https:\/\/diariodominicano.com\/index.php?rest_route=%2Fwp%2Fv2%2Ftags&post=580003"}],"curies":[{"name":"wp","href":"https:\/\/api.w.org\/{rel}","templated":true}]}}