{"id":580000,"date":"2024-12-04T10:33:34","date_gmt":"2024-12-04T14:33:34","guid":{"rendered":"https:\/\/diariodominicano.com\/?p=580000"},"modified":"2024-12-04T10:33:42","modified_gmt":"2024-12-04T14:33:42","slug":"idac-reconoce-mas-de-300-colaboradores-por-su-labor-fidelidad-y-superacion-personal","status":"publish","type":"post","link":"https:\/\/diariodominicano.com\/?p=580000","title":{"rendered":"IDAC reconoce m\u00e1s de 300 colaboradores por su labor, fidelidad y superaci\u00f3n personal"},"content":{"rendered":"\n<p>diariodominicano.com<\/p>\n\n\n\n<p><strong>Santo Domingo, R. D.,<\/strong>\u2002<strong>4 de diciembre, 2024.-<\/strong>\u00a0Durante el acto \u201cVolando Alto\u201d, que forma parte de la Semana de la Aviaci\u00f3n Dominicana 2024, la direcci\u00f3n de Recursos Humanos del Instituto Dominicano de Aviaci\u00f3n Civil (IDAC) reconoci\u00f3 la fidelidad (tiempo en la instituci\u00f3n) y el esp\u00edritu de superaci\u00f3n de 365 colaboradores.<\/p>\n\n\n\n<p>Los seleccionados para esta nueva edici\u00f3n fueron, en la parte de fidelidad, 27 de cinco a\u00f1os; 53, de 10 a\u00f1os; 98, de 15 a\u00f1os; 138, de 20 a\u00f1os; 18, de 25 a\u00f1os; 18, de 30 a\u00f1os; ocho, de 35 a\u00f1os; y uno, de 40 a\u00f1os; en el rengl\u00f3n de superaci\u00f3n, reconocieron el esfuerzo de 8 colaboradores.<\/p>\n\n\n\n<p>El director general del IDAC, Igor Rodr\u00edguez Dur\u00e1n, reconoci\u00f3 el compromiso, disciplina y entrega al trabajo de los colaboradores reconocidos e inst\u00f3 a los que no resultaron incluidos en el listado, a mantenerse firmes en sus labores y continuar poniendo el mayor empe\u00f1o en cada una de las funciones que se les asigne.<\/p>\n\n\n\n<p>\u201cUstedes, con su compromiso diario, son el motor que impulsa nuestro vuelo hacia un mejor futuro. En estos primeros 100 d\u00edas de gesti\u00f3n, hemos trazado una ruta clara. Nos propusimos transformar no s\u00f3lo la forma en que trabajamos, sino tambi\u00e9n, la manera en que servimos a nuestra naci\u00f3n\u201d, motiv\u00f3 Rodr\u00edguez Dur\u00e1n.<\/p>\n\n\n\n<p>Adem\u00e1s, el titular del IDAC a\u00f1adi\u00f3 que, gracias a su arduo trabajo, la instituci\u00f3n ha avanzado significativamente, fortaleciendo procesos, optimizando recursos y estableciendo las bases de un sistema de aviaci\u00f3n m\u00e1s eficiente, inclusivo y transparente.<\/p>\n\n\n\n<p>En ese mismo orden, el director general sostuvo que la aviaci\u00f3n no es s\u00f3lo un medio de transporte, es tambi\u00e9n un puente que conecta destinos, que impulsa el desarrollo econ\u00f3mico y es una puerta que abre oportunidades para todos.<\/p>\n\n\n\n<p>\u201cGracias a su esfuerzo, hemos demostrado que cuando trabajamos en equipo, no hay meta que no podamos alcanzar. Queremos seguir construyendo una instituci\u00f3n que valore y potencie a su gente, porque sabemos que un equipo motivado y reconocido puede lograr lo para muchos puede ser imposible\u201d.<\/p>\n\n\n\n<p>Asimismo, se expres\u00f3 Maribel L\u00f3pez Llano, directora de Recursos Humanos del IDAC y coordinadora del equipo de selecci\u00f3n de los 365 colaboradores reconocidos, a quienes agradeci\u00f3 el esfuerzo que ponen cada d\u00eda, para que la instituci\u00f3n siga siendo un ejemplo de excelencia, en la regi\u00f3n y un orgullo para Rep\u00fablica Dominicana.<\/p>\n\n\n\n<figure class=\"wp-block-table\"><table><tbody><tr><td><strong>Relaciones P\u00fablicas IDAC<\/strong><\/td><\/tr><\/tbody><\/table><\/figure>\n","protected":false},"excerpt":{"rendered":"<p>diariodominicano.com Santo Domingo, R. D.,\u20024 de diciembre, 2024.-\u00a0Durante el acto \u201cVolando Alto\u201d, que forma parte de la Semana de la Aviaci\u00f3n Dominicana 2024, la direcci\u00f3n de Recursos Humanos del Instituto Dominicano de Aviaci\u00f3n Civil (IDAC) reconoci\u00f3 la fidelidad (tiempo en la instituci\u00f3n) y el esp\u00edritu de superaci\u00f3n de 365 colaboradores. Los seleccionados para esta nueva [&hellip;]<\/p>\n","protected":false},"author":5,"featured_media":580001,"comment_status":"closed","ping_status":"closed","sticky":true,"template":"","format":"standard","meta":{"footnotes":""},"categories":[20,27],"tags":[],"class_list":["post-580000","post","type-post","status-publish","format-standard","has-post-thumbnail","hentry","category-dominicana-hoy","category-portada"],"_links":{"self":[{"href":"https:\/\/diariodominicano.com\/index.php?rest_route=\/wp\/v2\/posts\/580000","targetHints":{"allow":["GET"]}}],"collection":[{"href":"https:\/\/diariodominicano.com\/index.php?rest_route=\/wp\/v2\/posts"}],"about":[{"href":"https:\/\/diariodominicano.com\/index.php?rest_route=\/wp\/v2\/types\/post"}],"author":[{"embeddable":true,"href":"https:\/\/diariodominicano.com\/index.php?rest_route=\/wp\/v2\/users\/5"}],"replies":[{"embeddable":true,"href":"https:\/\/diariodominicano.com\/index.php?rest_route=%2Fwp%2Fv2%2Fcomments&post=580000"}],"version-history":[{"count":1,"href":"https:\/\/diariodominicano.com\/index.php?rest_route=\/wp\/v2\/posts\/580000\/revisions"}],"predecessor-version":[{"id":580002,"href":"https:\/\/diariodominicano.com\/index.php?rest_route=\/wp\/v2\/posts\/580000\/revisions\/580002"}],"wp:featuredmedia":[{"embeddable":true,"href":"https:\/\/diariodominicano.com\/index.php?rest_route=\/wp\/v2\/media\/580001"}],"wp:attachment":[{"href":"https:\/\/diariodominicano.com\/index.php?rest_route=%2Fwp%2Fv2%2Fmedia&parent=580000"}],"wp:term":[{"taxonomy":"category","embeddable":true,"href":"https:\/\/diariodominicano.com\/index.php?rest_route=%2Fwp%2Fv2%2Fcategories&post=580000"},{"taxonomy":"post_tag","embeddable":true,"href":"https:\/\/diariodominicano.com\/index.php?rest_route=%2Fwp%2Fv2%2Ftags&post=580000"}],"curies":[{"name":"wp","href":"https:\/\/api.w.org\/{rel}","templated":true}]}}