{"id":579994,"date":"2024-12-04T09:25:42","date_gmt":"2024-12-04T13:25:42","guid":{"rendered":"https:\/\/diariodominicano.com\/?p=579994"},"modified":"2024-12-04T09:25:50","modified_gmt":"2024-12-04T13:25:50","slug":"adoma-juramenta-comision-para-elecciones-2025-2027","status":"publish","type":"post","link":"https:\/\/diariodominicano.com\/?p=579994","title":{"rendered":"ADOMA juramenta comisi\u00f3n para elecciones 2025-2027"},"content":{"rendered":"\n<p>diariodominicano.com<\/p>\n\n\n\n<p><em>La celebraci\u00f3n de los comicios est\u00e1 pautada para s\u00e1bado 8 de marzo del pr\u00f3ximo a\u00f1o.<\/em><\/p>\n\n\n\n<p><strong>Santo Domingo, R. D.,<\/strong>\u2002<strong>4 de diciembre, 2024.-<\/strong>\u2002La Asociaci\u00f3n Dominicana de Abogados (ADOMA) dej\u00f3 formalmente juramentada la comisi\u00f3n electoral para la celebraci\u00f3n de las elecciones para el periodo 2025-2027.<\/p>\n\n\n\n<p>La asamblea extraordinaria, celebrada el d\u00eda 30 de noviembre, estuvo encabezada por la Junta Directiva Nacional.<\/p>\n\n\n\n<p>Durante la actividad, el presidente de ADOMA, Jhonny Aristy, salud\u00f3 la madure mostrada por los l\u00edderes de las diferentes corrientes gremiales de los abogados para presentar una propuesta de consenso de la Comisi\u00f3n Electoral.<\/p>\n\n\n\n<p>Aristy inst\u00f3 a la celebraci\u00f3n de un proceso electoral transparente y que se les preserven todas las garant\u00edas a los aspirantes, con la participaci\u00f3n masiva de los abogados, mostrando el inter\u00e9s de que los comicios se efect\u00faen en cada provincia del pa\u00eds. Hizo un llamado a la reflexi\u00f3n, al recordar la situaci\u00f3n marcada en las pasadas elecciones del Colegio de Abogados.<\/p>\n\n\n\n<p>&nbsp;\u201cNo podemos caer en la experiencia pasada del Colegio de Abogados que est\u00e1 pasando por una crisis poselectoral, y como consecuencia tiene todas sus actividades paralizadas\u201d.<\/p>\n\n\n\n<p>En ese sentido, el gremialista someti\u00f3 una moci\u00f3n para que los trabajos de esta est\u00e9n dirigidos por Jos\u00e9 Rafael Medrano y Juan Rivera, quienes se constituyeron en presidente y secretario para esos efectos. Esta propuesta fue aprobada de manera un\u00e1nime y se procedi\u00f3 a la juramentaci\u00f3n de forma inmediata.<\/p>\n\n\n\n<p>Asimismo, detall\u00f3 que la comisi\u00f3n electoral qued\u00f3 compuestas por los destacados juristas Paul Jos\u00e9 Maldonado Bueno (Presidente), Fernando Alberto Lebr\u00f3n Torres (Suplente Presidente), Manuel Mateo Calder\u00f3n (Secretario), Luis Manuel Pe\u00f1a (Suplente Secretario), Manuel Emilio Galv\u00e1n Luciano (Miembro Titular), Mercedes Laurencio Heredia (Miembro Suplente), Omar Jos\u00e9 Garc\u00eda Castillo (Miembro Titular), Jaime Francisco Carrasco Batista (Miembro Suplente), H\u00e9ctor Bienvenido Ferreras Garc\u00eda (Miembro Titular), Manuel Arturo Diaz Vargas (Miembro Suplente).<\/p>\n\n\n\n<p>Agreg\u00f3 que todas las propuestas presentadas ante la asamblea quedaron aprobadas a unanimidad, la cual const\u00f3 con una masiva concurrencia de los abogados del pa\u00eds.<\/p>\n\n\n\n<p><strong>Direcci\u00f3n de Comunicaciones\u00a0<\/strong><\/p>\n\n\n\n<p><em><strong>Unidos, S\u00cd Podemos!!<\/strong><\/em><\/p>\n","protected":false},"excerpt":{"rendered":"<p>diariodominicano.com La celebraci\u00f3n de los comicios est\u00e1 pautada para s\u00e1bado 8 de marzo del pr\u00f3ximo a\u00f1o. Santo Domingo, R. D.,\u20024 de diciembre, 2024.-\u2002La Asociaci\u00f3n Dominicana de Abogados (ADOMA) dej\u00f3 formalmente juramentada la comisi\u00f3n electoral para la celebraci\u00f3n de las elecciones para el periodo 2025-2027. La asamblea extraordinaria, celebrada el d\u00eda 30 de noviembre, estuvo encabezada [&hellip;]<\/p>\n","protected":false},"author":5,"featured_media":579995,"comment_status":"closed","ping_status":"closed","sticky":true,"template":"","format":"standard","meta":{"footnotes":""},"categories":[20,27],"tags":[],"class_list":["post-579994","post","type-post","status-publish","format-standard","has-post-thumbnail","hentry","category-dominicana-hoy","category-portada"],"_links":{"self":[{"href":"https:\/\/diariodominicano.com\/index.php?rest_route=\/wp\/v2\/posts\/579994","targetHints":{"allow":["GET"]}}],"collection":[{"href":"https:\/\/diariodominicano.com\/index.php?rest_route=\/wp\/v2\/posts"}],"about":[{"href":"https:\/\/diariodominicano.com\/index.php?rest_route=\/wp\/v2\/types\/post"}],"author":[{"embeddable":true,"href":"https:\/\/diariodominicano.com\/index.php?rest_route=\/wp\/v2\/users\/5"}],"replies":[{"embeddable":true,"href":"https:\/\/diariodominicano.com\/index.php?rest_route=%2Fwp%2Fv2%2Fcomments&post=579994"}],"version-history":[{"count":1,"href":"https:\/\/diariodominicano.com\/index.php?rest_route=\/wp\/v2\/posts\/579994\/revisions"}],"predecessor-version":[{"id":579996,"href":"https:\/\/diariodominicano.com\/index.php?rest_route=\/wp\/v2\/posts\/579994\/revisions\/579996"}],"wp:featuredmedia":[{"embeddable":true,"href":"https:\/\/diariodominicano.com\/index.php?rest_route=\/wp\/v2\/media\/579995"}],"wp:attachment":[{"href":"https:\/\/diariodominicano.com\/index.php?rest_route=%2Fwp%2Fv2%2Fmedia&parent=579994"}],"wp:term":[{"taxonomy":"category","embeddable":true,"href":"https:\/\/diariodominicano.com\/index.php?rest_route=%2Fwp%2Fv2%2Fcategories&post=579994"},{"taxonomy":"post_tag","embeddable":true,"href":"https:\/\/diariodominicano.com\/index.php?rest_route=%2Fwp%2Fv2%2Ftags&post=579994"}],"curies":[{"name":"wp","href":"https:\/\/api.w.org\/{rel}","templated":true}]}}