{"id":579990,"date":"2024-12-04T09:14:40","date_gmt":"2024-12-04T13:14:40","guid":{"rendered":"https:\/\/diariodominicano.com\/?p=579990"},"modified":"2024-12-04T12:07:26","modified_gmt":"2024-12-04T16:07:26","slug":"canciller-de-haiti-de-gira-por-estados-unidos-y-japon","status":"publish","type":"post","link":"https:\/\/diariodominicano.com\/?p=579990","title":{"rendered":"Canciller de Hait\u00ed de gira por Estados Unidos y Jap\u00f3n"},"content":{"rendered":"\n<p>diariodominicano.com<\/p>\n\n\n\n<p>Puerto Pr\u00edncipe, 4 dic (Prensa Latina) El ministro de Relaciones Exteriores y Cultos de Hait\u00ed, Jean-Victor Harvel, realiza una gira por Estados Unidos y Jap\u00f3n, donde abordar\u00e1 la crisis de seguridad que vive hoy el pa\u00eds caribe\u00f1o.<\/p>\n\n\n\n<p>En Washington, el canciller conversar\u00e1 sobre las v\u00edas de movilizar apoyo internacional concreto para estabilizar el pa\u00eds, precis\u00f3 el diario Le National.<\/p>\n\n\n\n<p>Harvel tratar\u00e1 tambi\u00e9n la vigencia de los acuerdos comerciales, que proporcionan acceso preferencial para los productos textiles haitianos al mercado estadounidense, un rengl\u00f3n que mantiene m\u00e1s de 30 mil empleos directos.<\/p>\n\n\n\n<p>Luego partir\u00e1 rumbo a Jap\u00f3n para cumplimentar una invitaci\u00f3n de su par nip\u00f3n Iwaya Takeshi, y participar en la octava Reuni\u00f3n Ministerial Jap\u00f3n-Comunidad de Caribe.<\/p>\n\n\n\n<p>idm\/joe<\/p>\n","protected":false},"excerpt":{"rendered":"<p>diariodominicano.com Puerto Pr\u00edncipe, 4 dic (Prensa Latina) El ministro de Relaciones Exteriores y Cultos de Hait\u00ed, Jean-Victor Harvel, realiza una gira por Estados Unidos y Jap\u00f3n, donde abordar\u00e1 la crisis de seguridad que vive hoy el pa\u00eds caribe\u00f1o. En Washington, el canciller conversar\u00e1 sobre las v\u00edas de movilizar apoyo internacional concreto para estabilizar el pa\u00eds, [&hellip;]<\/p>\n","protected":false},"author":5,"featured_media":579992,"comment_status":"closed","ping_status":"closed","sticky":true,"template":"","format":"standard","meta":{"footnotes":""},"categories":[112,23,27],"tags":[],"class_list":["post-579990","post","type-post","status-publish","format-standard","has-post-thumbnail","hentry","category-haiti","category-internacional","category-portada"],"_links":{"self":[{"href":"https:\/\/diariodominicano.com\/index.php?rest_route=\/wp\/v2\/posts\/579990","targetHints":{"allow":["GET"]}}],"collection":[{"href":"https:\/\/diariodominicano.com\/index.php?rest_route=\/wp\/v2\/posts"}],"about":[{"href":"https:\/\/diariodominicano.com\/index.php?rest_route=\/wp\/v2\/types\/post"}],"author":[{"embeddable":true,"href":"https:\/\/diariodominicano.com\/index.php?rest_route=\/wp\/v2\/users\/5"}],"replies":[{"embeddable":true,"href":"https:\/\/diariodominicano.com\/index.php?rest_route=%2Fwp%2Fv2%2Fcomments&post=579990"}],"version-history":[{"count":1,"href":"https:\/\/diariodominicano.com\/index.php?rest_route=\/wp\/v2\/posts\/579990\/revisions"}],"predecessor-version":[{"id":579993,"href":"https:\/\/diariodominicano.com\/index.php?rest_route=\/wp\/v2\/posts\/579990\/revisions\/579993"}],"wp:featuredmedia":[{"embeddable":true,"href":"https:\/\/diariodominicano.com\/index.php?rest_route=\/wp\/v2\/media\/579992"}],"wp:attachment":[{"href":"https:\/\/diariodominicano.com\/index.php?rest_route=%2Fwp%2Fv2%2Fmedia&parent=579990"}],"wp:term":[{"taxonomy":"category","embeddable":true,"href":"https:\/\/diariodominicano.com\/index.php?rest_route=%2Fwp%2Fv2%2Fcategories&post=579990"},{"taxonomy":"post_tag","embeddable":true,"href":"https:\/\/diariodominicano.com\/index.php?rest_route=%2Fwp%2Fv2%2Ftags&post=579990"}],"curies":[{"name":"wp","href":"https:\/\/api.w.org\/{rel}","templated":true}]}}