{"id":579969,"date":"2024-12-04T03:34:03","date_gmt":"2024-12-04T07:34:03","guid":{"rendered":"https:\/\/diariodominicano.com\/?p=579969"},"modified":"2024-12-04T03:34:10","modified_gmt":"2024-12-04T07:34:10","slug":"destacan-en-mexico-vigencia-del-pensamiento-de-fidel-castro","status":"publish","type":"post","link":"https:\/\/diariodominicano.com\/?p=579969","title":{"rendered":"Destacan en M\u00e9xico vigencia del pensamiento de Fidel Castro"},"content":{"rendered":"\n<p>Ciudad de M\u00e9xico, 3 dic (Prensa Latina) Cubanos y mexicanos recordaron hoy aqu\u00ed al l\u00edder hist\u00f3rico de la Revoluci\u00f3n en la isla, Fidel Castro, en un homenaje donde sobresali\u00f3 la plena vigencia de su pensamiento ante los desaf\u00edos actuales de la humanidad.<\/p>\n\n\n\n<ul class=\"wp-block-list\">\n<li><a href=\"https:\/\/www.prensa-latina.cu\/2024\/12\/03\/\"><time>diciembre 3, 2024 | 23:33<\/time><\/a><\/li>\n<\/ul>\n\n\n\n<ul class=\"wp-block-list\">\n<li><a href=\"https:\/\/www.prensa-latina.cu\/2024\/12\/03\/destacan-en-mexico-vigencia-del-pensamiento-de-fidel-castro\/#\"><\/a><\/li>\n\n\n\n<li><a href=\"https:\/\/www.prensa-latina.cu\/2024\/12\/03\/destacan-en-mexico-vigencia-del-pensamiento-de-fidel-castro\/#\"><\/a><\/li>\n\n\n\n<li><a href=\"https:\/\/www.prensa-latina.cu\/2024\/12\/03\/destacan-en-mexico-vigencia-del-pensamiento-de-fidel-castro\/#\"><\/a><\/li>\n\n\n\n<li><a href=\"https:\/\/www.prensa-latina.cu\/2024\/12\/03\/destacan-en-mexico-vigencia-del-pensamiento-de-fidel-castro\/#\"><\/a><\/li>\n<\/ul>\n\n\n\n<p>En el encuentro realizado en la Embajada de la mayor de las Antillas para conmemorar el octavo aniversario del fallecimiento del Comandante en Jefe el 25 de noviembre \u00faltimo, estuvieron, entre otros, legisladores, representantes de la canciller\u00eda y del cuerpo diplom\u00e1tico y amigos de la solidaridad.<\/p>\n\n\n\n<p>Sobre Fidel Castro, el Consejero de la legaci\u00f3n diplom\u00e1tica cubana, Nelson Oca\u00f1a, afirm\u00f3 que \u201csu profundo conocimiento de la historia, su fidelidad a las ideas de Jos\u00e9 Mart\u00ed y el irrenunciable convencimiento del triunfo de las causas justas definieron su manera de actuar aun en las circunstancias m\u00e1s adversas\u201d.<\/p>\n\n\n\n<p>Resalt\u00f3 \u201csu confianza en el ser humano como baluarte para la construcci\u00f3n de una sociedad m\u00e1s justa, en la fortaleza de las causas m\u00e1s nobles y su seguridad en el triunfo\u201d.<\/p>\n\n\n\n<p>\u201cEn su optimismo se inspira la heroica resistencia y la firmeza de nuestro pueblo frente al imperio m\u00e1s poderoso que ha conocido la historia de la humanidad y que arremete con toda su fuerza, sin ninguna posibilidad de \u00e9xito, contra nuestro proyecto de naci\u00f3n\u201d, asever\u00f3.<\/p>\n\n\n\n<p>\u201cEvocarlo \u2013agreg\u00f3-, es traer al presente la etapa de preparaci\u00f3n de los expedicionarios (del yate Granma) en tierras mexicanas, la salida de los j\u00f3venes rebeldes y la \u00e9pica trayectoria hasta las costas cubanas, el dif\u00edcil desembarco y el inicio de la \u00faltima etapa de lucha por la verdadera independencia de la isla\u201d.<\/p>\n\n\n\n<p>\u201cEl d\u00eda de hoy hemos querido homenajear a Fidel con la hermosa historia de amistad entre los pueblos\u201d de ambos pa\u00edses, manifest\u00f3 el diplom\u00e1tico, al referirse a la exposici\u00f3n La familia Vanegas y Cuba: Una historia de amistad, lucha y Revoluci\u00f3n, inaugurada previamente.<\/p>\n\n\n\n<p>Destac\u00f3 que esta forma parte de las memorias de los v\u00ednculos de la familia Vanegas, que aloj\u00f3 y entren\u00f3 a los expedicionarios del Granma, con la historia independentista cubana.<\/p>\n\n\n\n<p>\u201cUna familia mexicana que sabemos refleja el amor y compromiso con Cuba de muchas familias de M\u00e9xico, algunas conocidas y otras en el anonimato, que desinteresadamente abrieron sus puertas a las m\u00e1s nobles y justas ideas de emancipaci\u00f3n de generaciones de cubanos\u201d, dijo Oca\u00f1a.<\/p>\n\n\n\n<p>El encuentro, en el que estuvieron presentes tambi\u00e9n miembros de los Vanegas, concluy\u00f3 con la presentaci\u00f3n del cantautor cubano Nelson Vald\u00e9s.<\/p>\n\n\n\n<p>jha\/las<\/p>\n\n\n\n<ul class=\"wp-block-list\">\n<li>#<a href=\"https:\/\/www.prensa-latina.cu\/etiqueta\/cuba\/\">cuba<\/a>\u00a0#<a href=\"https:\/\/www.prensa-latina.cu\/etiqueta\/mexico\/\">M\u00e9xico<\/a><\/li>\n<\/ul>\n","protected":false},"excerpt":{"rendered":"<p>Ciudad de M\u00e9xico, 3 dic (Prensa Latina) Cubanos y mexicanos recordaron hoy aqu\u00ed al l\u00edder hist\u00f3rico de la Revoluci\u00f3n en la isla, Fidel Castro, en un homenaje donde sobresali\u00f3 la plena vigencia de su pensamiento ante los desaf\u00edos actuales de la humanidad. En el encuentro realizado en la Embajada de la mayor de las Antillas [&hellip;]<\/p>\n","protected":false},"author":28,"featured_media":579970,"comment_status":"closed","ping_status":"closed","sticky":true,"template":"","format":"standard","meta":{"footnotes":""},"categories":[26,23,22],"tags":[],"class_list":["post-579969","post","type-post","status-publish","format-standard","has-post-thumbnail","hentry","category-efemerides","category-internacional","category-politica"],"_links":{"self":[{"href":"https:\/\/diariodominicano.com\/index.php?rest_route=\/wp\/v2\/posts\/579969","targetHints":{"allow":["GET"]}}],"collection":[{"href":"https:\/\/diariodominicano.com\/index.php?rest_route=\/wp\/v2\/posts"}],"about":[{"href":"https:\/\/diariodominicano.com\/index.php?rest_route=\/wp\/v2\/types\/post"}],"author":[{"embeddable":true,"href":"https:\/\/diariodominicano.com\/index.php?rest_route=\/wp\/v2\/users\/28"}],"replies":[{"embeddable":true,"href":"https:\/\/diariodominicano.com\/index.php?rest_route=%2Fwp%2Fv2%2Fcomments&post=579969"}],"version-history":[{"count":1,"href":"https:\/\/diariodominicano.com\/index.php?rest_route=\/wp\/v2\/posts\/579969\/revisions"}],"predecessor-version":[{"id":579971,"href":"https:\/\/diariodominicano.com\/index.php?rest_route=\/wp\/v2\/posts\/579969\/revisions\/579971"}],"wp:featuredmedia":[{"embeddable":true,"href":"https:\/\/diariodominicano.com\/index.php?rest_route=\/wp\/v2\/media\/579970"}],"wp:attachment":[{"href":"https:\/\/diariodominicano.com\/index.php?rest_route=%2Fwp%2Fv2%2Fmedia&parent=579969"}],"wp:term":[{"taxonomy":"category","embeddable":true,"href":"https:\/\/diariodominicano.com\/index.php?rest_route=%2Fwp%2Fv2%2Fcategories&post=579969"},{"taxonomy":"post_tag","embeddable":true,"href":"https:\/\/diariodominicano.com\/index.php?rest_route=%2Fwp%2Fv2%2Ftags&post=579969"}],"curies":[{"name":"wp","href":"https:\/\/api.w.org\/{rel}","templated":true}]}}