{"id":579959,"date":"2024-12-04T03:26:14","date_gmt":"2024-12-04T07:26:14","guid":{"rendered":"https:\/\/diariodominicano.com\/?p=579959"},"modified":"2024-12-04T03:26:20","modified_gmt":"2024-12-04T07:26:20","slug":"brasil-anuncia-plan-de-inversiones-para-desarrollo-de-la-agroindustria","status":"publish","type":"post","link":"https:\/\/diariodominicano.com\/?p=579959","title":{"rendered":"Brasil anuncia plan de inversiones para desarrollo de la agroindustria"},"content":{"rendered":"\n<p><em>spanish.news.cn<\/em>|<em>&nbsp;2024-12-04 05:30:00<\/em>|<\/p>\n\n\n\n<p>BRASILIA, 3 diciembre, 2024 (Xinhua) &#8212; El presidente brasile\u00f1o, Luiz In\u00e1cio Lula da Silva (d), habla con el vicepresidente brasile\u00f1o, Geraldo Alckmin (i), durante la ceremonia de anuncio de un plan de inversiones p\u00fablicas y privadas, en el Palacio de Planalto, en Brasilia, Brasil, el 3 de diciembre de 2024. El Gobierno de Brasil anunci\u00f3 el martes un plan de inversiones p\u00fablicas y privadas por un monto de 546.600 millones de reales (unos 90.300 millones de d\u00f3lares) en el marco de la iniciativa Nueva Industria Brasil-Misi\u00f3n 1 (NIB), que tiene como objetivo desarrollar cadenas agroindustriales sostenibles y digitales para garantizar la seguridad alimentaria, nutricional y energ\u00e9tica del pa\u00eds. (Xinhua\/Lucio Tavora)<\/p>\n\n\n\n<p>BRASILIA, 3 dic (Xinhua) &#8212; El Gobierno de Brasil anunci\u00f3 hoy martes un plan de inversiones p\u00fablicas y privadas por un monto de 546.600 millones de reales (unos 90.300 millones de d\u00f3lares) en el marco de la iniciativa Nueva Industria Brasil-Misi\u00f3n 1 (NIB), que tiene como objetivo desarrollar cadenas agroindustriales sostenibles y digitales para garantizar la seguridad alimentaria, nutricional y energ\u00e9tica del pa\u00eds.<\/p>\n\n\n\n<p>La ceremonia fue encabezada por el presidente Luiz In\u00e1cio Lula da Silva y el vicepresidente Geraldo Alckmin, con la participaci\u00f3n de otras altas autoridades y representantes del agronegocio, de la industria, de m\u00e1quinas y equipos.<\/p>\n\n\n\n<p>El programa establece metas para los a\u00f1os 2026 y 2033, aprobadas por el Consejo Nacional de Desarrollo Industrial (CNDI).<\/p>\n\n\n\n<p>Entre estas metas destacan el aumento del crecimiento del Producto Interno Bruto (PIB) del sector agroindustrial en un 3 por ciento anual para 2026 y un 6 por ciento anual para 2033; la mecanizaci\u00f3n de la agricultura familiar, que se espera alcance el 28 por ciento en 2026 y el 35 por ciento en 2033, y la tecnificaci\u00f3n de la misma, con un objetivo del 43 por ciento para 2026 y del 66 por ciento para 2033.<\/p>\n\n\n\n<p>Adem\u00e1s, una de las prioridades de esta misi\u00f3n incluye el desarrollo de la cadena productiva de la agricultura de precisi\u00f3n, incentivando la producci\u00f3n nacional de drones.<\/p>\n\n\n\n<p>Del total de inversiones anunciado, 250.200 millones de reales (unos 41.355 millones de d\u00f3lares) provendr\u00e1n de recursos p\u00fablicos destinados a l\u00edneas de cr\u00e9dito. Por su parte, el sector privado planea invertir 296.300 millones de reales (unos 48.950 millones de d\u00f3lares) hasta 2029.<\/p>\n\n\n\n<p>El gobierno tambi\u00e9n busca fortalecer la producci\u00f3n de fertilizantes y biofertilizantes, as\u00ed como potenciar la fabricaci\u00f3n nacional de maquinaria agr\u00edcola y sus componentes. Como parte de esta iniciativa, el Banco do Brasil se sum\u00f3 al Plan M\u00e1s Producci\u00f3n (P+P) como un nuevo brazo financiero de la NIB, con l\u00edneas de cr\u00e9dito espec\u00edficas que suman 101.000 millones de reales (unos 16.695 millones de d\u00f3lares).<\/p>\n\n\n\n<p>Durante el evento, el presidente Lula firm\u00f3 un decreto que establece el Programa Nacional de Investigaci\u00f3n e Innovaci\u00f3n para la Agricultura Familiar y Agroecolog\u00eda. Este programa tiene como finalidad promover acciones de investigaci\u00f3n e innovaci\u00f3n enfocadas en la transici\u00f3n agroecol\u00f3gica y la agricultura familiar.<\/p>\n\n\n\n<p>Tambi\u00e9n fue firmado un acuerdo de cooperaci\u00f3n t\u00e9cnica entre el Ministerio de Desarrollo Agrario y la Asociaci\u00f3n Brasile\u00f1a de la Industria de M\u00e1quinas y Equipos, con el objetivo de fomentar el desarrollo y facilitar el acceso a maquinaria y equipos adecuados para la agricultura familiar brasile\u00f1a.<\/p>\n\n\n\n<figure class=\"wp-block-image\"><img decoding=\"async\" src=\"https:\/\/spanish.xinhuanet.com\/20241204\/4d4edebdcae648c483c014b8572efdee\/3GnzN4Me8pRRylLI.jpg\" alt=\"\"\/><\/figure>\n\n\n\n<p>BRASILIA, 3 diciembre, 2024 (Xinhua) &#8212; El presidente brasile\u00f1o, Luiz In\u00e1cio Lula da Silva, reacciona durante la ceremonia de anuncio de un plan de inversiones p\u00fablicas y privadas, en el Palacio de Planalto, en Brasilia, Brasil, el 3 de diciembre de 2024. El Gobierno de Brasil anunci\u00f3 el martes un plan de inversiones p\u00fablicas y privadas por un monto de 546.600 millones de reales (unos 90.300 millones de d\u00f3lares) en el marco de la iniciativa Nueva Industria Brasil-Misi\u00f3n 1 (NIB), que tiene como objetivo desarrollar cadenas agroindustriales sostenibles y digitales para garantizar la seguridad alimentaria, nutricional y energ\u00e9tica del pa\u00eds. (Xinhua\/Lucio Tavora)<\/p>\n\n\n\n<p><a href=\"https:\/\/www.facebook.com\/sharer\/sharer.php?u=https:\/\/spanish.xinhuanet.com\/20241204\/4d4edebdcae648c483c014b8572efdee\/c.html\" target=\"_blank\" rel=\"noreferrer noopener\"><\/a>&nbsp;<a href=\"https:\/\/twitter.com\/intent\/tweet?text=Brasil%20anuncia%20plan%20de%20inversiones%20para%20desarrollo%20de%20la%20agroindustria&amp;url=https:\/\/spanish.xinhuanet.com\/20241204\/4d4edebdcae648c483c014b8572efdee\/c.html\" target=\"_blank\" rel=\"noreferrer noopener\"><\/a>&nbsp;<a target=\"_blank\" href=\"https:\/\/service.weibo.com\/share\/share.php?title=Brasil%20anuncia%20plan%20de%20inversiones%20para%20desarrollo%20de%20la%20agroindustria&amp;url=https:\/\/spanish.xinhuanet.com\/20241204\/4d4edebdcae648c483c014b8572efdee\/c.html\" rel=\"noreferrer noopener\"><\/a>&nbsp;<a><\/a><\/p>\n\n\n\n<figure class=\"wp-block-image\"><img decoding=\"async\" src=\"https:\/\/imgs.news.cn\/res\/xhwimg\/spanish\/20170522\/img\/jc-xfa.png\" alt=\"\"\/><\/figure>\n","protected":false},"excerpt":{"rendered":"<p>spanish.news.cn|&nbsp;2024-12-04 05:30:00| BRASILIA, 3 diciembre, 2024 (Xinhua) &#8212; El presidente brasile\u00f1o, Luiz In\u00e1cio Lula da Silva (d), habla con el vicepresidente brasile\u00f1o, Geraldo Alckmin (i), durante la ceremonia de anuncio de un plan de inversiones p\u00fablicas y privadas, en el Palacio de Planalto, en Brasilia, Brasil, el 3 de diciembre de 2024. El Gobierno de [&hellip;]<\/p>\n","protected":false},"author":28,"featured_media":579960,"comment_status":"closed","ping_status":"closed","sticky":true,"template":"","format":"standard","meta":{"footnotes":""},"categories":[18,23],"tags":[],"class_list":["post-579959","post","type-post","status-publish","format-standard","has-post-thumbnail","hentry","category-economia","category-internacional"],"_links":{"self":[{"href":"https:\/\/diariodominicano.com\/index.php?rest_route=\/wp\/v2\/posts\/579959","targetHints":{"allow":["GET"]}}],"collection":[{"href":"https:\/\/diariodominicano.com\/index.php?rest_route=\/wp\/v2\/posts"}],"about":[{"href":"https:\/\/diariodominicano.com\/index.php?rest_route=\/wp\/v2\/types\/post"}],"author":[{"embeddable":true,"href":"https:\/\/diariodominicano.com\/index.php?rest_route=\/wp\/v2\/users\/28"}],"replies":[{"embeddable":true,"href":"https:\/\/diariodominicano.com\/index.php?rest_route=%2Fwp%2Fv2%2Fcomments&post=579959"}],"version-history":[{"count":1,"href":"https:\/\/diariodominicano.com\/index.php?rest_route=\/wp\/v2\/posts\/579959\/revisions"}],"predecessor-version":[{"id":579961,"href":"https:\/\/diariodominicano.com\/index.php?rest_route=\/wp\/v2\/posts\/579959\/revisions\/579961"}],"wp:featuredmedia":[{"embeddable":true,"href":"https:\/\/diariodominicano.com\/index.php?rest_route=\/wp\/v2\/media\/579960"}],"wp:attachment":[{"href":"https:\/\/diariodominicano.com\/index.php?rest_route=%2Fwp%2Fv2%2Fmedia&parent=579959"}],"wp:term":[{"taxonomy":"category","embeddable":true,"href":"https:\/\/diariodominicano.com\/index.php?rest_route=%2Fwp%2Fv2%2Fcategories&post=579959"},{"taxonomy":"post_tag","embeddable":true,"href":"https:\/\/diariodominicano.com\/index.php?rest_route=%2Fwp%2Fv2%2Ftags&post=579959"}],"curies":[{"name":"wp","href":"https:\/\/api.w.org\/{rel}","templated":true}]}}