{"id":579929,"date":"2024-12-04T02:50:56","date_gmt":"2024-12-04T06:50:56","guid":{"rendered":"https:\/\/diariodominicano.com\/?p=579929"},"modified":"2024-12-04T02:57:08","modified_gmt":"2024-12-04T06:57:08","slug":"embajada-de-los-ee-uu-recibe-mision-comercial-regional-integrada-por-empresas-lideradas-por-grupos-subrepresentados-estadounidenses","status":"publish","type":"post","link":"https:\/\/diariodominicano.com\/?p=579929","title":{"rendered":"Embajada de los EE.UU. recibe misi\u00f3n comercial regional integrada por empresas lideradas por grupos subrepresentados estadounidenses"},"content":{"rendered":"\n<p><a href=\"https:\/\/e.america.gov\/t\/i-l-fttluhy-jtiiilkjir-y\/\" target=\"_blank\" rel=\"noreferrer noopener\">FOTOS<\/a><\/p>\n\n\n\n<p><strong>Santo Domingo, D.N.\u2013&nbsp;<\/strong>El Servicio Comercial de los Estados Unidos del Departamento de Comercio, a trav\u00e9s de su Embajada en el pa\u00eds organiz\u00f3 la conferencia y misi\u00f3n comercial Iniciativa Global de Exportaci\u00f3n de la Diversidad (GDEI): Oportunidades para empresas lideradas por grupos subrepresentados estadounidenses en la regi\u00f3n del Caribe, celebrada a mediados &nbsp;de noviembre.<\/p>\n\n\n\n<figure class=\"wp-block-image size-full\"><img loading=\"lazy\" decoding=\"async\" width=\"704\" height=\"469\" src=\"https:\/\/diariodominicano.com\/wp-content\/uploads\/2024\/12\/imagen_2024-12-04_025400791.png\" alt=\"\" class=\"wp-image-579933\" srcset=\"https:\/\/diariodominicano.com\/wp-content\/uploads\/2024\/12\/imagen_2024-12-04_025400791.png 704w, https:\/\/diariodominicano.com\/wp-content\/uploads\/2024\/12\/imagen_2024-12-04_025400791-300x200.png 300w\" sizes=\"auto, (max-width: 704px) 100vw, 704px\" \/><\/figure>\n\n\n\n<figure class=\"wp-block-image size-full\"><img loading=\"lazy\" decoding=\"async\" width=\"705\" height=\"469\" src=\"https:\/\/diariodominicano.com\/wp-content\/uploads\/2024\/12\/imagen_2024-12-04_025517702.png\" alt=\"\" class=\"wp-image-579935\" srcset=\"https:\/\/diariodominicano.com\/wp-content\/uploads\/2024\/12\/imagen_2024-12-04_025517702.png 705w, https:\/\/diariodominicano.com\/wp-content\/uploads\/2024\/12\/imagen_2024-12-04_025517702-300x200.png 300w\" sizes=\"auto, (max-width: 705px) 100vw, 705px\" \/><\/figure>\n\n\n\n<p>La ceremonia de apertura estuvo a cargo de Isabella Cascarano, subsecretaria adjunta para el Hemisferio Occidental del Departamento de Comercio de los EE. UU.; la encargada de Negocios, Patricia Aguilera; y Vilma Arbaje de Contreras, viceministra de Comercio Exterior del Ministerio de Industria, Comercio y Mipymes.<\/p>\n\n\n\n<figure class=\"wp-block-image size-full\"><img loading=\"lazy\" decoding=\"async\" width=\"704\" height=\"469\" src=\"https:\/\/diariodominicano.com\/wp-content\/uploads\/2024\/12\/imagen_2024-12-04_025638012.png\" alt=\"\" class=\"wp-image-579936\" srcset=\"https:\/\/diariodominicano.com\/wp-content\/uploads\/2024\/12\/imagen_2024-12-04_025638012.png 704w, https:\/\/diariodominicano.com\/wp-content\/uploads\/2024\/12\/imagen_2024-12-04_025638012-300x200.png 300w\" sizes=\"auto, (max-width: 704px) 100vw, 704px\" \/><\/figure>\n\n\n\n<p>\u201cLa Embajada de los Estados Unidos valora la s\u00f3lida y duradera relaci\u00f3n que compartimos con la Rep\u00fablica Dominicana. El comercio y la inversi\u00f3n son componentes vitales de nuestra pr\u00f3spera relaci\u00f3n, y esta conferencia es un verdadero testimonio de nuestro compromiso compartido con el crecimiento econ\u00f3mico y la prosperidad\u201d, expres\u00f3 Aguilera.&nbsp;<\/p>\n\n\n\n<p>Durante el evento se programaron m\u00e1s de 150 reuniones individuales entre diplom\u00e1ticos estadounidenses y especialistas de la industria provenientes de la Rep\u00fablica Dominicana, Barbados\/Caribe Oriental, Guyana, Jamaica, Surinam, Las Bahamas y Trinidad y Tobago.<\/p>\n\n\n\n<p>Adem\u00e1s, 12 empresas estadounidenses permanecieron en la Rep\u00fablica Dominicana y realizaron m\u00e1s de 60 reuniones de negocios con empresas dominicanas, con el prop\u00f3sito de establecer nuevos lazos comerciales, incluidos acuerdos de asociaci\u00f3n y distribuci\u00f3n.<\/p>\n\n\n\n<p>Seg\u00fan la Agencia de Desarrollo de Negocios de Minor\u00edas de los Estados Unidos (MBDA), las empresas propiedad de grupos subrepresentados generaron dos mil millones de d\u00f3lares en ingresos y 9.4 millones de empleos para la econom\u00eda de los EE. UU. en 2023. En el mismo a\u00f1o, hab\u00eda 1.2 millones de empresas &nbsp;propiedad de esta poblaci\u00f3n en los Estados Unidos, lo que representa aproximadamente el 20% de todas las empresas empleadoras. El 22% de estas compa\u00f1\u00edas pertenec\u00edan a mujeres, mientras que el 5.2% eran propiedad de veteranos.<\/p>\n\n\n\n<p>En la Rep\u00fablica Dominicana, las empresas lideradas por mujeres juegan un papel crucial en el desarrollo econ\u00f3mico y social del pa\u00eds. Estas empresas, que se concentran principalmente en sectores como servicios, alimentos y bebidas, y comercio, contribuyen significativamente a la creaci\u00f3n de empleos y a la revitalizaci\u00f3n de la econom\u00eda local.<\/p>\n\n\n\n<p>Este evento ayuda a las peque\u00f1as y medianas empresas de los EE. UU. y la Rep\u00fablica Dominicana, fundadas, lideradas y operadas por estos grupos subrepresentados, a encontrar oportunidades de exportaci\u00f3n en toda la regi\u00f3n del Caribe.<\/p>\n\n\n\n<p>Santo Domingo Press<\/p>\n\n\n\n<p>Santo Domingo Press (De tus contactos de Google)<\/p>\n\n\n\n<p><a target=\"_blank\" href=\"mailto:SantoDomingoPress@state.gov\" rel=\"noreferrer noopener\">SantoDomingoPress@state.go<\/a><\/p>\n","protected":false},"excerpt":{"rendered":"<p>FOTOS Santo Domingo, D.N.\u2013&nbsp;El Servicio Comercial de los Estados Unidos del Departamento de Comercio, a trav\u00e9s de su Embajada en el pa\u00eds organiz\u00f3 la conferencia y misi\u00f3n comercial Iniciativa Global de Exportaci\u00f3n de la Diversidad (GDEI): Oportunidades para empresas lideradas por grupos subrepresentados estadounidenses en la regi\u00f3n del Caribe, celebrada a mediados &nbsp;de noviembre. La [&hellip;]<\/p>\n","protected":false},"author":28,"featured_media":579930,"comment_status":"closed","ping_status":"closed","sticky":true,"template":"","format":"standard","meta":{"footnotes":""},"categories":[36,18,27],"tags":[],"class_list":["post-579929","post","type-post","status-publish","format-standard","has-post-thumbnail","hentry","category-hombresmujeresycosas","category-economia","category-portada"],"_links":{"self":[{"href":"https:\/\/diariodominicano.com\/index.php?rest_route=\/wp\/v2\/posts\/579929","targetHints":{"allow":["GET"]}}],"collection":[{"href":"https:\/\/diariodominicano.com\/index.php?rest_route=\/wp\/v2\/posts"}],"about":[{"href":"https:\/\/diariodominicano.com\/index.php?rest_route=\/wp\/v2\/types\/post"}],"author":[{"embeddable":true,"href":"https:\/\/diariodominicano.com\/index.php?rest_route=\/wp\/v2\/users\/28"}],"replies":[{"embeddable":true,"href":"https:\/\/diariodominicano.com\/index.php?rest_route=%2Fwp%2Fv2%2Fcomments&post=579929"}],"version-history":[{"count":3,"href":"https:\/\/diariodominicano.com\/index.php?rest_route=\/wp\/v2\/posts\/579929\/revisions"}],"predecessor-version":[{"id":579937,"href":"https:\/\/diariodominicano.com\/index.php?rest_route=\/wp\/v2\/posts\/579929\/revisions\/579937"}],"wp:featuredmedia":[{"embeddable":true,"href":"https:\/\/diariodominicano.com\/index.php?rest_route=\/wp\/v2\/media\/579930"}],"wp:attachment":[{"href":"https:\/\/diariodominicano.com\/index.php?rest_route=%2Fwp%2Fv2%2Fmedia&parent=579929"}],"wp:term":[{"taxonomy":"category","embeddable":true,"href":"https:\/\/diariodominicano.com\/index.php?rest_route=%2Fwp%2Fv2%2Fcategories&post=579929"},{"taxonomy":"post_tag","embeddable":true,"href":"https:\/\/diariodominicano.com\/index.php?rest_route=%2Fwp%2Fv2%2Ftags&post=579929"}],"curies":[{"name":"wp","href":"https:\/\/api.w.org\/{rel}","templated":true}]}}