{"id":579904,"date":"2024-12-04T02:22:20","date_gmt":"2024-12-04T06:22:20","guid":{"rendered":"https:\/\/diariodominicano.com\/?p=579904"},"modified":"2024-12-04T02:26:45","modified_gmt":"2024-12-04T06:26:45","slug":"conadis-celebra-misa-en-conmemoracion-del-dia-internacional-de-las-personas-con-discapacidad","status":"publish","type":"post","link":"https:\/\/diariodominicano.com\/?p=579904","title":{"rendered":"Conadis celebra misa en conmemoraci\u00f3n del D\u00eda Internacional de las Personas con Discapacidad"},"content":{"rendered":"\n<h3 class=\"wp-block-heading\"><\/h3>\n\n\n\n<h3 class=\"wp-block-heading\"><strong>Santo Domingo, Rep\u00fablica Dominicana, martes 3 de diciembre. En el marco de la conmemoraci\u00f3n del D\u00eda Internacional de las Personas con Discapacidad, el Consejo Nacional de Discapacidad (Conadis) realiz\u00f3 una solemne misa en la Iglesia Sant\u00edsima Trinidad de la Pontificia Universidad Cat\u00f3lica Madre y Maestra (PUCMM). Este acto, de gran significado espiritual y social, reafirm\u00f3 el compromiso de la naci\u00f3n con la inclusi\u00f3n, el respeto y los derechos de las personas con discapacidad.<\/strong><\/h3>\n\n\n\n<figure class=\"wp-block-image\"><img decoding=\"async\" src=\"https:\/\/diariodominicano.com\/wp-content\/uploads\/2024\/12\/Conadis-celebra-misa-conmemoracion-del-Dia-Internacional-de-las-Personas-con-Discapacidad-1024x682.jpg\" alt=\"\"\/><\/figure>\n\n\n\n<h3 class=\"wp-block-heading\"><\/h3>\n\n\n\n<h3 class=\"wp-block-heading\"><strong>El evento fue encabezado por las autoridades del Consejo Nacional de Discapacidad, Se\u00f1or Benny Metz, presidente y Alexis Alc\u00e1ntara, director ejecutivo. En su discurso, Benny Metz destac\u00f3 los logros alcanzados durante el a\u00f1o y los desaf\u00edos que a\u00fan persisten en la construcci\u00f3n de una sociedad m\u00e1s accesible e inclusiva:<\/strong><\/h3>\n\n\n\n<h3 class=\"wp-block-heading\"><\/h3>\n\n\n\n<h3 class=\"wp-block-heading\"><strong>\u201cEste d\u00eda nos invita a reafirmar nuestro compromiso con la eliminaci\u00f3n de barreras y la promoci\u00f3n de entornos accesibles, garantizando la igualdad de oportunidades para todos.<\/strong><\/h3>\n\n\n\n<h3 class=\"wp-block-heading\"><\/h3>\n\n\n\n<h3 class=\"wp-block-heading\"><strong>&nbsp;Hemos logrado sensibilizar a m\u00e1s de 5,000 personas y otorgar certificados de discapacidad a m\u00e1s de 8,000 ciudadanos este a\u00f1o. Sin embargo, nuestra misi\u00f3n no se detiene aqu\u00ed: trabajamos para que la accesibilidad sea el camino y la inclusi\u00f3n sea el fin. Adem\u00e1s, es crucial descentralizar los servicios del Conadis creando oficinas regionales en todo el pa\u00eds y fomentar la inclusi\u00f3n laboral como pilar fundamental para alcanzar la independencia financiera de las personas con discapacidad\u201d.<\/strong><\/h3>\n\n\n\n<h3 class=\"wp-block-heading\"><\/h3>\n\n\n\n<h3 class=\"wp-block-heading\"><strong>En el evento tambi\u00e9n estuvieron presentes personalidades destacadas como Ligia P\u00e9rez, presidenta del Consejo Nacional de la Ni\u00f1ez y Adolescencia (CONANI); Pedro Pablo Acevedo, expresidente de CONADIS; Magino Corpor\u00e1n, exdirector ejecutivo de CONADIS; Edgar Batista, viceministro del MINPRE; Wellington Grull\u00f3n, director de Monte Piedad; Mayrenis Corniel, viceministra de Inclusi\u00f3n Laboral del Ministerio de Trabajo; Luc\u00eda V\u00e1zquez, directora de Educaci\u00f3n Especial del Ministerio de Educaci\u00f3n; y M\u00f3nika Despradel, miembro del Comit\u00e9 Ejecutivo de CONADIS, entre otros representantes del gobierno, la sociedad civil y organizaciones vinculadas al tema de la discapacidad, adem\u00e1s de todo el personal de la instituci\u00f3n.&nbsp;<\/strong><\/h3>\n\n\n\n<h3 class=\"wp-block-heading\"><\/h3>\n\n\n\n<h3 class=\"wp-block-heading\"><strong>Este encuentro no solo honr\u00f3 los avances alcanzados en la defensa de los derechos de las personas con discapacidad, sino que tambi\u00e9n renov\u00f3 el llamado a todos los sectores sociales a trabajar juntos por un pa\u00eds donde la discapacidad no sea una limitante, sino una oportunidad para valorar y celebrar la diversidad humana.<\/strong><\/h3>\n\n\n\n<h3 class=\"wp-block-heading\"><\/h3>\n\n\n\n<h3 class=\"wp-block-heading\"><strong>Sobre el D\u00eda Internacional de las Personas con Discapacidad<\/strong><\/h3>\n\n\n\n<h3 class=\"wp-block-heading\"><\/h3>\n\n\n\n<h3 class=\"wp-block-heading\"><strong>Proclamado por las Naciones Unidas, este d\u00eda busca fomentar una mayor comprensi\u00f3n de los derechos de las personas con discapacidad y movilizar el apoyo para la dignidad, los derechos y el bienestar de esta poblaci\u00f3n.<\/strong><\/h3>\n\n\n\n<h3 class=\"wp-block-heading\"><\/h3>\n\n\n\n<h3 class=\"wp-block-heading\"><\/h3>\n\n\n\n<h3 class=\"wp-block-heading\"><strong>Mario Antonio Lara Valdez<\/strong><strong> <\/strong><strong>&lt;<\/strong><a href=\"mailto:laravaldez2727@gmail.com\"><strong>laravaldez2727@gmail.com<\/strong><\/a><strong>&gt;&nbsp;<\/strong><\/h3>\n","protected":false},"excerpt":{"rendered":"<p>Santo Domingo, Rep\u00fablica Dominicana, martes 3 de diciembre. En el marco de la conmemoraci\u00f3n del D\u00eda Internacional de las Personas con Discapacidad, el Consejo Nacional de Discapacidad (Conadis) realiz\u00f3 una solemne misa en la Iglesia Sant\u00edsima Trinidad de la Pontificia Universidad Cat\u00f3lica Madre y Maestra (PUCMM). Este acto, de gran significado espiritual y social, reafirm\u00f3 [&hellip;]<\/p>\n","protected":false},"author":7,"featured_media":579906,"comment_status":"closed","ping_status":"closed","sticky":false,"template":"","format":"standard","meta":{"footnotes":""},"categories":[21],"tags":[1077],"class_list":["post-579904","post","type-post","status-publish","format-standard","has-post-thumbnail","hentry","category-cultura","tag-conadis"],"_links":{"self":[{"href":"https:\/\/diariodominicano.com\/index.php?rest_route=\/wp\/v2\/posts\/579904","targetHints":{"allow":["GET"]}}],"collection":[{"href":"https:\/\/diariodominicano.com\/index.php?rest_route=\/wp\/v2\/posts"}],"about":[{"href":"https:\/\/diariodominicano.com\/index.php?rest_route=\/wp\/v2\/types\/post"}],"author":[{"embeddable":true,"href":"https:\/\/diariodominicano.com\/index.php?rest_route=\/wp\/v2\/users\/7"}],"replies":[{"embeddable":true,"href":"https:\/\/diariodominicano.com\/index.php?rest_route=%2Fwp%2Fv2%2Fcomments&post=579904"}],"version-history":[{"count":1,"href":"https:\/\/diariodominicano.com\/index.php?rest_route=\/wp\/v2\/posts\/579904\/revisions"}],"predecessor-version":[{"id":579908,"href":"https:\/\/diariodominicano.com\/index.php?rest_route=\/wp\/v2\/posts\/579904\/revisions\/579908"}],"wp:featuredmedia":[{"embeddable":true,"href":"https:\/\/diariodominicano.com\/index.php?rest_route=\/wp\/v2\/media\/579906"}],"wp:attachment":[{"href":"https:\/\/diariodominicano.com\/index.php?rest_route=%2Fwp%2Fv2%2Fmedia&parent=579904"}],"wp:term":[{"taxonomy":"category","embeddable":true,"href":"https:\/\/diariodominicano.com\/index.php?rest_route=%2Fwp%2Fv2%2Fcategories&post=579904"},{"taxonomy":"post_tag","embeddable":true,"href":"https:\/\/diariodominicano.com\/index.php?rest_route=%2Fwp%2Fv2%2Ftags&post=579904"}],"curies":[{"name":"wp","href":"https:\/\/api.w.org\/{rel}","templated":true}]}}