{"id":579790,"date":"2024-12-03T18:57:46","date_gmt":"2024-12-03T22:57:46","guid":{"rendered":"https:\/\/diariodominicano.com\/?p=579790"},"modified":"2024-12-03T18:57:48","modified_gmt":"2024-12-03T22:57:48","slug":"preparate-para-gestionar-los-excesos-de-la-temporada-navidena","status":"publish","type":"post","link":"https:\/\/diariodominicano.com\/?p=579790","title":{"rendered":"Prep\u00e1rate para gestionar los excesos de la temporada navide\u00f1a\u00a0"},"content":{"rendered":"\n<p><em>Las fiestas son momentos para disfrutar, compartir y celebrar, pero hay que cuidar el cuerpo, antes, durante y despu\u00e9s.<\/em><\/p>\n\n\n\n<p>La temporada navide\u00f1a est\u00e1 llena de momentos especiales, deliciosas comidas y celebraciones, pero tambi\u00e9n puede traer excesos que afectan el f\u00edsico, pero sobre todo a la salud. Por eso, es importante prepararnos y cuidarnos antes de estas fechas.<\/p>\n\n\n\n<figure class=\"wp-block-gallery has-nested-images columns-default is-cropped wp-block-gallery-1 is-layout-flex wp-block-gallery-is-layout-flex\">\n<figure class=\"wp-block-image size-large\"><img loading=\"lazy\" decoding=\"async\" width=\"683\" height=\"1024\" data-id=\"579800\" src=\"https:\/\/diariodominicano.com\/wp-content\/uploads\/2024\/12\/Yohana-Vargas-explica-recomendaciones-previas-a-Navidad-683x1024.jpg\" alt=\"\" class=\"wp-image-579800\" srcset=\"https:\/\/diariodominicano.com\/wp-content\/uploads\/2024\/12\/Yohana-Vargas-explica-recomendaciones-previas-a-Navidad-683x1024.jpg 683w, https:\/\/diariodominicano.com\/wp-content\/uploads\/2024\/12\/Yohana-Vargas-explica-recomendaciones-previas-a-Navidad-200x300.jpg 200w, https:\/\/diariodominicano.com\/wp-content\/uploads\/2024\/12\/Yohana-Vargas-explica-recomendaciones-previas-a-Navidad-768x1152.jpg 768w, https:\/\/diariodominicano.com\/wp-content\/uploads\/2024\/12\/Yohana-Vargas-explica-recomendaciones-previas-a-Navidad-1024x1536.jpg 1024w, https:\/\/diariodominicano.com\/wp-content\/uploads\/2024\/12\/Yohana-Vargas-explica-recomendaciones-previas-a-Navidad-1366x2048.jpg 1366w, https:\/\/diariodominicano.com\/wp-content\/uploads\/2024\/12\/Yohana-Vargas-explica-recomendaciones-previas-a-Navidad-816x1224.jpg 816w, https:\/\/diariodominicano.com\/wp-content\/uploads\/2024\/12\/Yohana-Vargas-explica-recomendaciones-previas-a-Navidad-scaled.jpg 1707w\" sizes=\"auto, (max-width: 683px) 100vw, 683px\" \/><figcaption class=\"wp-element-caption\">Yohana-Vargas <\/figcaption><\/figure>\n\n\n\n<figure class=\"wp-block-image size-large\"><img loading=\"lazy\" decoding=\"async\" width=\"683\" height=\"1024\" data-id=\"579799\" src=\"https:\/\/diariodominicano.com\/wp-content\/uploads\/2024\/12\/Yohana-Vargas-explica-sus-recomendaciones-previas-Navidad-683x1024.jpg\" alt=\"\" class=\"wp-image-579799\" srcset=\"https:\/\/diariodominicano.com\/wp-content\/uploads\/2024\/12\/Yohana-Vargas-explica-sus-recomendaciones-previas-Navidad-683x1024.jpg 683w, https:\/\/diariodominicano.com\/wp-content\/uploads\/2024\/12\/Yohana-Vargas-explica-sus-recomendaciones-previas-Navidad-200x300.jpg 200w, https:\/\/diariodominicano.com\/wp-content\/uploads\/2024\/12\/Yohana-Vargas-explica-sus-recomendaciones-previas-Navidad-768x1152.jpg 768w, https:\/\/diariodominicano.com\/wp-content\/uploads\/2024\/12\/Yohana-Vargas-explica-sus-recomendaciones-previas-Navidad-1024x1536.jpg 1024w, https:\/\/diariodominicano.com\/wp-content\/uploads\/2024\/12\/Yohana-Vargas-explica-sus-recomendaciones-previas-Navidad-1366x2048.jpg 1366w, https:\/\/diariodominicano.com\/wp-content\/uploads\/2024\/12\/Yohana-Vargas-explica-sus-recomendaciones-previas-Navidad-816x1224.jpg 816w, https:\/\/diariodominicano.com\/wp-content\/uploads\/2024\/12\/Yohana-Vargas-explica-sus-recomendaciones-previas-Navidad-scaled.jpg 1707w\" sizes=\"auto, (max-width: 683px) 100vw, 683px\" \/><figcaption class=\"wp-element-caption\">Yohana-Vargas <\/figcaption><\/figure>\n<\/figure>\n\n\n\n<p>La influencer colombo-venezolana Yohana Vargas explica sus recomendaciones previas a Navidad:<\/p>\n\n\n\n<p><strong>Mant\u00e9n una alimentaci\u00f3n balanceada (sin excesos):<\/strong><\/p>\n\n\n\n<p>-Prioriza las prote\u00ednas (pollo, pescado, pavo).<\/p>\n\n\n\n<p>-Consume grasas saludables como aguacate, nueces y aceite de oliva o de coco.<\/p>\n\n\n\n<p>-Limita los az\u00facares y carbohidratos lo que m\u00e1s puedas. Incrementa en tu alimentaci\u00f3n ensaladas verdes, verduras, vegetales.<\/p>\n\n\n\n<p><strong>Mantente hidratado:<\/strong><\/p>\n\n\n\n<p>-Bebe suficiente agua durante el d\u00eda. Adem\u00e1s de hidratarte, te ayudar\u00e1 a alivianar la ansiedad.<\/p>\n\n\n\n<p>-Puedes complementar con t\u00e9s o infusiones sin az\u00facar, que tambi\u00e9n ayudan a la digesti\u00f3n. Te sugiero t\u00e9 verde.<\/p>\n\n\n\n<p><strong>No te saltes comidas:<\/strong><\/p>\n\n\n\n<p>-Saltarse comidas para \u201ccompensar\u201d los excesos suele ser contraproducente y puede llevar a comer m\u00e1s durante las cenas navide\u00f1as.<\/p>\n\n\n\n<p>-Realiza actividad f\u00edsica, ya sea al aire libre, en casa o en el gym.<\/p>\n\n\n\n<p><strong>Planea con anticipaci\u00f3n:<\/strong><\/p>\n\n\n\n<p>-Si sabes que habr\u00e1 muchas comidas pesadas, equilibra tu d\u00eda con opciones ligeras, antes y despu\u00e9s de las celebraciones.<\/p>\n\n\n\n<p><strong>Recuerda:<\/strong><\/p>\n\n\n\n<p>Las fiestas son momentos para disfrutar, compartir y celebrar, pero cuidar tu cuerpo, antes y durante estas fechas, te ayudar\u00e1 a verte y sentirte mejor para comenzar el a\u00f1o.<\/p>\n\n\n\n<p>Antes de que lleguen las fiestas puedes unirte a mi reto detox, un plan de siete d\u00edas para limpiar tu organismo, eliminar retenci\u00f3n de l\u00edquido, libras y medidas de m\u00e1s, aprender a dejar a un lado los da\u00f1inos dulces y carbohidratos\u2026 Y te ayudar\u00e9 a prepararte para mi reto de 21 d\u00edas, que haremos en enero, luego de las fiestas decembrinas.<\/p>\n\n\n\n<figure class=\"wp-block-embed\"><div class=\"wp-block-embed__wrapper\">\nhttps:\/\/www.facebook.com\/YohanaVargasOficial\n<\/div><\/figure>\n\n\n\n<figure class=\"wp-block-embed is-type-rich is-provider-tiktok wp-block-embed-tiktok\"><div class=\"wp-block-embed__wrapper\">\n<blockquote class=\"tiktok-embed\" cite=\"https:\/\/www.tiktok.com\/@yohanavargasoficial\" data-unique-id=\"yohanavargasoficial\" data-embed-from=\"oembed\" data-embed-type=\"creator\" style=\"max-width:780px; min-width:288px;\"> <section> <a target=\"_blank\" href=\"https:\/\/www.tiktok.com\/@yohanavargasoficial?refer=creator_embed\">@yohanavargasoficial<\/a> <\/section> <\/blockquote> <script async src=\"https:\/\/www.tiktok.com\/embed.js\"><\/script>\n<\/div><\/figure>\n\n\n\n<figure class=\"wp-block-embed\"><div class=\"wp-block-embed__wrapper\">\nhttps:\/\/www.instagram.com\/yohanavargasoficial\n<\/div><\/figure>\n\n\n\n<h3 class=\"wp-block-heading\"><strong>EB Public Relations<\/strong><strong> <\/strong><a href=\"mailto:esther@ebmanagement.io\"><strong>esther@ebmanagement.io<\/strong><\/a><strong> <\/strong><strong>mailchimpapp.net&nbsp;<\/strong><\/h3>\n","protected":false},"excerpt":{"rendered":"<p>Las fiestas son momentos para disfrutar, compartir y celebrar, pero hay que cuidar el cuerpo, antes, durante y despu\u00e9s. La temporada navide\u00f1a est\u00e1 llena de momentos especiales, deliciosas comidas y celebraciones, pero tambi\u00e9n puede traer excesos que afectan el f\u00edsico, pero sobre todo a la salud. Por eso, es importante prepararnos y cuidarnos antes de [&hellip;]<\/p>\n","protected":false},"author":7,"featured_media":579798,"comment_status":"closed","ping_status":"closed","sticky":false,"template":"","format":"standard","meta":{"footnotes":""},"categories":[25],"tags":[1063],"class_list":["post-579790","post","type-post","status-publish","format-standard","has-post-thumbnail","hentry","category-gente","tag-yohana-vargas"],"_links":{"self":[{"href":"https:\/\/diariodominicano.com\/index.php?rest_route=\/wp\/v2\/posts\/579790","targetHints":{"allow":["GET"]}}],"collection":[{"href":"https:\/\/diariodominicano.com\/index.php?rest_route=\/wp\/v2\/posts"}],"about":[{"href":"https:\/\/diariodominicano.com\/index.php?rest_route=\/wp\/v2\/types\/post"}],"author":[{"embeddable":true,"href":"https:\/\/diariodominicano.com\/index.php?rest_route=\/wp\/v2\/users\/7"}],"replies":[{"embeddable":true,"href":"https:\/\/diariodominicano.com\/index.php?rest_route=%2Fwp%2Fv2%2Fcomments&post=579790"}],"version-history":[{"count":1,"href":"https:\/\/diariodominicano.com\/index.php?rest_route=\/wp\/v2\/posts\/579790\/revisions"}],"predecessor-version":[{"id":579803,"href":"https:\/\/diariodominicano.com\/index.php?rest_route=\/wp\/v2\/posts\/579790\/revisions\/579803"}],"wp:featuredmedia":[{"embeddable":true,"href":"https:\/\/diariodominicano.com\/index.php?rest_route=\/wp\/v2\/media\/579798"}],"wp:attachment":[{"href":"https:\/\/diariodominicano.com\/index.php?rest_route=%2Fwp%2Fv2%2Fmedia&parent=579790"}],"wp:term":[{"taxonomy":"category","embeddable":true,"href":"https:\/\/diariodominicano.com\/index.php?rest_route=%2Fwp%2Fv2%2Fcategories&post=579790"},{"taxonomy":"post_tag","embeddable":true,"href":"https:\/\/diariodominicano.com\/index.php?rest_route=%2Fwp%2Fv2%2Ftags&post=579790"}],"curies":[{"name":"wp","href":"https:\/\/api.w.org\/{rel}","templated":true}]}}