{"id":579703,"date":"2024-12-03T15:33:27","date_gmt":"2024-12-03T19:33:27","guid":{"rendered":"https:\/\/diariodominicano.com\/?p=579703"},"modified":"2024-12-03T19:54:30","modified_gmt":"2024-12-03T23:54:30","slug":"aneih-resalta-impacto-de-teleferico-sdo-en-la-economia-productividad-y-ambiental-de-la-zona","status":"publish","type":"post","link":"https:\/\/diariodominicano.com\/?p=579703","title":{"rendered":"ANEIH resalta impacto de Telef\u00e9rico SDO en la econom\u00eda, productividad y ambiental de la zona"},"content":{"rendered":"\n<p>ARCHIVO:  Euri And\u00fajar<\/p>\n\n\n\n<p>Refiere el presidente que un simple c\u00e1lculo en base a razonamiento y data, entre las 6 de la ma\u00f1ana y 6 de la tarde, se transportar\u00edan 1,200 personas, y por ruta ser\u00edan 7,200 personas<\/p>\n\n\n\n<p>De concretarse la iniciativa atraer\u00e1 m\u00e1s inversiones, estimulando la creaci\u00f3n de nuevos empleos y oportunidades de negocios<strong><u><\/u><\/strong><\/p>\n\n\n\n<p><strong>Santo Domingo, D.N.<\/strong>&nbsp;El presidente de la Asociaci\u00f3n Nacional de Empresas e Industrias Herrera (ANEIH), Euri And\u00fajar, afirm\u00f3 que la obra del Telef\u00e9rico de Santo Domingo Oeste, que interconectar\u00e1 a este municipio con el Distrito Nacional, tendr\u00e1 un impacto significativo en el desarrollo econ\u00f3mico integral de la zona.<\/p>\n\n\n\n<p>A su juicio, de concretarse la iniciativa la infraestructura contribuir\u00e1 a una mayor celeridad en la conectividad estimulando por virtud de consecuencia nuevas inversiones y la expansi\u00f3n de los negocios, adem\u00e1s de fomentar la productividad de las actividades econ\u00f3micas y el cuidado medioambiental.<\/p>\n\n\n\n<p>El presidente de la ANEIH produjo dichos criterios, con motivo de saludar positivamente el anuncio formulado este lunes por el&nbsp;presidente Luis Abinader, sobre el inicio de la construcci\u00f3n del&nbsp;Telef\u00e9rico Santo Domingo Oeste, que, seg\u00fan lo notificado, conectar\u00e1 elkil\u00f3metro 9 de la autopista Duarte con seis demarcaciones, mediante una inversi\u00f3n de US$250 millones. Se informa que tendr\u00e1 capacidad para 4,500 pasajeros por hora, por sentido, con un recorrido total de 20 minutos, beneficiando a 400 mil personas.<\/p>\n\n\n\n<p>&lt;&lt; Si bien se trata de una obra de naturaleza compleja, cuyo impacto abarca diversas variables, dif\u00edciles de cuantificar con precisi\u00f3n, si hacemos un simple c\u00e1lculo en base a razonamiento y data, entre las 6 de la ma\u00f1ana y 6 de la tarde, esto es 12 horas o 720 minutos, se transportar\u00edan 1,200 personas, y por ruta ser\u00edan 7,200 personas &gt;&gt;, apunt\u00f3 And\u00fajar.<\/p>\n\n\n\n<p>A\u00f1adi\u00f3, que, si se parte de un promedio de 5 personas en un carro p\u00fablico, se eliminar\u00eda la necesidad de 1,440 veh\u00edculos p\u00fablicos diario en este espacio de 12 horas, &lt;&lt; representando una reducci\u00f3n de combustible de 6,847 galones por d\u00eda en base al supuesto de 0.396258 galones de consumo seg\u00fan los expertos &gt;&gt;.<\/p>\n\n\n\n<p>En ese tenor, puso de relieve que tambi\u00e9n representa 20,542 kg de CO2 por d\u00eda en estas 12 horas solamente seg\u00fan la secretar\u00eda de Energ\u00eda de los EE. UU. que supone 3 kg de CO2 por 1.5 litros de consumo, siendo finalmente 933 matas menos a sembrar al a\u00f1o &gt;&gt;, acot\u00f3.<\/p>\n\n\n\n<p>&lt;&lt; Indudablemente que para todas las empresas e industrias del Gran Santo Domingo, y en especial, para las empresas ubicadas en la Zona Industrial de Herrera, esta obra representa un valioso aporte ya que optimizar\u00e1 los tiempos operativos y log\u00edsticos asociados al transporte, los empleados mejorar\u00e1n su puntualidad y productividad al llegar m\u00e1s temprano a sus puestos de trabajo, a la vez que disminuir\u00e1n los tiempos invertidos en el transporte de mercanc\u00edas o personal dentro de la zona industrial &gt;&gt;, enfatiz\u00f3 finalmente.<\/p>\n\n\n\n<p>rosa maria jimenez sosa <a href=\"mailto:rmj.comunicaciones@gmail.com\" target=\"_blank\" rel=\"noreferrer noopener\">rmj.comunicaciones@gma<\/a> <\/p>\n\n\n\n<p>Rosa M. Jim\u00e9nez<\/p>\n","protected":false},"excerpt":{"rendered":"<p>ARCHIVO: Euri And\u00fajar Refiere el presidente que un simple c\u00e1lculo en base a razonamiento y data, entre las 6 de la ma\u00f1ana y 6 de la tarde, se transportar\u00edan 1,200 personas, y por ruta ser\u00edan 7,200 personas De concretarse la iniciativa atraer\u00e1 m\u00e1s inversiones, estimulando la creaci\u00f3n de nuevos empleos y oportunidades de negocios Santo [&hellip;]<\/p>\n","protected":false},"author":28,"featured_media":508114,"comment_status":"closed","ping_status":"closed","sticky":true,"template":"","format":"standard","meta":{"footnotes":""},"categories":[18,27],"tags":[],"class_list":["post-579703","post","type-post","status-publish","format-standard","has-post-thumbnail","hentry","category-economia","category-portada"],"_links":{"self":[{"href":"https:\/\/diariodominicano.com\/index.php?rest_route=\/wp\/v2\/posts\/579703","targetHints":{"allow":["GET"]}}],"collection":[{"href":"https:\/\/diariodominicano.com\/index.php?rest_route=\/wp\/v2\/posts"}],"about":[{"href":"https:\/\/diariodominicano.com\/index.php?rest_route=\/wp\/v2\/types\/post"}],"author":[{"embeddable":true,"href":"https:\/\/diariodominicano.com\/index.php?rest_route=\/wp\/v2\/users\/28"}],"replies":[{"embeddable":true,"href":"https:\/\/diariodominicano.com\/index.php?rest_route=%2Fwp%2Fv2%2Fcomments&post=579703"}],"version-history":[{"count":4,"href":"https:\/\/diariodominicano.com\/index.php?rest_route=\/wp\/v2\/posts\/579703\/revisions"}],"predecessor-version":[{"id":579838,"href":"https:\/\/diariodominicano.com\/index.php?rest_route=\/wp\/v2\/posts\/579703\/revisions\/579838"}],"wp:featuredmedia":[{"embeddable":true,"href":"https:\/\/diariodominicano.com\/index.php?rest_route=\/wp\/v2\/media\/508114"}],"wp:attachment":[{"href":"https:\/\/diariodominicano.com\/index.php?rest_route=%2Fwp%2Fv2%2Fmedia&parent=579703"}],"wp:term":[{"taxonomy":"category","embeddable":true,"href":"https:\/\/diariodominicano.com\/index.php?rest_route=%2Fwp%2Fv2%2Fcategories&post=579703"},{"taxonomy":"post_tag","embeddable":true,"href":"https:\/\/diariodominicano.com\/index.php?rest_route=%2Fwp%2Fv2%2Ftags&post=579703"}],"curies":[{"name":"wp","href":"https:\/\/api.w.org\/{rel}","templated":true}]}}