{"id":579660,"date":"2024-12-03T11:11:25","date_gmt":"2024-12-03T15:11:25","guid":{"rendered":"https:\/\/diariodominicano.com\/?p=579660"},"modified":"2024-12-03T11:11:33","modified_gmt":"2024-12-03T15:11:33","slug":"educacion-y-alianzas-inter-agenciales-son-claves-para-la-defensa-del-medio-ambiente","status":"publish","type":"post","link":"https:\/\/diariodominicano.com\/?p=579660","title":{"rendered":"Educaci\u00f3n y alianzas inter-agenciales son claves para la defensa del medio ambiente"},"content":{"rendered":"\n<p>diariodominicano.com<\/p>\n\n\n\n<p>Santo Domingo, R. D.,\u20023 de diciembre, 2024.- El director general del Servicio Nacional de Protecci\u00f3n Ambiental (SENPA), general de brigada \u00c1ngel Alfredo Camacho Ubiera, ERD, consider\u00f3 necesario fortalecer las relaciones c\u00edvico-militares e implementar programas educativos, para la defensa del medio ambiente y los recursos naturales.<br><br>Al participar en el programa J-5 Interactivo junto al coronel Julio Rodr\u00edguez Burgos, ERD, asesor del SENPA, Camacho Ubiera, dijo que la presente gesti\u00f3n militar est\u00e1 enfocada en capacitar a los miembros de las FF. AA., y al personal civil bajo su mando, para fomentar la conciencia ciudadana.<br><br>Con ello- se\u00f1al\u00f3- es posible salvaguardar el cuidado del ecosistema de una manera m\u00e1s vivencial, ya que la visi\u00f3n del SENPA aparte de vigilar y someter a los infractores del medio ambiente, es educar a la poblaci\u00f3n en sentido general.<br><br>El director del organismo de protecci\u00f3n ambiental dijo que actualmente el sistema de monitoreo del SENPA, est\u00e1 siendo reestructurado con equipos de \u00faltima generaci\u00f3n \u201cpara estar a\u00fan m\u00e1s alertas, y anticipar los posibles casos de cr\u00edmenes forestales que se puedan presentar en cualquier parte del territorio dominicano\u201d.<\/p>\n\n\n\n<p><strong><em>Departamento de Prensa<\/em><\/strong><\/p>\n\n\n\n<p><em><strong>Direcci\u00f3n de Asuntos Civiles del Estado Mayor Conjunto, J5<\/strong><\/em><\/p>\n\n\n\n<p><em><strong>Ministerio de Defensa de Rep\u00fablica Dominicana<\/strong><\/em><\/p>\n","protected":false},"excerpt":{"rendered":"<p>diariodominicano.com Santo Domingo, R. D.,\u20023 de diciembre, 2024.- El director general del Servicio Nacional de Protecci\u00f3n Ambiental (SENPA), general de brigada \u00c1ngel Alfredo Camacho Ubiera, ERD, consider\u00f3 necesario fortalecer las relaciones c\u00edvico-militares e implementar programas educativos, para la defensa del medio ambiente y los recursos naturales. Al participar en el programa J-5 Interactivo junto al [&hellip;]<\/p>\n","protected":false},"author":5,"featured_media":579661,"comment_status":"closed","ping_status":"closed","sticky":true,"template":"","format":"standard","meta":{"footnotes":""},"categories":[20,27],"tags":[],"class_list":["post-579660","post","type-post","status-publish","format-standard","has-post-thumbnail","hentry","category-dominicana-hoy","category-portada"],"_links":{"self":[{"href":"https:\/\/diariodominicano.com\/index.php?rest_route=\/wp\/v2\/posts\/579660","targetHints":{"allow":["GET"]}}],"collection":[{"href":"https:\/\/diariodominicano.com\/index.php?rest_route=\/wp\/v2\/posts"}],"about":[{"href":"https:\/\/diariodominicano.com\/index.php?rest_route=\/wp\/v2\/types\/post"}],"author":[{"embeddable":true,"href":"https:\/\/diariodominicano.com\/index.php?rest_route=\/wp\/v2\/users\/5"}],"replies":[{"embeddable":true,"href":"https:\/\/diariodominicano.com\/index.php?rest_route=%2Fwp%2Fv2%2Fcomments&post=579660"}],"version-history":[{"count":1,"href":"https:\/\/diariodominicano.com\/index.php?rest_route=\/wp\/v2\/posts\/579660\/revisions"}],"predecessor-version":[{"id":579662,"href":"https:\/\/diariodominicano.com\/index.php?rest_route=\/wp\/v2\/posts\/579660\/revisions\/579662"}],"wp:featuredmedia":[{"embeddable":true,"href":"https:\/\/diariodominicano.com\/index.php?rest_route=\/wp\/v2\/media\/579661"}],"wp:attachment":[{"href":"https:\/\/diariodominicano.com\/index.php?rest_route=%2Fwp%2Fv2%2Fmedia&parent=579660"}],"wp:term":[{"taxonomy":"category","embeddable":true,"href":"https:\/\/diariodominicano.com\/index.php?rest_route=%2Fwp%2Fv2%2Fcategories&post=579660"},{"taxonomy":"post_tag","embeddable":true,"href":"https:\/\/diariodominicano.com\/index.php?rest_route=%2Fwp%2Fv2%2Ftags&post=579660"}],"curies":[{"name":"wp","href":"https:\/\/api.w.org\/{rel}","templated":true}]}}