{"id":579658,"date":"2024-12-03T11:03:15","date_gmt":"2024-12-03T15:03:15","guid":{"rendered":"https:\/\/diariodominicano.com\/?p=579658"},"modified":"2024-12-03T11:03:22","modified_gmt":"2024-12-03T15:03:22","slug":"remozamiento-del-malecon-de-san-pedro-de-macoris-una-accion-de-justicia-ciudadana","status":"publish","type":"post","link":"https:\/\/diariodominicano.com\/?p=579658","title":{"rendered":"Remozamiento del malec\u00f3n de San Pedro de Macor\u00eds, una acci\u00f3n de justicia ciudadana"},"content":{"rendered":"\n<p>diariodominicano.com<\/p>\n\n\n\n<p><strong>Manuel D\u00edaz Aponte<\/strong><\/p>\n\n\n\n<p>San Pedro de Macor\u00eds, R. D., 3 de diciembre, 2024.- \u2002\u00a1Por fin!, San Pedro de Macor\u00eds dispondr\u00e1 de un malec\u00f3n moderno y confortable tal como lo merece esta provincia, que, desde su inauguraci\u00f3n en 1975, no hab\u00eda sido remodelado pese a los continuos reclamos comunitarios.<\/p>\n\n\n\n<p>De hecho, estaba en condiciones deplorables, totalmente arrabalizado y convertido en un vertedero, con grietas por doquier en sus muros y a oscuras, propiciadora de actos delincuenciales.<\/p>\n\n\n\n<p>Gentes de distintos sectores de la ciudad oriental ven\u00edan hasta aqu\u00ed a lanzar basuras convirti\u00e9ndolo en un espacio de inmundicias y hedor insoportable. Y se observaban las costas minadas de desperdicios. &nbsp;<\/p>\n\n\n\n<p>La poblaci\u00f3n petromacorisana y visitantes sent\u00edan inseguridad y temores de acudir al principal escenario p\u00fablico de esparcimiento de la Sultana del Este por sus deplorables condiciones f\u00edsicas. All\u00ed, malandros y enfermos mentales se \u201cadue\u00f1aban\u201d de la zona esparciendo basuras, botellas rotas y diversidad de inmundicias en toda la extensi\u00f3n de tres kil\u00f3metros y medio de la avenida.<\/p>\n\n\n\n<p>La estatua del recordado prominente escritor Gast\u00f3n Fernando Deligne fue una de las primeras v\u00edctimas del vandalismo predominante en el malec\u00f3n, cuando a mediados de 1998, los facinerosos cargaron con sus lentes.<\/p>\n\n\n\n<p>Todo el litoral costero parec\u00eda un vertedero cargado de pl\u00e1sticos, heces fecales y las \u00e1reas verdes marchitadas por el olvido y desprecio de las autoridades.<\/p>\n\n\n\n<p>La actividad comercial fue decayendo progresivamente y muchos propietarios de las destartaladas casetas se fueron a la quiebra.<\/p>\n\n\n\n<p>El oleaje del mar reflejaba tristeza al ver que nadie se condol\u00eda de uno de los atractivos tur\u00edsticos y recreativos m\u00e1s importante del pa\u00eds.<\/p>\n\n\n\n<p><strong>Esperada Medida<\/strong><\/p>\n\n\n\n<p>En mayo del 2022, el presidente Luis Abinader dispuso a trav\u00e9s del Ministerio de Turismo la remodelaci\u00f3n del malec\u00f3n de San Pedro de Macor\u00eds, llenando de alegr\u00eda a los petromacorisanos.<\/p>\n\n\n\n<p>La obra incluye un parque lineal con un \u00e1rea total de intervenci\u00f3n de 60,000 m2, dentro de los cuales est\u00e1n unos 12,000 m2 aceras.<\/p>\n\n\n\n<p>Igualmente, abarca una&nbsp;intervenci\u00f3n paisaj\u00edstica&nbsp;a todo lo largo del malec\u00f3n, la isleta central y el frente marino. Adem\u00e1s, \u00e1reas de esparcimiento como&nbsp;plazas, juegos infantiles, gimnasio al aire libre, cancha de voleibol, entre otras facilidades.<\/p>\n\n\n\n<p>Las autoridades levantaron tambi\u00e9n 9&nbsp;m\u00f3dulos dobles para ventas&nbsp;con sus dep\u00f3sitos y equipamiento (freezer, refrigerador, fregadero, mesas, sillas y taburetes). Asimismo, m\u00f3dulos de ba\u00f1os y&nbsp;oficinas de POLITUR,&nbsp;con sus respectivos equipamientos.<\/p>\n\n\n\n<p>Esto \u00faltimo, garantiza que haya vigilancia permanente en todo el malec\u00f3n lo que es vital para su conservaci\u00f3n y seguridad. &nbsp;&nbsp;&nbsp;&nbsp;<\/p>\n\n\n\n<p><strong>Nueva Imagen<\/strong><\/p>\n\n\n\n<p>Ahora la imagen es otra tras la intervenci\u00f3n del Ministerio de Turismo, que con una inversi\u00f3n de m\u00e1s de 260 millones de pesos est\u00e1 finalizando la completa remodelaci\u00f3n y asfaltado del malec\u00f3n de la Sultana del Este, constituy\u00e9ndose en una acci\u00f3n de justicia por parte de las autoridades que supieron olfatear tan anhelada aspiraci\u00f3n colectiva.<\/p>\n\n\n\n<p>Sin embargo, llegar hasta aqu\u00ed ha sido un trayecto tortuoso despu\u00e9s de casi 3 a\u00f1os de iniciada la remodelaci\u00f3n del mirador oriental, teniendo las autoridades del Ministerio de Turismo que proceder a imponer una multa de cuatro millones de pesos a la empresa constructora responsable de su remozamiento por incumplimiento en la entrega de la obra.<\/p>\n\n\n\n<p>&nbsp;\u00abComo no tengo&nbsp;<strong>compromiso<\/strong>&nbsp;con nadie, como no cojo dinero ni comisi\u00f3n y el \u00fanico&nbsp;<strong>compromiso<\/strong>&nbsp;es con la gente y con el pueblo&nbsp;<strong>dominicano<\/strong>, hoy estamos procediendo, amparados en el art\u00edculo 7 del&nbsp;<strong>contrato<\/strong>, a colocarle una&nbsp;<strong>multa<\/strong>&nbsp;de cuatro millones de pesos, y darle un plazo de una semana para que entregue el malec\u00f3n a la gente de&nbsp;<strong>San Pedro<\/strong>&nbsp;de Macor\u00eds\u00bb, sentenci\u00f3 el ministro David Collado en visita de inspecci\u00f3n a la zona.<\/p>\n\n\n\n<p>A partir de ah\u00ed, la constructora&nbsp;<strong>Kuky&nbsp;<\/strong>responsable del remozamiento ha intensificado los trabajos con horarios de d\u00eda y noche, para evitar nuevas amonestaciones.<\/p>\n\n\n\n<p>El acondicionamiento del malec\u00f3n de San Pedro de Macor\u00eds junto a la reciente inauguraci\u00f3n del Museo del Pelotero Petromacorisano, que encabez\u00f3 el presidente Luis Abinader y la reconstrucci\u00f3n del Estadio Tetelo Vargas permiten abrir nuevas esperanzas para un futuro m\u00e1s promisorio de la Serie 23.&nbsp;<\/p>\n\n\n\n<p><strong>Art\u00edculo de Manuel D\u00edaz Aponte&nbsp;<\/strong><\/p>\n","protected":false},"excerpt":{"rendered":"<p>diariodominicano.com Manuel D\u00edaz Aponte San Pedro de Macor\u00eds, R. D., 3 de diciembre, 2024.- \u2002\u00a1Por fin!, San Pedro de Macor\u00eds dispondr\u00e1 de un malec\u00f3n moderno y confortable tal como lo merece esta provincia, que, desde su inauguraci\u00f3n en 1975, no hab\u00eda sido remodelado pese a los continuos reclamos comunitarios. De hecho, estaba en condiciones deplorables, [&hellip;]<\/p>\n","protected":false},"author":5,"featured_media":510907,"comment_status":"closed","ping_status":"closed","sticky":true,"template":"","format":"standard","meta":{"footnotes":""},"categories":[19,16,27],"tags":[],"class_list":["post-579658","post","type-post","status-publish","format-standard","has-post-thumbnail","hentry","category-mi-voz","category-opiniones","category-portada"],"_links":{"self":[{"href":"https:\/\/diariodominicano.com\/index.php?rest_route=\/wp\/v2\/posts\/579658","targetHints":{"allow":["GET"]}}],"collection":[{"href":"https:\/\/diariodominicano.com\/index.php?rest_route=\/wp\/v2\/posts"}],"about":[{"href":"https:\/\/diariodominicano.com\/index.php?rest_route=\/wp\/v2\/types\/post"}],"author":[{"embeddable":true,"href":"https:\/\/diariodominicano.com\/index.php?rest_route=\/wp\/v2\/users\/5"}],"replies":[{"embeddable":true,"href":"https:\/\/diariodominicano.com\/index.php?rest_route=%2Fwp%2Fv2%2Fcomments&post=579658"}],"version-history":[{"count":1,"href":"https:\/\/diariodominicano.com\/index.php?rest_route=\/wp\/v2\/posts\/579658\/revisions"}],"predecessor-version":[{"id":579659,"href":"https:\/\/diariodominicano.com\/index.php?rest_route=\/wp\/v2\/posts\/579658\/revisions\/579659"}],"wp:featuredmedia":[{"embeddable":true,"href":"https:\/\/diariodominicano.com\/index.php?rest_route=\/wp\/v2\/media\/510907"}],"wp:attachment":[{"href":"https:\/\/diariodominicano.com\/index.php?rest_route=%2Fwp%2Fv2%2Fmedia&parent=579658"}],"wp:term":[{"taxonomy":"category","embeddable":true,"href":"https:\/\/diariodominicano.com\/index.php?rest_route=%2Fwp%2Fv2%2Fcategories&post=579658"},{"taxonomy":"post_tag","embeddable":true,"href":"https:\/\/diariodominicano.com\/index.php?rest_route=%2Fwp%2Fv2%2Ftags&post=579658"}],"curies":[{"name":"wp","href":"https:\/\/api.w.org\/{rel}","templated":true}]}}