{"id":579655,"date":"2024-12-03T10:52:25","date_gmt":"2024-12-03T14:52:25","guid":{"rendered":"https:\/\/diariodominicano.com\/?p=579655"},"modified":"2024-12-03T10:52:34","modified_gmt":"2024-12-03T14:52:34","slug":"iran-atribuye-persistencia-del-terrorismo-en-siria-a-presencia-militar-continua-de-estados-unidos","status":"publish","type":"post","link":"https:\/\/diariodominicano.com\/?p=579655","title":{"rendered":"Ir\u00e1n atribuye persistencia del terrorismo en Siria a presencia militar continua de Estados Unidos"},"content":{"rendered":"\n<p>diariodominicano.com<\/p>\n\n\n\n<p>TEHER\u00c1N, 3 dic (Xinhua) &#8212; El portavoz del Ministerio de Asuntos Exteriores de Ir\u00e1n, Esmaeil Baghaei, afirm\u00f3 el lunes que la persistencia del \u00abterrorismo\u00bb en Siria se debe a la presencia militar continua de Estados Unidos en el pa\u00eds \u00e1rabe. Baghaei hizo estas declaraciones en una conferencia de prensa semanal al comentar el papel de Estados Unidos sobre el reciente resurgimiento de grupos \u00abterroristas\u00bb en Siria. Dijo que la presencia militar estadounidense en Siria se consideraba una especie de \u00abagresi\u00f3n contra el Estado \u00e1rabe y una violaci\u00f3n de los principios y objetivos de las Naciones Unidas\u00bb. \u00abEst\u00e1 completamente claro que una de las razones de la persistencia del terrorismo y de la presencia y supervivencia de los grupos terroristas en Siria durante todos estos a\u00f1os fue la ocupaci\u00f3n del Estado \u00e1rabe por las tropas militares estadounidenses\u00bb, a\u00f1adi\u00f3. El 27 de noviembre, Hayat Tahrir al Sham (HTS), una organizaci\u00f3n extremista vinculada a la red terrorista Al Qaeda, y facciones opositoras aliadas sacudieron la zona rural occidental de la provincia de Alepo en una gran ofensiva rebelde destinada a penetrar en territorios controlados por el Gobierno sirio. Ante la abrumadora presencia de milicianos y los m\u00faltiples ataques, el Ej\u00e9rcito sirio anunci\u00f3 un redespliegue temporal de sus fuerzas. Tambi\u00e9n el lunes, el Ej\u00e9rcito sirio inform\u00f3 de una intensificaci\u00f3n de las operaciones en las provincias de Alepo e Idlib, afirmando que m\u00e1s de 400 milicianos hab\u00edan sido eliminados en las \u00faltimas 24 horas con apoyo de las fuerzas rusas.<\/p>\n","protected":false},"excerpt":{"rendered":"<p>diariodominicano.com TEHER\u00c1N, 3 dic (Xinhua) &#8212; El portavoz del Ministerio de Asuntos Exteriores de Ir\u00e1n, Esmaeil Baghaei, afirm\u00f3 el lunes que la persistencia del \u00abterrorismo\u00bb en Siria se debe a la presencia militar continua de Estados Unidos en el pa\u00eds \u00e1rabe. Baghaei hizo estas declaraciones en una conferencia de prensa semanal al comentar el papel [&hellip;]<\/p>\n","protected":false},"author":5,"featured_media":579656,"comment_status":"closed","ping_status":"closed","sticky":true,"template":"","format":"standard","meta":{"footnotes":""},"categories":[23,27],"tags":[],"class_list":["post-579655","post","type-post","status-publish","format-standard","has-post-thumbnail","hentry","category-internacional","category-portada"],"_links":{"self":[{"href":"https:\/\/diariodominicano.com\/index.php?rest_route=\/wp\/v2\/posts\/579655","targetHints":{"allow":["GET"]}}],"collection":[{"href":"https:\/\/diariodominicano.com\/index.php?rest_route=\/wp\/v2\/posts"}],"about":[{"href":"https:\/\/diariodominicano.com\/index.php?rest_route=\/wp\/v2\/types\/post"}],"author":[{"embeddable":true,"href":"https:\/\/diariodominicano.com\/index.php?rest_route=\/wp\/v2\/users\/5"}],"replies":[{"embeddable":true,"href":"https:\/\/diariodominicano.com\/index.php?rest_route=%2Fwp%2Fv2%2Fcomments&post=579655"}],"version-history":[{"count":1,"href":"https:\/\/diariodominicano.com\/index.php?rest_route=\/wp\/v2\/posts\/579655\/revisions"}],"predecessor-version":[{"id":579657,"href":"https:\/\/diariodominicano.com\/index.php?rest_route=\/wp\/v2\/posts\/579655\/revisions\/579657"}],"wp:featuredmedia":[{"embeddable":true,"href":"https:\/\/diariodominicano.com\/index.php?rest_route=\/wp\/v2\/media\/579656"}],"wp:attachment":[{"href":"https:\/\/diariodominicano.com\/index.php?rest_route=%2Fwp%2Fv2%2Fmedia&parent=579655"}],"wp:term":[{"taxonomy":"category","embeddable":true,"href":"https:\/\/diariodominicano.com\/index.php?rest_route=%2Fwp%2Fv2%2Fcategories&post=579655"},{"taxonomy":"post_tag","embeddable":true,"href":"https:\/\/diariodominicano.com\/index.php?rest_route=%2Fwp%2Fv2%2Ftags&post=579655"}],"curies":[{"name":"wp","href":"https:\/\/api.w.org\/{rel}","templated":true}]}}