{"id":579650,"date":"2024-12-03T10:40:45","date_gmt":"2024-12-03T14:40:45","guid":{"rendered":"https:\/\/diariodominicano.com\/?p=579650"},"modified":"2024-12-03T10:48:17","modified_gmt":"2024-12-03T14:48:17","slug":"primer-ministro-de-singapur-se-aislara-tras-dar-positivo-por-covid-19","status":"publish","type":"post","link":"https:\/\/diariodominicano.com\/?p=579650","title":{"rendered":"Primer ministro de Singapur se aislar\u00e1 tras dar positivo por COVID-19"},"content":{"rendered":"\n<p>diariodominicano.com<\/p>\n\n\n\n<p>SINGAPUR, 3 dic (Xinhua) &#8212; El primer ministro singapurense, Lawrence Wong, dio positivo por COVID-19 por primera vez hoy martes y anunci\u00f3 que se aislar\u00e1 mientras trabaja desde casa, seg\u00fan public\u00f3 en Facebook. Wong dijo que se despert\u00f3 por la ma\u00f1ana \u00abcon un fuerte dolor de garganta\u00bb, y m\u00e1s tarde confirm\u00f3 su infecci\u00f3n, publicando una foto del resultado de la prueba. Asegur\u00f3 que \u00abse encuentra bien en general\u00bb. Wong, de 51 a\u00f1os, jur\u00f3 su cargo como cuarto primer ministro de Singapur en mayo.<\/p>\n","protected":false},"excerpt":{"rendered":"<p>diariodominicano.com SINGAPUR, 3 dic (Xinhua) &#8212; El primer ministro singapurense, Lawrence Wong, dio positivo por COVID-19 por primera vez hoy martes y anunci\u00f3 que se aislar\u00e1 mientras trabaja desde casa, seg\u00fan public\u00f3 en Facebook. Wong dijo que se despert\u00f3 por la ma\u00f1ana \u00abcon un fuerte dolor de garganta\u00bb, y m\u00e1s tarde confirm\u00f3 su infecci\u00f3n, publicando [&hellip;]<\/p>\n","protected":false},"author":5,"featured_media":579654,"comment_status":"closed","ping_status":"closed","sticky":true,"template":"","format":"standard","meta":{"footnotes":""},"categories":[27],"tags":[],"class_list":["post-579650","post","type-post","status-publish","format-standard","has-post-thumbnail","hentry","category-portada"],"_links":{"self":[{"href":"https:\/\/diariodominicano.com\/index.php?rest_route=\/wp\/v2\/posts\/579650","targetHints":{"allow":["GET"]}}],"collection":[{"href":"https:\/\/diariodominicano.com\/index.php?rest_route=\/wp\/v2\/posts"}],"about":[{"href":"https:\/\/diariodominicano.com\/index.php?rest_route=\/wp\/v2\/types\/post"}],"author":[{"embeddable":true,"href":"https:\/\/diariodominicano.com\/index.php?rest_route=\/wp\/v2\/users\/5"}],"replies":[{"embeddable":true,"href":"https:\/\/diariodominicano.com\/index.php?rest_route=%2Fwp%2Fv2%2Fcomments&post=579650"}],"version-history":[{"count":1,"href":"https:\/\/diariodominicano.com\/index.php?rest_route=\/wp\/v2\/posts\/579650\/revisions"}],"predecessor-version":[{"id":579651,"href":"https:\/\/diariodominicano.com\/index.php?rest_route=\/wp\/v2\/posts\/579650\/revisions\/579651"}],"wp:featuredmedia":[{"embeddable":true,"href":"https:\/\/diariodominicano.com\/index.php?rest_route=\/wp\/v2\/media\/579654"}],"wp:attachment":[{"href":"https:\/\/diariodominicano.com\/index.php?rest_route=%2Fwp%2Fv2%2Fmedia&parent=579650"}],"wp:term":[{"taxonomy":"category","embeddable":true,"href":"https:\/\/diariodominicano.com\/index.php?rest_route=%2Fwp%2Fv2%2Fcategories&post=579650"},{"taxonomy":"post_tag","embeddable":true,"href":"https:\/\/diariodominicano.com\/index.php?rest_route=%2Fwp%2Fv2%2Ftags&post=579650"}],"curies":[{"name":"wp","href":"https:\/\/api.w.org\/{rel}","templated":true}]}}