{"id":579539,"date":"2024-12-03T01:30:46","date_gmt":"2024-12-03T05:30:46","guid":{"rendered":"https:\/\/diariodominicano.com\/?p=579539"},"modified":"2024-12-03T01:31:23","modified_gmt":"2024-12-03T05:31:23","slug":"corte-idh-condena-a-venezuela-por-violacion-de-derechos-de-henrique-capriles-en-elecciones-de-2013","status":"publish","type":"post","link":"https:\/\/diariodominicano.com\/?p=579539","title":{"rendered":"Corte IDH condena a Venezuela por violaci\u00f3n de derechos de Henrique Capriles en elecciones de 2013"},"content":{"rendered":"\n<p>ARCHIVO &#8211; El l\u00edder opositor y ex candidato presidencial Henrique Capriles asiste a un evento en el que el partido Primero Justicia lo nomin\u00f3 como su candidato presidencial para las primarias de la oposici\u00f3n en Caracas, Venezuela, el 10 de marzo de 2023.<\/p>\n\n\n\n<p>diciembre 02, 2024<\/p>\n\n\n\n<ul class=\"wp-block-list\">\n<li><a href=\"https:\/\/www.vozdeamerica.com\/author\/reuters\/riv_i\">Reuters<\/a><\/li>\n<\/ul>\n\n\n\n<ul class=\"wp-block-list\">\n<li><a href=\"https:\/\/facebook.com\/sharer.php?u=https%3a%2f%2fwww.vozdeamerica.com%2fa%2fcorte-idh-condena-venezuela-violacion-derechos-henrique-capriles-elecciones-2013%2f7884780.html\" target=\"_blank\" rel=\"noreferrer noopener\"><\/a><\/li>\n\n\n\n<li><a href=\"https:\/\/twitter.com\/share?url=https%3a%2f%2fwww.vozdeamerica.com%2fa%2fcorte-idh-condena-venezuela-violacion-derechos-henrique-capriles-elecciones-2013%2f7884780.html&amp;text=Corte+IDH+condena+a+Venezuela+por+violaci%c3%b3n+de+derechos+de+Henrique+Capriles+en+elecciones+de+2013\" target=\"_blank\" rel=\"noreferrer noopener\"><\/a><\/li>\n\n\n\n<li><\/li>\n\n\n\n<li><a href=\"mailto:?body=https%3a%2f%2fwww.vozdeamerica.com%2fa%2fcorte-idh-condena-venezuela-violacion-derechos-henrique-capriles-elecciones-2013%2f7884780.html&amp;subject=Corte%20IDH%20condena%20a%20Venezuela%20por%20violaci%C3%B3n%20de%20derechos%20de%20Henrique%20Capriles%20en%20elecciones%20de%202013\"><\/a><\/li>\n<\/ul>\n\n\n\n<p><a href=\"https:\/\/www.vozdeamerica.com\/a\/corte-idh-condena-venezuela-violacion-derechos-henrique-capriles-elecciones-2013\/7884780.html#comments\">&nbsp;Vea comentarios<\/a><\/p>\n\n\n\n<p>La Corte IDH declar\u00f3 culpable al Estado de Venezuela por infringir los derechos pol\u00edticos del excandidato presidencial Henrique Capriles en el contexto de los comicios de 2013.<\/p>\n\n\n\n<p>SAN JOS\u00c9 \u2014&nbsp;<\/p>\n\n\n\n<p>La Corte Interamericana de Derechos Humanos (Corte IDH) conden\u00f3 el lunes al Estado de Venezuela por la violaci\u00f3n de derechos pol\u00edticos del excandidato presidencial Henrique Capriles durante las elecciones de 2013.<\/p>\n\n\n\n<p>Seg\u00fan comunic\u00f3 la Corte IDH, con sede en San Jos\u00e9, Costa Rica, durante este proceso se determin\u00f3 que se violentaron los derechos a libertad de expresi\u00f3n, igualdad ante la ley, garant\u00edas judiciales y protecci\u00f3n judicial en perjuicio de Capriles, al tiempo que el aparato estatal favoreci\u00f3 la candidatura de Nicol\u00e1s Maduro. Eso, a juicio del organismo, representa una vulneraci\u00f3n grave a los principios democr\u00e1ticos.<\/p>\n\n\n\n<p>Capriles, un joven abogado, utiliz\u00f3 su carisma y estilo no confrontativo para ganar el apoyo de millones y convertirse en una amenaza electoral para el ya fallecido presidente Hugo Ch\u00e1vez en 2012.<\/p>\n\n\n\n<p>Capriles perder\u00eda esa elecci\u00f3n, y otra al a\u00f1o siguiente tras la muerte de Ch\u00e1vez, ante el actual presidente Nicol\u00e1s Maduro. Fue durante esa segunda contienda en 2013 que el tribunal dictamin\u00f3 el lunes que el gobierno viol\u00f3 los derechos de Capriles y favoreci\u00f3 a Maduro.<\/p>\n\n\n\n<p><a href=\"https:\/\/www.vozdeamerica.com\/a\/consejo-europeo-no-reconoce-legitimidad-de-maduro-como-presidente-electo\/7764282.html\"><\/a><\/p>\n\n\n\n<p><a href=\"https:\/\/www.vozdeamerica.com\/a\/consejo-europeo-no-reconoce-legitimidad-de-maduro-como-presidente-electo\/7764282.html\">Tambi\u00e9n lea<\/a><\/p>\n\n\n\n<h4 class=\"wp-block-heading\"><a href=\"https:\/\/www.vozdeamerica.com\/a\/consejo-europeo-no-reconoce-legitimidad-de-maduro-como-presidente-electo\/7764282.html\">Consejo Europeo no reconoce legitimidad de Maduro como presidente electo<\/a><\/h4>\n\n\n\n<p>En 2017, el gobierno de Maduro le prohibi\u00f3 a Capriles volver a postularse durante 15 a\u00f1os.<\/p>\n\n\n\n<p>De acuerdo con la Corte Interamericana, Maduro fue habilitado como candidato sin haber renunciado a su posici\u00f3n como \u201cpresidente encargado\u201d y finalmente fue declarado ganador por el Consejo Nacional Electoral (CNE) con un 50,61 % de los votos, mientras que a Capriles se le acredit\u00f3 una votaci\u00f3n del 49,12 %.<\/p>\n\n\n\n<p>En su cuenta de X, Capriles escribi\u00f3 que \u201c\u201d11 a\u00f1os despu\u00e9s (la Justicia adem\u00e1s de hacer prevalecer la verdad tiene que ser expedita) obtuvimos sentencia en relaci\u00f3n a la demanda que interpusimos por la elecci\u00f3n del a\u00f1o 2013 ante la CorteIDH\u201d.<\/p>\n\n\n\n<p>\u201cSiempre hemos buscado caminos en el marco de nuestra constituci\u00f3n para recuperar la democracia, la institucionalidad. Espero que llegue ese d\u00eda en que se respete y prevalezca el sagrado derecho a decidir en PAZ su futuro\u201d, acot\u00f3.<\/p>\n\n\n\n<p><\/p>\n\n\n\n<p>Seg\u00fan la Corte CIDH, el gobierno venezolano us\u00f3 recursos estatales para favorecer a Maduro durante esa campa\u00f1a electoral; y se realizaron actos de proselitismo por parte de funcionarios p\u00fablicos, presiones a empleados del Estado para y cobertura medi\u00e1tica desproporcionada en los medios comunicaci\u00f3n en manos del estado.<\/p>\n\n\n\n<p>Tambi\u00e9n acredit\u00f3 que las denuncias por irregularidades presentadas por el equipo de Capriles no fueron atendidas por el CNE.<\/p>\n\n\n\n<p>La Corte consider\u00f3 que las acciones y omisiones del Estado venezolano socavaron la integridad del proceso electoral, los derechos pol\u00edticos de Capriles y afectaron el derecho de los venezolanos para elegir libremente a sus gobernantes.<\/p>\n\n\n\n<p>Capriles ya contaba con un fallo a su favor de la Corte Interamericana de Derechos Humanos, que hab\u00eda ordenado al gobierno venezolano levantar la prohibici\u00f3n de participar en pol\u00edtica, pero esta fue ignorada.<\/p>\n\n\n\n<p>En enero, el Tribunal Supremo de Justicia de Venezuela ratific\u00f3 la prohibici\u00f3n de participaci\u00f3n pol\u00edtica de Capriles hasta 2032.<\/p>\n\n\n\n<p>Capriles y otros adversarios del gobierno de Maduro sostienen que la inhabilitaci\u00f3n ha sido usada por el gobierno, incluido la administraci\u00f3n de Chavez, como un arma pol\u00edtica.<\/p>\n\n\n\n<p>En julio,&nbsp;<em><strong><a href=\"https:\/\/www.vozdeamerica.com\/a\/vencido-horario-oficial-cne-no-precisa-cuando-cierran-centros-venezuela\/7716247.html\" target=\"_blank\" rel=\"noreferrer noopener\">Maduro fue declarado ganador de una elecci\u00f3n<\/a><\/strong><\/em>&nbsp;llena de irregularidades en la que los escrutinios de los centros de votaci\u00f3n recogidos por la oposici\u00f3n mostraban que su candidato, Edmundo Gonz\u00e1lez, hab\u00eda derrotado a Maduro por un amplio margen.<\/p>\n","protected":false},"excerpt":{"rendered":"<p>ARCHIVO &#8211; El l\u00edder opositor y ex candidato presidencial Henrique Capriles asiste a un evento en el que el partido Primero Justicia lo nomin\u00f3 como su candidato presidencial para las primarias de la oposici\u00f3n en Caracas, Venezuela, el 10 de marzo de 2023. diciembre 02, 2024 &nbsp;Vea comentarios La Corte IDH declar\u00f3 culpable al Estado [&hellip;]<\/p>\n","protected":false},"author":28,"featured_media":579540,"comment_status":"closed","ping_status":"closed","sticky":true,"template":"","format":"standard","meta":{"footnotes":""},"categories":[23,24],"tags":[],"class_list":["post-579539","post","type-post","status-publish","format-standard","has-post-thumbnail","hentry","category-internacional","category-justicia-y-derecho"],"_links":{"self":[{"href":"https:\/\/diariodominicano.com\/index.php?rest_route=\/wp\/v2\/posts\/579539","targetHints":{"allow":["GET"]}}],"collection":[{"href":"https:\/\/diariodominicano.com\/index.php?rest_route=\/wp\/v2\/posts"}],"about":[{"href":"https:\/\/diariodominicano.com\/index.php?rest_route=\/wp\/v2\/types\/post"}],"author":[{"embeddable":true,"href":"https:\/\/diariodominicano.com\/index.php?rest_route=\/wp\/v2\/users\/28"}],"replies":[{"embeddable":true,"href":"https:\/\/diariodominicano.com\/index.php?rest_route=%2Fwp%2Fv2%2Fcomments&post=579539"}],"version-history":[{"count":2,"href":"https:\/\/diariodominicano.com\/index.php?rest_route=\/wp\/v2\/posts\/579539\/revisions"}],"predecessor-version":[{"id":579543,"href":"https:\/\/diariodominicano.com\/index.php?rest_route=\/wp\/v2\/posts\/579539\/revisions\/579543"}],"wp:featuredmedia":[{"embeddable":true,"href":"https:\/\/diariodominicano.com\/index.php?rest_route=\/wp\/v2\/media\/579540"}],"wp:attachment":[{"href":"https:\/\/diariodominicano.com\/index.php?rest_route=%2Fwp%2Fv2%2Fmedia&parent=579539"}],"wp:term":[{"taxonomy":"category","embeddable":true,"href":"https:\/\/diariodominicano.com\/index.php?rest_route=%2Fwp%2Fv2%2Fcategories&post=579539"},{"taxonomy":"post_tag","embeddable":true,"href":"https:\/\/diariodominicano.com\/index.php?rest_route=%2Fwp%2Fv2%2Ftags&post=579539"}],"curies":[{"name":"wp","href":"https:\/\/api.w.org\/{rel}","templated":true}]}}