{"id":579456,"date":"2024-12-02T16:59:24","date_gmt":"2024-12-02T20:59:24","guid":{"rendered":"https:\/\/diariodominicano.com\/?p=579456"},"modified":"2024-12-03T00:50:49","modified_gmt":"2024-12-03T04:50:49","slug":"kany-garcia-llega-con-su-garcia-tour-2025-a-las-piedras-de-altos-de-chavon","status":"publish","type":"post","link":"https:\/\/diariodominicano.com\/?p=579456","title":{"rendered":"Kany Garc\u00eda llega con su \u201cGarc\u00eda Tour 2025\u201d a las piedras de Altos de Chav\u00f3n"},"content":{"rendered":"\n<p><strong>La Romana, RD.<\/strong>&nbsp;\u2013 La destacada cantautora puertorrique\u00f1a Kany Garc\u00eda, ganadora de seis Latin Grammys, se presentar\u00e1 por primera vez en el emblem\u00e1tico escenario de Altos de Chav\u00f3n, en La Romana, como parte de su gira internacional&nbsp;<strong>\u201cGarc\u00eda Tour 2025\u201d<\/strong>.<\/p>\n\n\n\n<p><br>El esperado evento, producido por el empresario&nbsp;<strong>Gamal Hach\u00e9<\/strong>, est\u00e1 programado para el pr\u00f3ximo&nbsp;<strong>15 de febrero<\/strong>, en una noche dedicada a celebrar la amistad y el amor, conmemorando adem\u00e1s el&nbsp;<strong>50 aniversario de Casa de Campo<\/strong>.<br><\/p>\n\n\n\n<p>Kany, reconocida por su sensibilidad musical y letras llenas de emociones, interpretar\u00e1 \u00e9xitos como&nbsp;<strong>\u201cPara siempre\u201d<\/strong>,&nbsp;<strong>\u201cConfieso\u201d<\/strong>,&nbsp;<strong>\u201cDuele menos\u201d<\/strong>,&nbsp;<strong>\u201cCuando se va el amor\u201d<\/strong>&nbsp;y&nbsp;<strong>\u201cAmigo en el ba\u00f1o\u201d<\/strong>, entre otros. Acompa\u00f1ada de su banda, promete brindar un espect\u00e1culo inolvidable en uno de los escenarios m\u00e1s ic\u00f3nicos del Caribe.<br><\/p>\n\n\n\n<ul class=\"wp-block-list\">\n<li><strong>Preventa exclusiva<\/strong>: para tarjetahabientes de Banreservas, disponible desde ma\u00f1ana, <strong>3 de diciembre a las 10:00 a.m.<\/strong>, por 24 horas o hasta agotar existencia.<\/li>\n\n\n\n<li><strong>Venta general<\/strong>: a partir del <strong>4 de diciembre a las 10:00 a.m.<\/strong>.<br><\/li>\n<\/ul>\n\n\n\n<p><strong>Boletas a la venta en:<\/strong><\/p>\n\n\n\n<ul class=\"wp-block-list\">\n<li><a href=\"http:\/\/uepatickets.com\/\" target=\"_blank\" rel=\"noreferrer noopener\">uepatickets.com<\/a><\/li>\n\n\n\n<li>Oficina principal de la avenida N\u00fa\u00f1ez de C\u00e1ceres.<br><\/li>\n<\/ul>\n\n\n\n<p><strong>Patrocinado por:<\/strong>&nbsp;Banreservas y Mastercard.<br><strong>Producci\u00f3n:<\/strong>&nbsp;RIMAS NATION y GAMAL\u2122\ufe0f.<\/p>\n\n\n\n<p>Hector Romero<\/p>\n\n\n\n<p>Hector Romero (De tus contactos de Google)<\/p>\n\n\n\n<p><a href=\"mailto:hferom@dparranda.net\" target=\"_blank\" rel=\"noreferrer noopener\">hferom@dparranda.net<\/a><\/p>\n\n\n\n<p>#Kany Garc\u00eda <\/p>\n","protected":false},"excerpt":{"rendered":"<p>La Romana, RD.&nbsp;\u2013 La destacada cantautora puertorrique\u00f1a Kany Garc\u00eda, ganadora de seis Latin Grammys, se presentar\u00e1 por primera vez en el emblem\u00e1tico escenario de Altos de Chav\u00f3n, en La Romana, como parte de su gira internacional&nbsp;\u201cGarc\u00eda Tour 2025\u201d. El esperado evento, producido por el empresario&nbsp;Gamal Hach\u00e9, est\u00e1 programado para el pr\u00f3ximo&nbsp;15 de febrero, en una [&hellip;]<\/p>\n","protected":false},"author":28,"featured_media":579457,"comment_status":"closed","ping_status":"closed","sticky":true,"template":"","format":"standard","meta":{"footnotes":""},"categories":[36,25],"tags":[],"class_list":["post-579456","post","type-post","status-publish","format-standard","has-post-thumbnail","hentry","category-hombresmujeresycosas","category-gente"],"_links":{"self":[{"href":"https:\/\/diariodominicano.com\/index.php?rest_route=\/wp\/v2\/posts\/579456","targetHints":{"allow":["GET"]}}],"collection":[{"href":"https:\/\/diariodominicano.com\/index.php?rest_route=\/wp\/v2\/posts"}],"about":[{"href":"https:\/\/diariodominicano.com\/index.php?rest_route=\/wp\/v2\/types\/post"}],"author":[{"embeddable":true,"href":"https:\/\/diariodominicano.com\/index.php?rest_route=\/wp\/v2\/users\/28"}],"replies":[{"embeddable":true,"href":"https:\/\/diariodominicano.com\/index.php?rest_route=%2Fwp%2Fv2%2Fcomments&post=579456"}],"version-history":[{"count":3,"href":"https:\/\/diariodominicano.com\/index.php?rest_route=\/wp\/v2\/posts\/579456\/revisions"}],"predecessor-version":[{"id":579514,"href":"https:\/\/diariodominicano.com\/index.php?rest_route=\/wp\/v2\/posts\/579456\/revisions\/579514"}],"wp:featuredmedia":[{"embeddable":true,"href":"https:\/\/diariodominicano.com\/index.php?rest_route=\/wp\/v2\/media\/579457"}],"wp:attachment":[{"href":"https:\/\/diariodominicano.com\/index.php?rest_route=%2Fwp%2Fv2%2Fmedia&parent=579456"}],"wp:term":[{"taxonomy":"category","embeddable":true,"href":"https:\/\/diariodominicano.com\/index.php?rest_route=%2Fwp%2Fv2%2Fcategories&post=579456"},{"taxonomy":"post_tag","embeddable":true,"href":"https:\/\/diariodominicano.com\/index.php?rest_route=%2Fwp%2Fv2%2Ftags&post=579456"}],"curies":[{"name":"wp","href":"https:\/\/api.w.org\/{rel}","templated":true}]}}