{"id":579368,"date":"2024-12-02T13:41:57","date_gmt":"2024-12-02T17:41:57","guid":{"rendered":"https:\/\/diariodominicano.com\/?p=579368"},"modified":"2024-12-02T13:42:04","modified_gmt":"2024-12-02T17:42:04","slug":"la-republica-dominicana-sera-sede-de-la-lvi-reunion-ordinaria-del-consejo-directivo-del-clad-en-2026","status":"publish","type":"post","link":"https:\/\/diariodominicano.com\/?p=579368","title":{"rendered":"La Rep\u00fablica Dominicana ser\u00e1 sede de la LVI Reuni\u00f3n Ordinaria del Consejo Directivo del CLAD en 2026"},"content":{"rendered":"\n<p>diariodominicano.com<\/p>\n\n\n\n<p>Santo Domingo, R. D.,\u20022 de diciembre, 2024.-\u00a0<strong>La Rep\u00fablica Dominicana<\/strong>\u00a0fue seleccionada para ser la<strong>\u00a0sede\u00a0<\/strong>en 2026<strong>\u00a0de la LVI Reuni\u00f3n Ordinaria del Consejo Directivo\u00a0<\/strong>del Centro Latinoamericano de Administraci\u00f3n para el Desarrollo<strong>\u00a0(CLAD).<\/strong><\/p>\n\n\n\n<p>El anuncio fue hecho por el ministro de Administraci\u00f3n P\u00fablica,&nbsp;<strong>Sigmund Freund<\/strong>, en su visita a Brasil para participar en la&nbsp;<strong>LIV Reuni\u00f3n Ordinaria del Consejo Directivo<\/strong>&nbsp;del Centro Latinoamericano de Administraci\u00f3n para el Desarrollo&nbsp;<strong>(CLAD)<\/strong>&nbsp;y el&nbsp;<strong>XXIX Congreso Internacional del CLAD&nbsp;<\/strong>sobre la Reforma del Estado y de la Administraci\u00f3n P\u00fablica.<\/p>\n\n\n\n<p>En este escenario, el ministro Freund ofreci\u00f3 una conferencia sobre<strong>&nbsp;\u201cTemas emergentes en la reforma del Estado en el siglo XXI\u201d,<\/strong>&nbsp;en la que afirm\u00f3 que el liderazgo del&nbsp;<strong>presidente Luis Abinader<\/strong>&nbsp;est\u00e1 construyendo un&nbsp;<strong>Estado m\u00e1s moderno, eficiente y orientado a resultados<\/strong>, al igual que destac\u00f3 las acciones que implementa el&nbsp;<strong>Ministerio de Administraci\u00f3n P\u00fablica (MAP)<\/strong>&nbsp;para propiciar las transformaciones necesarias en atenci\u00f3n a eficientizar la gesti\u00f3n del Estado dominicano.<\/p>\n\n\n\n<p>El titular del MAP, quien agot\u00f3 una intensa agenda de&nbsp;<strong>reuniones bilaterales<\/strong>,&nbsp; tambi\u00e9n form\u00f3 parte de la&nbsp;<strong>VIII Reuni\u00f3n Ministerial de Gobierno Digital de las Am\u00e9ricas y la XVIII Reuni\u00f3n Anual de la Red Interamericana de Gobierno Digital (Red GEALC),<\/strong>&nbsp;actividades en las que comparti\u00f3 experiencias sobre las&nbsp;<strong>mejores pr\u00e1cticas globales<\/strong>&nbsp;en materia de&nbsp;<strong>transformaci\u00f3n digital<\/strong>&nbsp;y sus desaf\u00edos, como la gobernanza de datos, los servicios digitales transfronterizos y la inteligencia artificial.<\/p>\n\n\n\n<p>Freund disert\u00f3 sobre<strong>&nbsp;\u201cBuenas pr\u00e1cticas de transformaci\u00f3n digital en Am\u00e9rica Central\u201d,<\/strong>&nbsp;tema en el que present\u00f3 los planes que encabeza el MAP para la transformaci\u00f3n del&nbsp;<strong>servicio civil<\/strong>, y la mejora de la&nbsp;<strong>atenci\u00f3n a la ciudadan\u00eda<\/strong>, as\u00ed como la agilizaci\u00f3n y simplificaci\u00f3n de los procesos en las entidades p\u00fablicas, mediante la implementaci\u00f3n del&nbsp;<strong>programa Burocracia Cero.<\/strong><\/p>\n\n\n\n<p><strong>MAP firma acuerdo con la ENAP<\/strong><\/p>\n\n\n\n<p><strong>El MAP&nbsp;<\/strong>y la Escuela Nacional de Administraci\u00f3n P\u00fablica de Brasil<strong>&nbsp;(ENAP)<\/strong>&nbsp;firmaron un&nbsp;<strong>acuerdo de colaboraci\u00f3n<\/strong>&nbsp;para trazar una ruta de trabajo que permita&nbsp;<strong>mejorar la gesti\u00f3n p\u00fablica y potenciar el desarrollo de los servidores&nbsp;<\/strong>mediante programas de capacitaci\u00f3n, intercambio de experiencias y mejores pr\u00e1cticas.<\/p>\n\n\n\n<p>El convenio busca adem\u00e1s brindar apoyo en lo referente al desarrollo de proyectos para la&nbsp;<strong>capacitaci\u00f3n docente<\/strong>&nbsp;en ambos pa\u00edses y fomentar la&nbsp;<strong>investigaci\u00f3n<\/strong>&nbsp;en los campos relacionados con la administraci\u00f3n p\u00fablica, propiciando as\u00ed un gobierno con mejores servicios p\u00fablicos basados en&nbsp;<strong>la eficacia y la transparencia.<\/strong><\/p>\n\n\n\n<p>El ministro del MAP, al rubricar el acuerdo, destac\u00f3 que el documento formaliza una&nbsp;<strong>alianza estrat\u00e9gica<\/strong>&nbsp;entre ambas instituciones para desempe\u00f1ar un papel fundamental en la&nbsp;<strong>creaci\u00f3n de pol\u00edticas p\u00fablicas<\/strong>, la implementaci\u00f3n de proyectos y la&nbsp;<strong>administraci\u00f3n de recursos esenciales<\/strong>&nbsp;para el desarrollo y progreso de Brasil y Rep\u00fablica Dominicana.<\/p>\n\n\n\n<p><em>\u201cLa formaci\u00f3n, capacitaci\u00f3n y desarrollo de capacidades en el sector p\u00fablico son pilares de una gobernanza s\u00f3lida. Y es en este \u00e1mbito donde, con la firma de este acuerdo, nos comprometemos a trabajar de manera conjunta para optimizar la calidad del servicio p\u00fablico, fortalecer la eficiencia institucional y asegurar que nuestras administraciones est\u00e9n mejor preparadas para enfrentar los desaf\u00edos de un mundo cada vez m\u00e1s din\u00e1mico y complejo\u201d<\/em>, dijo Freund.<\/p>\n\n\n\n<p>Al hablar sobre el papel de los servidores p\u00fablicos, agreg\u00f3 que,&nbsp;<em>\u201choy, m\u00e1s que nunca, debemos garantizar que nuestros servidores p\u00fablicos no solo tengan los conocimientos t\u00e9cnicos necesarios, sino tambi\u00e9n los valores \u00e9ticos y la sensibilidad para atender las necesidades de la sociedad. Es crucial que cada servidor p\u00fablico, desde los m\u00e1s altos niveles de decisi\u00f3n hasta los equipos operativos, sea capaz de ofrecer un servicio de calidad, que sea responsable, accesible y, sobre todo, humano\u201d.<\/em><\/p>\n\n\n\n<p><strong>Reuniones bilaterales<\/strong><\/p>\n\n\n\n<p>El ministro Freund visit\u00f3 la&nbsp;<strong>Embajada de Rep\u00fablica Dominicana en Brasil<\/strong>, donde sostuvo&nbsp;<strong>varios encuentros<\/strong>, entre ellos, con el director de la Secretar\u00eda de Gobierno Digital de Chile y presidente del Comit\u00e9 Ejecutivo de RED 2024,<strong>&nbsp;Jos\u00e9 Inostroza<\/strong>, con quien convers\u00f3 sobre los avances y pr\u00e1cticas de Chile en materia de&nbsp;<strong>gobierno digital<\/strong>, adem\u00e1s de la colaboraci\u00f3n conjunta para proyectos regionales.<\/p>\n\n\n\n<p>Posteriormente, se reuni\u00f3 con el secretario general del Centro Latinoamericano de Administraci\u00f3n para el Desarrollo (CLAD),&nbsp;<strong>Conrado Ramos<\/strong>, para abordar la importancia del organismo internacional en cuanto a la implementaci\u00f3n de pol\u00edticas de&nbsp;<strong>transformaci\u00f3n digital en el MAP<\/strong>, as\u00ed como coordinar pr\u00f3ximas actividades en conjunto para el establecimiento de alianzas estrat\u00e9gicas que impulsen&nbsp;<strong>la interoperabilidad y la modernizaci\u00f3n&nbsp;<\/strong>de los servicios p\u00fablicos.<\/p>\n\n\n\n<p>El funcionario tambi\u00e9n intercambi\u00f3 ideas con el ExCO de la Direcci\u00f3n de Informaci\u00f3n de Gobierno de Estonia,&nbsp;<strong>Siim Sikkut<\/strong>, con quien trat\u00f3 el \u00e9xito de dicho pa\u00eds en la implementaci\u00f3n de infraestructuras p\u00fablicas, identidad y servicios digitales interoperables, con el fin de adaptar sus experiencias al contexto de la Rep\u00fablica Dominicana para una&nbsp;<strong>transformaci\u00f3n digital inclusiva.<\/strong><\/p>\n\n\n\n<p><strong>Reuni\u00f3n con representantes del BID y el Banco Mundial<\/strong><\/p>\n\n\n<div class=\"wp-block-image\">\n<figure class=\"alignleft size-large is-resized\"><img loading=\"lazy\" decoding=\"async\" width=\"1024\" height=\"680\" src=\"https:\/\/diariodominicano.com\/wp-content\/uploads\/2024\/12\/Recibimiento-del-ministro-Sigmund-Freund-1024x680.jpeg\" alt=\"\" class=\"wp-image-579370\" style=\"width:386px;height:auto\" srcset=\"https:\/\/diariodominicano.com\/wp-content\/uploads\/2024\/12\/Recibimiento-del-ministro-Sigmund-Freund-1024x680.jpeg 1024w, https:\/\/diariodominicano.com\/wp-content\/uploads\/2024\/12\/Recibimiento-del-ministro-Sigmund-Freund-300x199.jpeg 300w, https:\/\/diariodominicano.com\/wp-content\/uploads\/2024\/12\/Recibimiento-del-ministro-Sigmund-Freund-768x510.jpeg 768w, https:\/\/diariodominicano.com\/wp-content\/uploads\/2024\/12\/Recibimiento-del-ministro-Sigmund-Freund-816x542.jpeg 816w, https:\/\/diariodominicano.com\/wp-content\/uploads\/2024\/12\/Recibimiento-del-ministro-Sigmund-Freund.jpeg 1242w\" sizes=\"auto, (max-width: 1024px) 100vw, 1024px\" \/><\/figure>\n<\/div>\n\n\n<p>El ministro de Administraci\u00f3n P\u00fablica convers\u00f3 con el coordinador del Cl\u00faster de Datos y Gobierno Digital del Banco Interamericano de Desarrollo,&nbsp;<strong>Miguel Purrua<\/strong>, a quien expres\u00f3 su inter\u00e9s de establecer una estrategia para fortalecer la&nbsp;<strong>gobernanza de datos<\/strong>&nbsp;y la creaci\u00f3n de una infraestructura interoperable. Asimismo, plante\u00f3 la necesidad de identificar&nbsp;<strong>\u00e1reas donde el BID pueda contribuir&nbsp;<\/strong>a fortalecer infraestructuras digitales, promover el uso de datos abiertos y temas de inteligencia de datos.<\/p>\n\n\n\n<p>Freund tambi\u00e9n se reuni\u00f3 con la gerente de Transformaci\u00f3n Digital para Am\u00e9rica Latina y el Caribe en el Banco Mundial,&nbsp;<strong>Yolanda Mart\u00ednez<\/strong>, con quien discuti\u00f3 la posibilidad de implementar&nbsp;<strong>componentes de GovStack<\/strong>&nbsp;para mejorar la interoperabilidad y la entrega de servicios digitales en Rep\u00fablica Dominicana, as\u00ed como identificar actividades coordinadas por la&nbsp;<strong>Uni\u00f3n Internacional de Telecomunicaciones (UIT)<\/strong>&nbsp;en \u00e1reas donde pueda apoyar y colaborar al MAP en el desarrollo de&nbsp;<strong>soluciones tecnol\u00f3gicas abiertas y escalables.<\/strong><\/p>\n\n\n\n<p>Fuente: Direcci\u00f3n de Estrategia y Comunicaci\u00f3n<\/p>\n\n\n\n<p>Ministerio Administrativo de la Presidencia de la Rep\u00fablica Dominicana<\/p>\n","protected":false},"excerpt":{"rendered":"<p>diariodominicano.com Santo Domingo, R. D.,\u20022 de diciembre, 2024.-\u00a0La Rep\u00fablica Dominicana\u00a0fue seleccionada para ser la\u00a0sede\u00a0en 2026\u00a0de la LVI Reuni\u00f3n Ordinaria del Consejo Directivo\u00a0del Centro Latinoamericano de Administraci\u00f3n para el Desarrollo\u00a0(CLAD). El anuncio fue hecho por el ministro de Administraci\u00f3n P\u00fablica,&nbsp;Sigmund Freund, en su visita a Brasil para participar en la&nbsp;LIV Reuni\u00f3n Ordinaria del Consejo Directivo&nbsp;del Centro [&hellip;]<\/p>\n","protected":false},"author":5,"featured_media":579369,"comment_status":"closed","ping_status":"closed","sticky":true,"template":"","format":"standard","meta":{"footnotes":""},"categories":[20,27],"tags":[],"class_list":["post-579368","post","type-post","status-publish","format-standard","has-post-thumbnail","hentry","category-dominicana-hoy","category-portada"],"_links":{"self":[{"href":"https:\/\/diariodominicano.com\/index.php?rest_route=\/wp\/v2\/posts\/579368","targetHints":{"allow":["GET"]}}],"collection":[{"href":"https:\/\/diariodominicano.com\/index.php?rest_route=\/wp\/v2\/posts"}],"about":[{"href":"https:\/\/diariodominicano.com\/index.php?rest_route=\/wp\/v2\/types\/post"}],"author":[{"embeddable":true,"href":"https:\/\/diariodominicano.com\/index.php?rest_route=\/wp\/v2\/users\/5"}],"replies":[{"embeddable":true,"href":"https:\/\/diariodominicano.com\/index.php?rest_route=%2Fwp%2Fv2%2Fcomments&post=579368"}],"version-history":[{"count":1,"href":"https:\/\/diariodominicano.com\/index.php?rest_route=\/wp\/v2\/posts\/579368\/revisions"}],"predecessor-version":[{"id":579371,"href":"https:\/\/diariodominicano.com\/index.php?rest_route=\/wp\/v2\/posts\/579368\/revisions\/579371"}],"wp:featuredmedia":[{"embeddable":true,"href":"https:\/\/diariodominicano.com\/index.php?rest_route=\/wp\/v2\/media\/579369"}],"wp:attachment":[{"href":"https:\/\/diariodominicano.com\/index.php?rest_route=%2Fwp%2Fv2%2Fmedia&parent=579368"}],"wp:term":[{"taxonomy":"category","embeddable":true,"href":"https:\/\/diariodominicano.com\/index.php?rest_route=%2Fwp%2Fv2%2Fcategories&post=579368"},{"taxonomy":"post_tag","embeddable":true,"href":"https:\/\/diariodominicano.com\/index.php?rest_route=%2Fwp%2Fv2%2Ftags&post=579368"}],"curies":[{"name":"wp","href":"https:\/\/api.w.org\/{rel}","templated":true}]}}