{"id":579352,"date":"2024-12-02T13:00:10","date_gmt":"2024-12-02T17:00:10","guid":{"rendered":"https:\/\/diariodominicano.com\/?p=579352"},"modified":"2024-12-02T13:01:41","modified_gmt":"2024-12-02T17:01:41","slug":"salud-publica-realiza-jornada-de-vacunacion-contra-varias-enfermedades-a-ninos-en-santo-domingo-este","status":"publish","type":"post","link":"https:\/\/diariodominicano.com\/?p=579352","title":{"rendered":"Salud P\u00fablica realiza jornada de vacunaci\u00f3n contra varias enfermedades a ni\u00f1os, en Santo Domingo Este"},"content":{"rendered":"\n<p>diariodominicano.com<\/p>\n\n\n\n<p>Santo Domingo Este, R. D.,\u20022 de diciembre, 2024.-\u2002 Con el objetivo de\u00a0<strong>vacunar a decenas de ni\u00f1os<\/strong>\u00a0en edades entre\u00a0<strong>5 y 14 a\u00f1os<\/strong>, residentes en diversos barrios del municipio\u00a0<strong>Santo Domingo Este<\/strong>, el \u00c1rea II de Salud, del\u00a0<strong>Ministerio de Salud P\u00fablica<\/strong>, a trav\u00e9s de la\u00a0<strong>Direcci\u00f3n de Inmunoprevenibles por Vacunas<\/strong>\u00a0(DIV), llev\u00f3 a cabo una\u00a0<strong>jornada de vacunaci\u00f3n<\/strong>\u00a0que brind\u00f3 protecci\u00f3n a\u00a0<strong>decenas de ni\u00f1os<\/strong>\u00a0contra m\u00e1s de siete enfermedades.<\/p>\n\n\n\n<p>Esta iniciativa busca completar los&nbsp;<strong>esquemas de inmunizaci\u00f3n<\/strong>&nbsp;necesarios para garantizar la&nbsp;<strong>salud infantil.<\/strong><\/p>\n\n\n\n<p><strong>Aida Luc\u00eda Vargas<\/strong>, de la Direcci\u00f3n de Inmunoprevenibles por Vacunas del Ministerio de Salud P\u00fablica, inform\u00f3, que la jornada se llev\u00f3 a cabo en el&nbsp;<strong>Club de Los Billetero<\/strong>s, ubicado en la entrada de&nbsp;<strong>Los Tres Brazos<\/strong>. En la actividad, participaron ni\u00f1os de comunidades como&nbsp;<strong>Los Tres Brazos, Los Mina, Katanga, El Cach\u00f3n de La Rubia, La Barquita, La Lata, Jard\u00edn del Ozama, Ensanche Ozama, Miraflores, Cancino y Los Trinitarios.<\/strong><\/p>\n\n\n\n<p>Los ni\u00f1os recibieron vacunas contra enfermedades como&nbsp;<strong>sarampi\u00f3n, rub\u00e9ola, paperas, difteria, t\u00e9tanos, influenza, polio, virus del papiloma humano y COVID-19<\/strong>, entre otras.<\/p>\n\n\n\n<p>Vargas precis\u00f3, durante la jornada que el Ministerio de Salud P\u00fablica, a trav\u00e9s de las&nbsp;<strong>40 Direcciones Provinciales y \u00c1reas de Salud<\/strong>, han sido aplicadas&nbsp;<strong>miles de dosis adicionales<\/strong>&nbsp;este a\u00f1o, como refuerzo, para mantener la&nbsp;<strong>no circulaci\u00f3n<\/strong>&nbsp;de enfermedades en v\u00eda de eliminaci\u00f3n como son la polio, sarampi\u00f3n, rub\u00e9ola, y mantener otras bajo control, como la&nbsp;<strong>difteria y el t\u00e9tanos<\/strong>.<\/p>\n\n\n\n<p>Esta actividad cont\u00f3 con el respaldo de la&nbsp;<strong>Agencia de los Estados Unidos para el Desarrollo Internacional<\/strong>&nbsp;(USAID) y la&nbsp;<strong>Fundaci\u00f3n Family Health International<\/strong>&nbsp;(FHI-360).&nbsp;<\/p>\n\n\n\n<p>Los ni\u00f1os y ni\u00f1as adem\u00e1s de vacunarse, disfrutaron de animaci\u00f3n con payasos,&nbsp; pinta caritas, meriendas y otras diversiones.<\/p>\n\n\n\n<p>Adem\u00e1s, se destac\u00f3 la&nbsp;<strong>colaboraci\u00f3n intersectorial<\/strong>&nbsp;que facilita el acceso de los infantes a estas&nbsp;<strong>medidas preventivas.<\/strong><\/p>\n\n\n\n<p><em>\u201cNosotros, como pa\u00eds que recibimos cada a\u00f1o millones de turistas de diferentes partes del mundo, m\u00e1s las condiciones de compartir frontera, reforzamos continuamente las acciones de vacunaci\u00f3n y de vigilancia epidemiol\u00f3gica, para disminuir el riesgo de casos secundarios s\u00ed se presentar\u00e1 en nuestro pa\u00eds la importaci\u00f3n de casos de esas enfermedades, y por ello, la presente administraci\u00f3n ha prestado especial inter\u00e9s en que la poblaci\u00f3n dominicana complete su esquema de vacunaci\u00f3n, especialmente la infantil, garantiz\u00e1ndoles el debido acceso a esas vacunas\u201d,&nbsp;<\/em>expres\u00f3.<\/p>\n\n\n\n<p>La vacunaci\u00f3n constante en los m\u00e1s de&nbsp;<strong>1,400 puestos<\/strong>&nbsp;con los que cuenta el&nbsp;<strong>Ministerio de Salud<\/strong>&nbsp;y el&nbsp;<strong>Servicio Nacional de Salud<\/strong>, junto con la presencia activa de t\u00e9cnicos en las comunidades y la vigilancia en&nbsp;<strong>puertos y aeropuertos<\/strong>, ha permitido al pa\u00eds cumplir con las recomendaciones internacionales en&nbsp;<strong>materia de inmunizaci\u00f3n<\/strong>.<\/p>\n\n\n\n<p>La doctora Vargas refiri\u00f3 que el sarampi\u00f3n, enfermedad de la cual el pa\u00eds recibi\u00f3 certificaci\u00f3n de&nbsp;<em>\u00abpa\u00eds libre de circulaci\u00f3n de virus de sarampi\u00f3n\u00bb<\/em>, a\u00fan se siguen aplicando vacunas para mantener esa condici\u00f3n, ya que la misma ha resurgido en&nbsp;<strong>m\u00e1s de 11 pa\u00edses<\/strong>&nbsp;de la regi\u00f3n de&nbsp;<strong>las Am\u00e9ricas.<\/strong><\/p>\n\n\n\n<p>\u201c<em>De igual modo ocurre con la polio, ya eliminada en casi todos los pa\u00edses del mundo, pero persistiendo en Afganist\u00e1n y Pakist\u00e1n, por tanto, hay que seguir vacunando contra la misma porque existe la posibilidad que pueda importarse alg\u00fan caso\u201d,<\/em>&nbsp;afirm\u00f3.<\/p>\n\n\n\n<p><strong>El Vacunat\u00f3n<\/strong>&nbsp;ha llegado a m\u00e1s de&nbsp;<strong>nueve provincias<\/strong>&nbsp;del pa\u00eds, vacunando a&nbsp;<strong>miles de ni\u00f1os<\/strong>&nbsp;y reafirmando el compromiso del&nbsp;<strong>Ministerio de Salud<\/strong>&nbsp;y del ministro,&nbsp;<strong>Dr. V\u00edctor Atallah<\/strong>, con la&nbsp;<strong>protecci\u00f3n de la infancia<\/strong>&nbsp;que vive en la Rep\u00fablica Dominicana.<\/p>\n\n\n\n<p><em>\u00abLas vacunas salvan vidas y su aplicaci\u00f3n es gratis<\/em>\u00ab.<\/p>\n","protected":false},"excerpt":{"rendered":"<p>diariodominicano.com Santo Domingo Este, R. D.,\u20022 de diciembre, 2024.-\u2002 Con el objetivo de\u00a0vacunar a decenas de ni\u00f1os\u00a0en edades entre\u00a05 y 14 a\u00f1os, residentes en diversos barrios del municipio\u00a0Santo Domingo Este, el \u00c1rea II de Salud, del\u00a0Ministerio de Salud P\u00fablica, a trav\u00e9s de la\u00a0Direcci\u00f3n de Inmunoprevenibles por Vacunas\u00a0(DIV), llev\u00f3 a cabo una\u00a0jornada de vacunaci\u00f3n\u00a0que brind\u00f3 protecci\u00f3n [&hellip;]<\/p>\n","protected":false},"author":5,"featured_media":579354,"comment_status":"closed","ping_status":"closed","sticky":true,"template":"","format":"standard","meta":{"footnotes":""},"categories":[20,27],"tags":[],"class_list":["post-579352","post","type-post","status-publish","format-standard","has-post-thumbnail","hentry","category-dominicana-hoy","category-portada"],"_links":{"self":[{"href":"https:\/\/diariodominicano.com\/index.php?rest_route=\/wp\/v2\/posts\/579352","targetHints":{"allow":["GET"]}}],"collection":[{"href":"https:\/\/diariodominicano.com\/index.php?rest_route=\/wp\/v2\/posts"}],"about":[{"href":"https:\/\/diariodominicano.com\/index.php?rest_route=\/wp\/v2\/types\/post"}],"author":[{"embeddable":true,"href":"https:\/\/diariodominicano.com\/index.php?rest_route=\/wp\/v2\/users\/5"}],"replies":[{"embeddable":true,"href":"https:\/\/diariodominicano.com\/index.php?rest_route=%2Fwp%2Fv2%2Fcomments&post=579352"}],"version-history":[{"count":1,"href":"https:\/\/diariodominicano.com\/index.php?rest_route=\/wp\/v2\/posts\/579352\/revisions"}],"predecessor-version":[{"id":579355,"href":"https:\/\/diariodominicano.com\/index.php?rest_route=\/wp\/v2\/posts\/579352\/revisions\/579355"}],"wp:featuredmedia":[{"embeddable":true,"href":"https:\/\/diariodominicano.com\/index.php?rest_route=\/wp\/v2\/media\/579354"}],"wp:attachment":[{"href":"https:\/\/diariodominicano.com\/index.php?rest_route=%2Fwp%2Fv2%2Fmedia&parent=579352"}],"wp:term":[{"taxonomy":"category","embeddable":true,"href":"https:\/\/diariodominicano.com\/index.php?rest_route=%2Fwp%2Fv2%2Fcategories&post=579352"},{"taxonomy":"post_tag","embeddable":true,"href":"https:\/\/diariodominicano.com\/index.php?rest_route=%2Fwp%2Fv2%2Ftags&post=579352"}],"curies":[{"name":"wp","href":"https:\/\/api.w.org\/{rel}","templated":true}]}}