{"id":579334,"date":"2024-12-02T18:05:09","date_gmt":"2024-12-02T22:05:09","guid":{"rendered":"https:\/\/diariodominicano.com\/?p=579334"},"modified":"2024-12-03T00:15:05","modified_gmt":"2024-12-03T04:15:05","slug":"edeeste-instala-nuevo-transformador-de-potencia-en-municipio-consuelo","status":"publish","type":"post","link":"https:\/\/diariodominicano.com\/?p=579334","title":{"rendered":"EDEEste instala nuevo transformador de potencia en municipio Consuelo"},"content":{"rendered":"\n<p><strong><em><strong><em>La inversi\u00f3n asciende a  27 millones para el beneficio de mas de 11 mil familias<\/em><\/strong><\/em><\/strong><\/p>\n\n\n\n<p>La Empresa Distribuidora de Electricidad del Este (EDEEste) anunci\u00f3 el lunes que  refuerza el servicio el\u00e9ctrico en el municipio  Consuelo, provincia San Pedro de Macor\u00eds, con la instalaci\u00f3n de un nuevo transformador de 18.5 MVA.<\/p>\n\n\n\n<p>inform\u00f3 que se ejecuta  con una inversi\u00f3n aproximada de RD$ 27 millones, con lo que incrementa significativamente la capacidad de la subestaci\u00f3n local, mejorando la calidad y estabilidad del suministro el\u00e9ctrico en la zona.<\/p>\n\n\n\n<p>El proyecto, parte de los esfuerzos de EDEEste por modernizar su red el\u00e9ctrica, permitir\u00e1 atender con mayor eficiencia la creciente demanda energ\u00e9tica, beneficiando directamente a 11,410 familias y comercios en m\u00e1s de 65 sectores, entre ellos La Carretera, Los Vecinos, La 15, Puerto Pr\u00edncipe, Los Rieles, y Villa Enriquillo, as\u00ed como diversos bateyes.<\/p>\n\n\n\n<p>EDEEste\u2002report\u00f3 que  la  iniciativa se enmarca en el programa de inversiones en infraestructura el\u00e9ctrica impulsado por el presidente Luis Abinader y gestionado por el Consejo Unificado de las Empresas Distribuidoras (CUED), bajo la direcci\u00f3n del Licenciado Celso Marranzini.<\/p>\n\n\n\n<p>Este esfuerzo, adem\u00e1s, refuerza el compromiso de EDEEste con el desarrollo energ\u00e9tico y social de sus \u00e1reas de concesi\u00f3n.<\/p>\n\n\n\n<p>Con la instalaci\u00f3n de este transformador, EDEEste ratifica su misi\u00f3n de proporcionar un servicio el\u00e9ctrico confiable, seguro y de calidad, contribuyendo al bienestar de las comunidades y al fortalecimiento del sistema energ\u00e9tico nacional.<\/p>\n\n\n\n<p><strong>P\u00e9rdidas el<\/strong><strong>\u00e9<\/strong><strong>ctricas en Consuelo<\/strong><strong><\/strong><\/p>\n\n\n\n<p>En el municipio de Consuelo, las p\u00e9rdidas el\u00e9ctricas ascienden al 75%, principalmente debido a conexiones ilegales, lo que representa un desaf\u00edo significativo para la sostenibilidad de las inversiones en infraestructura, como la reciente instalaci\u00f3n del transformador de 18.5 MVA.<\/p>\n\n\n\n<p>EDEEste hace un llamado a la comunidad para regularizar su servicio el\u00e9ctrico, ya que solo con el compromiso de todos podremos garantizar un suministro estable, seguro y de calidad. Cada cliente que se pone al d\u00eda contribuye a reducir las p\u00e9rdidas, fortalece el sistema el\u00e9ctrico y permite que se realicen m\u00e1s obras que beneficien a todos.<\/p>\n\n\n\n<p>Grupo <strong>EDEEste<\/strong><\/p>\n","protected":false},"excerpt":{"rendered":"<p>La inversi\u00f3n asciende a 27 millones para el beneficio de mas de 11 mil familias La Empresa Distribuidora de Electricidad del Este (EDEEste) anunci\u00f3 el lunes que refuerza el servicio el\u00e9ctrico en el municipio Consuelo, provincia San Pedro de Macor\u00eds, con la instalaci\u00f3n de un nuevo transformador de 18.5 MVA. inform\u00f3 que se ejecuta con [&hellip;]<\/p>\n","protected":false},"author":7,"featured_media":579471,"comment_status":"closed","ping_status":"closed","sticky":true,"template":"","format":"standard","meta":{"footnotes":""},"categories":[18],"tags":[751],"class_list":["post-579334","post","type-post","status-publish","format-standard","has-post-thumbnail","hentry","category-economia","tag-edeeste"],"_links":{"self":[{"href":"https:\/\/diariodominicano.com\/index.php?rest_route=\/wp\/v2\/posts\/579334","targetHints":{"allow":["GET"]}}],"collection":[{"href":"https:\/\/diariodominicano.com\/index.php?rest_route=\/wp\/v2\/posts"}],"about":[{"href":"https:\/\/diariodominicano.com\/index.php?rest_route=\/wp\/v2\/types\/post"}],"author":[{"embeddable":true,"href":"https:\/\/diariodominicano.com\/index.php?rest_route=\/wp\/v2\/users\/7"}],"replies":[{"embeddable":true,"href":"https:\/\/diariodominicano.com\/index.php?rest_route=%2Fwp%2Fv2%2Fcomments&post=579334"}],"version-history":[{"count":2,"href":"https:\/\/diariodominicano.com\/index.php?rest_route=\/wp\/v2\/posts\/579334\/revisions"}],"predecessor-version":[{"id":579491,"href":"https:\/\/diariodominicano.com\/index.php?rest_route=\/wp\/v2\/posts\/579334\/revisions\/579491"}],"wp:featuredmedia":[{"embeddable":true,"href":"https:\/\/diariodominicano.com\/index.php?rest_route=\/wp\/v2\/media\/579471"}],"wp:attachment":[{"href":"https:\/\/diariodominicano.com\/index.php?rest_route=%2Fwp%2Fv2%2Fmedia&parent=579334"}],"wp:term":[{"taxonomy":"category","embeddable":true,"href":"https:\/\/diariodominicano.com\/index.php?rest_route=%2Fwp%2Fv2%2Fcategories&post=579334"},{"taxonomy":"post_tag","embeddable":true,"href":"https:\/\/diariodominicano.com\/index.php?rest_route=%2Fwp%2Fv2%2Ftags&post=579334"}],"curies":[{"name":"wp","href":"https:\/\/api.w.org\/{rel}","templated":true}]}}