{"id":579329,"date":"2024-12-02T13:02:26","date_gmt":"2024-12-02T17:02:26","guid":{"rendered":"https:\/\/diariodominicano.com\/?p=579329"},"modified":"2024-12-02T16:14:16","modified_gmt":"2024-12-02T20:14:16","slug":"el-instituto-duartiano-incorporo-una-veintena-de-nuevos-miembros-de-honor","status":"publish","type":"post","link":"https:\/\/diariodominicano.com\/?p=579329","title":{"rendered":"El Instituto Duartiano incorpor\u00f3 una veintena de nuevos miembros de honor"},"content":{"rendered":"\n<p>En el marco de un solemne acto caracterizado por su sobriedad y un intenso sentimiento patri\u00f3tico, el Instituto Duartiano incorpor\u00f3 una veintena de nuevos miembros de honor, por sus trayectorias y comportamientos c\u00edvico y patri\u00f3tico, as\u00ed como por ser defensores de la soberan\u00eda nacional y los ideales del Padre de la Patria y Fundador de la Rep\u00fablica, Juan Pablo Duarte y D\u00edez.<\/p>\n\n\n\n<figure class=\"wp-block-gallery has-nested-images columns-default is-cropped wp-block-gallery-1 is-layout-flex wp-block-gallery-is-layout-flex\">\n<figure class=\"wp-block-image size-large\"><img loading=\"lazy\" decoding=\"async\" width=\"1024\" height=\"819\" data-id=\"579345\" src=\"https:\/\/diariodominicano.com\/wp-content\/uploads\/2024\/12\/En-el-marco-de-un-solemne-acto-caracterizado-por-su-sobriedad-y-un-intenso-sentimiento-patriotico-el-Instituto-Duartiano-incorporo-veintena-de-nuevos-1024x819.png\" alt=\"\" class=\"wp-image-579345\" srcset=\"https:\/\/diariodominicano.com\/wp-content\/uploads\/2024\/12\/En-el-marco-de-un-solemne-acto-caracterizado-por-su-sobriedad-y-un-intenso-sentimiento-patriotico-el-Instituto-Duartiano-incorporo-veintena-de-nuevos-1024x819.png 1024w, https:\/\/diariodominicano.com\/wp-content\/uploads\/2024\/12\/En-el-marco-de-un-solemne-acto-caracterizado-por-su-sobriedad-y-un-intenso-sentimiento-patriotico-el-Instituto-Duartiano-incorporo-veintena-de-nuevos-300x240.png 300w, https:\/\/diariodominicano.com\/wp-content\/uploads\/2024\/12\/En-el-marco-de-un-solemne-acto-caracterizado-por-su-sobriedad-y-un-intenso-sentimiento-patriotico-el-Instituto-Duartiano-incorporo-veintena-de-nuevos-768x614.png 768w, https:\/\/diariodominicano.com\/wp-content\/uploads\/2024\/12\/En-el-marco-de-un-solemne-acto-caracterizado-por-su-sobriedad-y-un-intenso-sentimiento-patriotico-el-Instituto-Duartiano-incorporo-veintena-de-nuevos-816x653.png 816w, https:\/\/diariodominicano.com\/wp-content\/uploads\/2024\/12\/En-el-marco-de-un-solemne-acto-caracterizado-por-su-sobriedad-y-un-intenso-sentimiento-patriotico-el-Instituto-Duartiano-incorporo-veintena-de-nuevos.png 1080w\" sizes=\"auto, (max-width: 1024px) 100vw, 1024px\" \/><\/figure>\n<\/figure>\n\n\n\n<p>La actividad inici\u00f3 con la interpretaci\u00f3n del Himno Nacional dominicano, prosigui\u00f3 con la lectura del pensamiento duartiano \u201cLa generaci\u00f3n venidera\u201d, a cargo del secretario general del organismo patrio, arquitecto Jacinto Pichardo Vicioso; as\u00ed como con las palabras de bienvenida las cuales fueron pronunciadas por el vicepresidente duartiano, doctor Julio Manuel Rodr\u00edguez Grull\u00f3n. El actor C\u00e9sar Olmos Vidal agradeci\u00f3 en representaci\u00f3n de los miembros de honor juramentados.<\/p>\n\n\n\n<figure class=\"wp-block-gallery has-nested-images columns-default is-cropped wp-block-gallery-2 is-layout-flex wp-block-gallery-is-layout-flex\">\n<figure class=\"wp-block-image size-large\"><img loading=\"lazy\" decoding=\"async\" width=\"1024\" height=\"683\" data-id=\"579341\" src=\"https:\/\/diariodominicano.com\/wp-content\/uploads\/2024\/12\/En-el-marco-de-un-solemne-acto-caracterizado-por-su-sobriedad-y-un-intenso-sentimiento-patriotico-el-Instituto-Duartiano-incorporo-una-veintena-de-nuevos-miembros-de-honor-por-trayectorias-1024x683.png\" alt=\"\" class=\"wp-image-579341\" srcset=\"https:\/\/diariodominicano.com\/wp-content\/uploads\/2024\/12\/En-el-marco-de-un-solemne-acto-caracterizado-por-su-sobriedad-y-un-intenso-sentimiento-patriotico-el-Instituto-Duartiano-incorporo-una-veintena-de-nuevos-miembros-de-honor-por-trayectorias-1024x683.png 1024w, https:\/\/diariodominicano.com\/wp-content\/uploads\/2024\/12\/En-el-marco-de-un-solemne-acto-caracterizado-por-su-sobriedad-y-un-intenso-sentimiento-patriotico-el-Instituto-Duartiano-incorporo-una-veintena-de-nuevos-miembros-de-honor-por-trayectorias-300x200.png 300w, https:\/\/diariodominicano.com\/wp-content\/uploads\/2024\/12\/En-el-marco-de-un-solemne-acto-caracterizado-por-su-sobriedad-y-un-intenso-sentimiento-patriotico-el-Instituto-Duartiano-incorporo-una-veintena-de-nuevos-miembros-de-honor-por-trayectorias-768x512.png 768w, https:\/\/diariodominicano.com\/wp-content\/uploads\/2024\/12\/En-el-marco-de-un-solemne-acto-caracterizado-por-su-sobriedad-y-un-intenso-sentimiento-patriotico-el-Instituto-Duartiano-incorporo-una-veintena-de-nuevos-miembros-de-honor-por-trayectorias-816x544.png 816w, https:\/\/diariodominicano.com\/wp-content\/uploads\/2024\/12\/En-el-marco-de-un-solemne-acto-caracterizado-por-su-sobriedad-y-un-intenso-sentimiento-patriotico-el-Instituto-Duartiano-incorporo-una-veintena-de-nuevos-miembros-de-honor-por-trayectorias.png 1080w\" sizes=\"auto, (max-width: 1024px) 100vw, 1024px\" \/><\/figure>\n<\/figure>\n\n\n\n<p>Acto seguido, el presidente del organismo patri\u00f3tico, doctor Wilson G\u00f3mez Ram\u00edrez, recibi\u00f3, en nombre de los duartianos, sendos bustos de Juan Pablo Duarte y D\u00edez y Ram\u00f3n Mat\u00edas Mella, respectivamente, donados por el experto numism\u00e1tico y her\u00e1ldico Miguel Estrella G\u00f3mez, tambi\u00e9n miembro de honor de esta entidad.<\/p>\n\n\n\n<figure class=\"wp-block-gallery has-nested-images columns-default is-cropped wp-block-gallery-3 is-layout-flex wp-block-gallery-is-layout-flex\">\n<figure class=\"wp-block-image size-large\"><img loading=\"lazy\" decoding=\"async\" width=\"1024\" height=\"747\" data-id=\"579339\" src=\"https:\/\/diariodominicano.com\/wp-content\/uploads\/2024\/12\/En-el-marco-de-un-solemne-acto-caracterizado-por-su-sobriedad-y-un-intenso-sentimiento-patriotico-el-Instituto-Duartiano-incorporo-una-veintena-nuevos-miembros-de-honor-1024x747.png\" alt=\"\" class=\"wp-image-579339\" srcset=\"https:\/\/diariodominicano.com\/wp-content\/uploads\/2024\/12\/En-el-marco-de-un-solemne-acto-caracterizado-por-su-sobriedad-y-un-intenso-sentimiento-patriotico-el-Instituto-Duartiano-incorporo-una-veintena-nuevos-miembros-de-honor-1024x747.png 1024w, https:\/\/diariodominicano.com\/wp-content\/uploads\/2024\/12\/En-el-marco-de-un-solemne-acto-caracterizado-por-su-sobriedad-y-un-intenso-sentimiento-patriotico-el-Instituto-Duartiano-incorporo-una-veintena-nuevos-miembros-de-honor-300x219.png 300w, https:\/\/diariodominicano.com\/wp-content\/uploads\/2024\/12\/En-el-marco-de-un-solemne-acto-caracterizado-por-su-sobriedad-y-un-intenso-sentimiento-patriotico-el-Instituto-Duartiano-incorporo-una-veintena-nuevos-miembros-de-honor-768x560.png 768w, https:\/\/diariodominicano.com\/wp-content\/uploads\/2024\/12\/En-el-marco-de-un-solemne-acto-caracterizado-por-su-sobriedad-y-un-intenso-sentimiento-patriotico-el-Instituto-Duartiano-incorporo-una-veintena-nuevos-miembros-de-honor-816x595.png 816w, https:\/\/diariodominicano.com\/wp-content\/uploads\/2024\/12\/En-el-marco-de-un-solemne-acto-caracterizado-por-su-sobriedad-y-un-intenso-sentimiento-patriotico-el-Instituto-Duartiano-incorporo-una-veintena-nuevos-miembros-de-honor.png 1080w\" sizes=\"auto, (max-width: 1024px) 100vw, 1024px\" \/><\/figure>\n<\/figure>\n\n\n\n<p>Luego fue proyectado el documental \u201cVida Militar del General Juan Pablo Duarte\u201d, producido y realizado por el equipo t\u00e9cnico de la identidad, con el aval institucional.<\/p>\n\n\n\n<figure class=\"wp-block-gallery has-nested-images columns-default is-cropped wp-block-gallery-4 is-layout-flex wp-block-gallery-is-layout-flex\">\n<figure class=\"wp-block-image size-large\"><img loading=\"lazy\" decoding=\"async\" width=\"1024\" height=\"792\" data-id=\"579342\" src=\"https:\/\/diariodominicano.com\/wp-content\/uploads\/2024\/12\/En-el-marco-de-un-solemne-acto-caracterizado-por-su-sobriedad-y-un-intenso-sentimiento-patriotico-el-Instituto-Duartiano-incorporo-una-veintena-nuevos-miembros-honor-1024x792.png\" alt=\"\" class=\"wp-image-579342\" srcset=\"https:\/\/diariodominicano.com\/wp-content\/uploads\/2024\/12\/En-el-marco-de-un-solemne-acto-caracterizado-por-su-sobriedad-y-un-intenso-sentimiento-patriotico-el-Instituto-Duartiano-incorporo-una-veintena-nuevos-miembros-honor-1024x792.png 1024w, https:\/\/diariodominicano.com\/wp-content\/uploads\/2024\/12\/En-el-marco-de-un-solemne-acto-caracterizado-por-su-sobriedad-y-un-intenso-sentimiento-patriotico-el-Instituto-Duartiano-incorporo-una-veintena-nuevos-miembros-honor-300x232.png 300w, https:\/\/diariodominicano.com\/wp-content\/uploads\/2024\/12\/En-el-marco-de-un-solemne-acto-caracterizado-por-su-sobriedad-y-un-intenso-sentimiento-patriotico-el-Instituto-Duartiano-incorporo-una-veintena-nuevos-miembros-honor-768x594.png 768w, https:\/\/diariodominicano.com\/wp-content\/uploads\/2024\/12\/En-el-marco-de-un-solemne-acto-caracterizado-por-su-sobriedad-y-un-intenso-sentimiento-patriotico-el-Instituto-Duartiano-incorporo-una-veintena-nuevos-miembros-honor-816x631.png 816w, https:\/\/diariodominicano.com\/wp-content\/uploads\/2024\/12\/En-el-marco-de-un-solemne-acto-caracterizado-por-su-sobriedad-y-un-intenso-sentimiento-patriotico-el-Instituto-Duartiano-incorporo-una-veintena-nuevos-miembros-honor.png 1080w\" sizes=\"auto, (max-width: 1024px) 100vw, 1024px\" \/><\/figure>\n<\/figure>\n\n\n\n<p>Al agotar el discurso central del evento, el doctor G\u00f3mez Ram\u00edrez asever\u00f3 que \u201cestos ciudadanos que hoy recibe este Instituto, han sido valorados por sus aportes a la patria desde sus distintas profesiones y campos laborales, por su devoci\u00f3n por la figura del l\u00edder trinitario Juan Pablo Duarte, y por su defensa a la soberan\u00eda del pueblo dominicano\u201d.<\/p>\n\n\n\n<figure class=\"wp-block-gallery has-nested-images columns-default is-cropped wp-block-gallery-5 is-layout-flex wp-block-gallery-is-layout-flex\">\n<figure class=\"wp-block-image size-large\"><img loading=\"lazy\" decoding=\"async\" width=\"1024\" height=\"683\" data-id=\"579338\" src=\"https:\/\/diariodominicano.com\/wp-content\/uploads\/2024\/12\/En-el-marco-de-un-solemne-acto-caracterizado-por-su-sobriedad-y-un-intenso-sentimiento-patriotico-el-Instituto-Duartiano-incorporo-una-veintena-de-nuevos-miembros-de-honor-trayectorias-1024x683.png\" alt=\"\" class=\"wp-image-579338\" srcset=\"https:\/\/diariodominicano.com\/wp-content\/uploads\/2024\/12\/En-el-marco-de-un-solemne-acto-caracterizado-por-su-sobriedad-y-un-intenso-sentimiento-patriotico-el-Instituto-Duartiano-incorporo-una-veintena-de-nuevos-miembros-de-honor-trayectorias-1024x683.png 1024w, https:\/\/diariodominicano.com\/wp-content\/uploads\/2024\/12\/En-el-marco-de-un-solemne-acto-caracterizado-por-su-sobriedad-y-un-intenso-sentimiento-patriotico-el-Instituto-Duartiano-incorporo-una-veintena-de-nuevos-miembros-de-honor-trayectorias-300x200.png 300w, https:\/\/diariodominicano.com\/wp-content\/uploads\/2024\/12\/En-el-marco-de-un-solemne-acto-caracterizado-por-su-sobriedad-y-un-intenso-sentimiento-patriotico-el-Instituto-Duartiano-incorporo-una-veintena-de-nuevos-miembros-de-honor-trayectorias-768x512.png 768w, https:\/\/diariodominicano.com\/wp-content\/uploads\/2024\/12\/En-el-marco-de-un-solemne-acto-caracterizado-por-su-sobriedad-y-un-intenso-sentimiento-patriotico-el-Instituto-Duartiano-incorporo-una-veintena-de-nuevos-miembros-de-honor-trayectorias-816x544.png 816w, https:\/\/diariodominicano.com\/wp-content\/uploads\/2024\/12\/En-el-marco-de-un-solemne-acto-caracterizado-por-su-sobriedad-y-un-intenso-sentimiento-patriotico-el-Instituto-Duartiano-incorporo-una-veintena-de-nuevos-miembros-de-honor-trayectorias.png 1080w\" sizes=\"auto, (max-width: 1024px) 100vw, 1024px\" \/><\/figure>\n\n\n\n<figure class=\"wp-block-image size-large\"><img loading=\"lazy\" decoding=\"async\" width=\"1024\" height=\"683\" data-id=\"579337\" src=\"https:\/\/diariodominicano.com\/wp-content\/uploads\/2024\/12\/En-el-marco-de-un-solemne-acto-caracterizado-por-su-sobriedad-y-un-intenso-sentimiento-patriotico-el-Instituto-Duartiano-incorporo-una-veintena-de-nuevos-miembros-de-honor-1024x683.png\" alt=\"\" class=\"wp-image-579337\" srcset=\"https:\/\/diariodominicano.com\/wp-content\/uploads\/2024\/12\/En-el-marco-de-un-solemne-acto-caracterizado-por-su-sobriedad-y-un-intenso-sentimiento-patriotico-el-Instituto-Duartiano-incorporo-una-veintena-de-nuevos-miembros-de-honor-1024x683.png 1024w, https:\/\/diariodominicano.com\/wp-content\/uploads\/2024\/12\/En-el-marco-de-un-solemne-acto-caracterizado-por-su-sobriedad-y-un-intenso-sentimiento-patriotico-el-Instituto-Duartiano-incorporo-una-veintena-de-nuevos-miembros-de-honor-300x200.png 300w, https:\/\/diariodominicano.com\/wp-content\/uploads\/2024\/12\/En-el-marco-de-un-solemne-acto-caracterizado-por-su-sobriedad-y-un-intenso-sentimiento-patriotico-el-Instituto-Duartiano-incorporo-una-veintena-de-nuevos-miembros-de-honor-768x512.png 768w, https:\/\/diariodominicano.com\/wp-content\/uploads\/2024\/12\/En-el-marco-de-un-solemne-acto-caracterizado-por-su-sobriedad-y-un-intenso-sentimiento-patriotico-el-Instituto-Duartiano-incorporo-una-veintena-de-nuevos-miembros-de-honor-816x544.png 816w, https:\/\/diariodominicano.com\/wp-content\/uploads\/2024\/12\/En-el-marco-de-un-solemne-acto-caracterizado-por-su-sobriedad-y-un-intenso-sentimiento-patriotico-el-Instituto-Duartiano-incorporo-una-veintena-de-nuevos-miembros-de-honor.png 1080w\" sizes=\"auto, (max-width: 1024px) 100vw, 1024px\" \/><\/figure>\n<\/figure>\n\n\n\n<p>El presidente de los duartianos agreg\u00f3 que la situaci\u00f3n de hoy tiene los m\u00e1s elevados ribetes de gravedad que se precisa la intensificaci\u00f3n de nuestros gobernantes y lideres de todos los \u00e1mbitos; al tiempo que propuso que para salvaguardar los intereses de la naci\u00f3n es necesario:<\/p>\n\n\n\n<figure class=\"wp-block-gallery has-nested-images columns-default is-cropped wp-block-gallery-6 is-layout-flex wp-block-gallery-is-layout-flex\">\n<figure class=\"wp-block-image size-large\"><img loading=\"lazy\" decoding=\"async\" width=\"1024\" height=\"730\" data-id=\"579344\" src=\"https:\/\/diariodominicano.com\/wp-content\/uploads\/2024\/12\/En-el-marco-de-un-solemne-acto-caracterizado-por-su-sobriedad-y-un-intenso-sentimiento-patriotico-el-Instituto-Duartiano-incorporo-1024x730.png\" alt=\"\" class=\"wp-image-579344\" srcset=\"https:\/\/diariodominicano.com\/wp-content\/uploads\/2024\/12\/En-el-marco-de-un-solemne-acto-caracterizado-por-su-sobriedad-y-un-intenso-sentimiento-patriotico-el-Instituto-Duartiano-incorporo-1024x730.png 1024w, https:\/\/diariodominicano.com\/wp-content\/uploads\/2024\/12\/En-el-marco-de-un-solemne-acto-caracterizado-por-su-sobriedad-y-un-intenso-sentimiento-patriotico-el-Instituto-Duartiano-incorporo-300x214.png 300w, https:\/\/diariodominicano.com\/wp-content\/uploads\/2024\/12\/En-el-marco-de-un-solemne-acto-caracterizado-por-su-sobriedad-y-un-intenso-sentimiento-patriotico-el-Instituto-Duartiano-incorporo-768x548.png 768w, https:\/\/diariodominicano.com\/wp-content\/uploads\/2024\/12\/En-el-marco-de-un-solemne-acto-caracterizado-por-su-sobriedad-y-un-intenso-sentimiento-patriotico-el-Instituto-Duartiano-incorporo-816x582.png 816w, https:\/\/diariodominicano.com\/wp-content\/uploads\/2024\/12\/En-el-marco-de-un-solemne-acto-caracterizado-por-su-sobriedad-y-un-intenso-sentimiento-patriotico-el-Instituto-Duartiano-incorporo.png 1080w\" sizes=\"auto, (max-width: 1024px) 100vw, 1024px\" \/><\/figure>\n\n\n\n<figure class=\"wp-block-image size-large\"><img loading=\"lazy\" decoding=\"async\" width=\"1024\" height=\"740\" data-id=\"579343\" src=\"https:\/\/diariodominicano.com\/wp-content\/uploads\/2024\/12\/En-el-marco-de-un-solemne-acto-caracterizado-por-su-sobriedad-y-un-intenso-sentimiento-patriotico-Instituto-Duartiano-incorporo-una-veintena-de-nuevos-miembros-de-honor-1024x740.png\" alt=\"\" class=\"wp-image-579343\" srcset=\"https:\/\/diariodominicano.com\/wp-content\/uploads\/2024\/12\/En-el-marco-de-un-solemne-acto-caracterizado-por-su-sobriedad-y-un-intenso-sentimiento-patriotico-Instituto-Duartiano-incorporo-una-veintena-de-nuevos-miembros-de-honor-1024x740.png 1024w, https:\/\/diariodominicano.com\/wp-content\/uploads\/2024\/12\/En-el-marco-de-un-solemne-acto-caracterizado-por-su-sobriedad-y-un-intenso-sentimiento-patriotico-Instituto-Duartiano-incorporo-una-veintena-de-nuevos-miembros-de-honor-300x217.png 300w, https:\/\/diariodominicano.com\/wp-content\/uploads\/2024\/12\/En-el-marco-de-un-solemne-acto-caracterizado-por-su-sobriedad-y-un-intenso-sentimiento-patriotico-Instituto-Duartiano-incorporo-una-veintena-de-nuevos-miembros-de-honor-768x555.png 768w, https:\/\/diariodominicano.com\/wp-content\/uploads\/2024\/12\/En-el-marco-de-un-solemne-acto-caracterizado-por-su-sobriedad-y-un-intenso-sentimiento-patriotico-Instituto-Duartiano-incorporo-una-veintena-de-nuevos-miembros-de-honor-816x589.png 816w, https:\/\/diariodominicano.com\/wp-content\/uploads\/2024\/12\/En-el-marco-de-un-solemne-acto-caracterizado-por-su-sobriedad-y-un-intenso-sentimiento-patriotico-Instituto-Duartiano-incorporo-una-veintena-de-nuevos-miembros-de-honor.png 1080w\" sizes=\"auto, (max-width: 1024px) 100vw, 1024px\" \/><\/figure>\n<\/figure>\n\n\n\n<p>\ud83c\udde9\ud83c\uddf4\u270d\ufe0f Nuevos Miembros de Honor del Instituto Duartiano<\/p>\n\n\n\n<p>\u2728 C\u00e9sar Bienvenido Olmos Vidal, actor<\/p>\n\n\n\n<p>\u2728 Mario Jos\u00e9 Lebr\u00f3n Hern\u00e1ndez, actor<\/p>\n\n\n\n<p>\u2728 Cnel. (r) William P\u00e1ez Piantini, E. R. D., embajador<\/p>\n\n\n\n<p>\u2728 Dr. Pedro Desiderio Blandino Canto, embajador<\/p>\n\n\n\n<p>\u2728 Licda. Yaquelin Odet del Carmen Morel Tejada, comunicadora<\/p>\n\n\n\n<p>\u2728 Dr. Isaac Garc\u00eda de la Cruz, Rvdo. padre, rector UCNE<\/p>\n\n\n\n<p>\u2728 Dr. Carlos Rafael Fern\u00e1ndez Rosario<\/p>\n\n\n\n<p>\u2728 Bienvenido Rojas, editor deportivo<\/p>\n\n\n\n<p>\u2728 Augusto Antonio Feria Pe\u00f1a, actor y gestor cultural<\/p>\n\n\n\n<p>\u2728 Licda. Francisca Ram\u00edrez, maestra<\/p>\n\n\n\n<p>\u2728 Luis Te\u00f3filo Terrero Castro (Teo Terrero), actor<\/p>\n\n\n\n<p>\u2728 Dr. Euclides Guti\u00e9rrez F\u00e9lix, abogado, historiador y deportivo<\/p>\n\n\n\n<p>\u2728 Julissa Anan\u00edas Rivera C\u00e9spedes, actriz<\/p>\n\n\n\n<p>\u2728 Lic. Rafael Reyes J\u00e9rez, comunicador<\/p>\n\n\n\n<p>\u2728 Lic. H\u00e9ctor Tineo Nolasco, periodista<\/p>\n\n\n\n<p>\u2728 T\u00e1cito Perdomo Robles, delegado pol\u00edtico<\/p>\n\n\n\n<p>\u2728 Lic. D\u00e1maso Adames, coordinador pol\u00edtico<\/p>\n\n\n\n<p>\u2728 C\u00e9sar Su\u00e1rez Pizano, gestor cultural y productor musical<\/p>\n\n\n\n<p>\u2728 Dr. Robert Mej\u00eda Castillo, m\u00e9dico<\/p>\n\n\n\n<p>\u2728 Bladimir Antonio Jim\u00e9nez N\u00fa\u00f1ez, productor audiovisual<\/p>\n\n\n\n<p>\u2728 Emiliano de la Rosa Garabito, pte. CD San Crist\u00f3bal<\/p>\n\n\n\n<p>\ud83c\udde9\ud83c\uddf4 \u00a1Gracias por ser parte del legado y la misi\u00f3n del Instituto Duartiano!<\/p>\n","protected":false},"excerpt":{"rendered":"<p>En el marco de un solemne acto caracterizado por su sobriedad y un intenso sentimiento patri\u00f3tico, el Instituto Duartiano incorpor\u00f3 una veintena de nuevos miembros de honor, por sus trayectorias y comportamientos c\u00edvico y patri\u00f3tico, as\u00ed como por ser defensores de la soberan\u00eda nacional y los ideales del Padre de la Patria y Fundador de [&hellip;]<\/p>\n","protected":false},"author":7,"featured_media":579336,"comment_status":"closed","ping_status":"closed","sticky":false,"template":"","format":"standard","meta":{"footnotes":""},"categories":[21],"tags":[264],"class_list":["post-579329","post","type-post","status-publish","format-standard","has-post-thumbnail","hentry","category-cultura","tag-instituto-duartiano"],"_links":{"self":[{"href":"https:\/\/diariodominicano.com\/index.php?rest_route=\/wp\/v2\/posts\/579329","targetHints":{"allow":["GET"]}}],"collection":[{"href":"https:\/\/diariodominicano.com\/index.php?rest_route=\/wp\/v2\/posts"}],"about":[{"href":"https:\/\/diariodominicano.com\/index.php?rest_route=\/wp\/v2\/types\/post"}],"author":[{"embeddable":true,"href":"https:\/\/diariodominicano.com\/index.php?rest_route=\/wp\/v2\/users\/7"}],"replies":[{"embeddable":true,"href":"https:\/\/diariodominicano.com\/index.php?rest_route=%2Fwp%2Fv2%2Fcomments&post=579329"}],"version-history":[{"count":1,"href":"https:\/\/diariodominicano.com\/index.php?rest_route=\/wp\/v2\/posts\/579329\/revisions"}],"predecessor-version":[{"id":579357,"href":"https:\/\/diariodominicano.com\/index.php?rest_route=\/wp\/v2\/posts\/579329\/revisions\/579357"}],"wp:featuredmedia":[{"embeddable":true,"href":"https:\/\/diariodominicano.com\/index.php?rest_route=\/wp\/v2\/media\/579336"}],"wp:attachment":[{"href":"https:\/\/diariodominicano.com\/index.php?rest_route=%2Fwp%2Fv2%2Fmedia&parent=579329"}],"wp:term":[{"taxonomy":"category","embeddable":true,"href":"https:\/\/diariodominicano.com\/index.php?rest_route=%2Fwp%2Fv2%2Fcategories&post=579329"},{"taxonomy":"post_tag","embeddable":true,"href":"https:\/\/diariodominicano.com\/index.php?rest_route=%2Fwp%2Fv2%2Ftags&post=579329"}],"curies":[{"name":"wp","href":"https:\/\/api.w.org\/{rel}","templated":true}]}}