{"id":579293,"date":"2024-12-02T11:19:54","date_gmt":"2024-12-02T15:19:54","guid":{"rendered":"https:\/\/diariodominicano.com\/?p=579293"},"modified":"2024-12-02T11:20:10","modified_gmt":"2024-12-02T15:20:10","slug":"presidente-de-cuba-felicita-a-combatientes-en-dia-de-las-far","status":"publish","type":"post","link":"https:\/\/diariodominicano.com\/?p=579293","title":{"rendered":"Presidente de Cuba felicita a combatientes en D\u00eda de las FAR"},"content":{"rendered":"\n<p>La Habana, 2 dic (Prensa Latina) El presidente de Cuba, Miguel D\u00edaz-Canel, felicit\u00f3 hoy a los miembros de las Fuerzas Armadas Revolucionarias (FAR), al celebrarse el D\u00eda de esa instituci\u00f3n armada.<\/p>\n\n\n\n<ul class=\"wp-block-list\">\n<li><a href=\"https:\/\/www.prensa-latina.cu\/2024\/12\/02\/\"><time>diciembre 2, 2024 | 07:39<\/time><\/a><\/li>\n<\/ul>\n\n\n\n<ul class=\"wp-block-list\">\n<li><a href=\"https:\/\/www.prensa-latina.cu\/2024\/12\/02\/presidente-de-cuba-felicita-a-combatientes-en-dia-de-las-far\/#\"><\/a><\/li>\n\n\n\n<li><a href=\"https:\/\/www.prensa-latina.cu\/2024\/12\/02\/presidente-de-cuba-felicita-a-combatientes-en-dia-de-las-far\/#\"><\/a><\/li>\n\n\n\n<li><a href=\"https:\/\/www.prensa-latina.cu\/2024\/12\/02\/presidente-de-cuba-felicita-a-combatientes-en-dia-de-las-far\/#\"><\/a><\/li>\n\n\n\n<li><a href=\"https:\/\/www.prensa-latina.cu\/2024\/12\/02\/presidente-de-cuba-felicita-a-combatientes-en-dia-de-las-far\/#\"><\/a><\/li>\n<\/ul>\n\n\n\n<p>En su perfil en X, el mandatario congratul\u00f3 al General de Ej\u00e9rcito Ra\u00fal Castro, a los Comandantes de la Revoluci\u00f3n, a los combatientes fundadores y a las nuevas generaciones de militares de las FAR, a las que calific\u00f3 de \u201cfuerza del pueblo y para el pueblo, desde la semilla plantada en la Sierra hasta estos d\u00edas dif\u00edciles\u201d.<\/p>\n\n\n\n<p>La efem\u00e9ride recuerda el desembarco de 82 expedicionarios, encabezados por el Comandante en Jefe Fidel Castro, por el oriente del pa\u00eds en el yate Granma, que inici\u00f3, hace hoy 68 a\u00f1os, la lucha guerrillera en la Sierra Maestra.<\/p>\n\n\n\n<p>A su llegada, los combatientes se vieron asediados por el ej\u00e9rcito y la aviaci\u00f3n del dictador Fulgencio Batista (1952-1859), y a duras penas y con fuertes p\u00e9rdidas, lograron llegar a la Sierra Maestra, la principal cadena monta\u00f1osa de la isla. Tras ser sorprendidos y dispersados por las tropas batistianas, los j\u00f3venes se reagruparon y conformaron el n\u00facleo del Ej\u00e9rcito Rebelde que combati\u00f3 a la dictadura en las monta\u00f1as del oriente de la isla hasta el triunfo revolucionario del 1 de enero de 1959.<\/p>\n\n\n\n<p>Los sobrevivientes de los combates posteriores al desembarco conformaron el embri\u00f3n de las Fuerzas Armadas Revolucionarias (FAR), constituidas tras el triunfo revolucionario del 1 de enero de 1959 por el General de Ej\u00e9rcito Ra\u00fal Castro, con la fusi\u00f3n de las fuerzas rebeldes con las milicias obreras, campesinas, estudiantiles y universitarias.<\/p>\n\n\n\n<p>Las Fuerzas Armadas cubanas est\u00e1n compuestas por cuatro Cuerpos de Ej\u00e9rcito (Occidental, Central, Oriental y Juvenil del Trabajo) y cumplieron misiones internacionalistas en varios pa\u00edses africanos para contribuir a los procesos de liberaci\u00f3n nacional y el fin del apartheid.<\/p>\n\n\n\n<p>mem\/evm<\/p>\n\n\n\n<ul class=\"wp-block-list\">\n<li>#<a href=\"https:\/\/www.prensa-latina.cu\/etiqueta\/cuba\/\">cuba<\/a>\u00a0#<a href=\"https:\/\/www.prensa-latina.cu\/etiqueta\/far\/\">far<\/a>\u00a0#<a href=\"https:\/\/www.prensa-latina.cu\/etiqueta\/presidente\/\">presidente<\/a><\/li>\n<\/ul>\n","protected":false},"excerpt":{"rendered":"<p>La Habana, 2 dic (Prensa Latina) El presidente de Cuba, Miguel D\u00edaz-Canel, felicit\u00f3 hoy a los miembros de las Fuerzas Armadas Revolucionarias (FAR), al celebrarse el D\u00eda de esa instituci\u00f3n armada. En su perfil en X, el mandatario congratul\u00f3 al General de Ej\u00e9rcito Ra\u00fal Castro, a los Comandantes de la Revoluci\u00f3n, a los combatientes fundadores [&hellip;]<\/p>\n","protected":false},"author":28,"featured_media":579294,"comment_status":"closed","ping_status":"closed","sticky":true,"template":"","format":"standard","meta":{"footnotes":""},"categories":[26,23],"tags":[],"class_list":["post-579293","post","type-post","status-publish","format-standard","has-post-thumbnail","hentry","category-efemerides","category-internacional"],"_links":{"self":[{"href":"https:\/\/diariodominicano.com\/index.php?rest_route=\/wp\/v2\/posts\/579293","targetHints":{"allow":["GET"]}}],"collection":[{"href":"https:\/\/diariodominicano.com\/index.php?rest_route=\/wp\/v2\/posts"}],"about":[{"href":"https:\/\/diariodominicano.com\/index.php?rest_route=\/wp\/v2\/types\/post"}],"author":[{"embeddable":true,"href":"https:\/\/diariodominicano.com\/index.php?rest_route=\/wp\/v2\/users\/28"}],"replies":[{"embeddable":true,"href":"https:\/\/diariodominicano.com\/index.php?rest_route=%2Fwp%2Fv2%2Fcomments&post=579293"}],"version-history":[{"count":2,"href":"https:\/\/diariodominicano.com\/index.php?rest_route=\/wp\/v2\/posts\/579293\/revisions"}],"predecessor-version":[{"id":579297,"href":"https:\/\/diariodominicano.com\/index.php?rest_route=\/wp\/v2\/posts\/579293\/revisions\/579297"}],"wp:featuredmedia":[{"embeddable":true,"href":"https:\/\/diariodominicano.com\/index.php?rest_route=\/wp\/v2\/media\/579294"}],"wp:attachment":[{"href":"https:\/\/diariodominicano.com\/index.php?rest_route=%2Fwp%2Fv2%2Fmedia&parent=579293"}],"wp:term":[{"taxonomy":"category","embeddable":true,"href":"https:\/\/diariodominicano.com\/index.php?rest_route=%2Fwp%2Fv2%2Fcategories&post=579293"},{"taxonomy":"post_tag","embeddable":true,"href":"https:\/\/diariodominicano.com\/index.php?rest_route=%2Fwp%2Fv2%2Ftags&post=579293"}],"curies":[{"name":"wp","href":"https:\/\/api.w.org\/{rel}","templated":true}]}}