{"id":579285,"date":"2024-12-02T11:11:54","date_gmt":"2024-12-02T15:11:54","guid":{"rendered":"https:\/\/diariodominicano.com\/?p=579285"},"modified":"2024-12-02T11:13:21","modified_gmt":"2024-12-02T15:13:21","slug":"fiscal-de-la-cpi-pide-liberacion-de-menores-detenidos-en-venezuela","status":"publish","type":"post","link":"https:\/\/diariodominicano.com\/?p=579285","title":{"rendered":"Fiscal de la CPI pide liberaci\u00f3n de menores detenidos en Venezuela"},"content":{"rendered":"\n<p>ARCHIVO &#8211; El fiscal de la Corte Penal Internacional, Karim Khan, habla durante una entrevista con Reuters en La Haya, Pa\u00edses Bajos, el 12 de febrero de 2024.<\/p>\n\n\n\n<p>diciembre 02, 2024<\/p>\n\n\n\n<ul class=\"wp-block-list\">\n<li><a href=\"https:\/\/www.vozdeamerica.com\/author\/carolina-alcalde\/byuyq\">Carolina Alcalde<\/a><\/li>\n<\/ul>\n\n\n\n<ul class=\"wp-block-list\">\n<li><a href=\"https:\/\/facebook.com\/sharer.php?u=https%3a%2f%2fwww.vozdeamerica.com%2fa%2ffiscal-de-la-cpi-pide-liberacion-de-ninios-en-venezuela-%2f7883912.html\" target=\"_blank\" rel=\"noreferrer noopener\"><\/a><\/li>\n\n\n\n<li><a href=\"https:\/\/twitter.com\/share?url=https%3a%2f%2fwww.vozdeamerica.com%2fa%2ffiscal-de-la-cpi-pide-liberacion-de-ninios-en-venezuela-%2f7883912.html&amp;text=Fiscal+de+la+CPI+pide+liberaci%c3%b3n+de+menores+detenidos+en+Venezuela+\" target=\"_blank\" rel=\"noreferrer noopener\"><\/a><\/li>\n\n\n\n<li><\/li>\n\n\n\n<li><a href=\"mailto:?body=https%3a%2f%2fwww.vozdeamerica.com%2fa%2ffiscal-de-la-cpi-pide-liberacion-de-ninios-en-venezuela-%2f7883912.html&amp;subject=Fiscal%20de%20la%20CPI%20pide%20liberaci%C3%B3n%20de%20menores%20detenidos%20en%20Venezuela\"><\/a><\/li>\n<\/ul>\n\n\n\n<p><a href=\"https:\/\/www.vozdeamerica.com\/a\/fiscal-de-la-cpi-pide-liberacion-de-ninios-en-venezuela-\/7883912.html#comments\">&nbsp;Vea comentarios<\/a><\/p>\n\n\n\n<p>El fiscal de la Corte Penal Internacional, Karim Khan, pidi\u00f3 la liberaci\u00f3n de ni\u00f1os detenidos por motivos pol\u00edticos en Venezuela, as\u00ed como de todas las personas que protestaron pac\u00edficamente contra los resultados de las disputadas elecciones presidenciales.<\/p>\n\n\n\n<p>Caracas \u2014&nbsp;<\/p>\n\n\n\n<p>El fiscal de la Corte Penal Internacional (CPI), Karim Khan, pidi\u00f3 este lunes la liberaci\u00f3n de menores de edad detenidos en Venezuela tras las elecciones presidenciales del 28 de julio, y advirti\u00f3 que el principio de complementariedad y cooperaci\u00f3n se est\u00e1 quedando \u201csin camino\u201d.<\/p>\n\n\n\n<p>\u201cEnfatic\u00e9 a las autoridades venezolanas la necesidad de ver un impulso y un progreso real, y mi oficina ha estado haciendo un seguimiento en relaci\u00f3n a esto\u201d, advirti\u00f3 durante la inauguraci\u00f3n de la Asamblea de Estados Parte del Estatuto de Roma, en La Haya.<\/p>\n\n\n\n<p>\u201cDespu\u00e9s de las elecciones este a\u00f1o he insistido en mis comunicaciones con Venezuela, en declaraciones p\u00fablicas, en la necesidad de proteger los derechos de los civiles, incluidos los ni\u00f1os, que deben ser liberados si est\u00e1n detenidos por motivos pol\u00edticos o cualquier otra persona que estuviera manifestando pac\u00edficamente\u201d, continu\u00f3.<\/p>\n\n\n\n<p>Venezolanos en diversos pa\u00edses participaron este fin de semana en&nbsp;<strong><em><a href=\"https:\/\/www.vozdeamerica.com\/a\/oposicion-pide-a-la-cpi-interceda-en-la-liberacion-de-encarcelados-postelectorales-en-venezuela\/7883663.html\" target=\"_blank\" rel=\"noreferrer noopener\">protestas para exigir la actuaci\u00f3n de la CPI&nbsp;<\/a><\/em><\/strong>para que se haga justicia por presuntos cr\u00edmenes de lesa humanidad en Venezuela.<\/p>\n\n\n\n<p><video poster=\"https:\/\/gdb.voanews.com\/e828fb10-1778-480c-97d4-794c940fac28_tv_w650_r1.jpg\" src=\"blob:https:\/\/www.vozdeamerica.com\/35080ec6-f60b-4203-bdb6-d19d6ee4a0e9\" height=\"381\" width=\"676\"><\/video><\/p>\n\n\n\n<h5 class=\"wp-block-heading\"><a href=\"https:\/\/www.vozdeamerica.com\/a\/fiscal-de-la-cpi-pide-liberacion-de-ninios-en-venezuela-\/7883637.html\" target=\"_blank\" rel=\"noreferrer noopener\">Venezuela: Oposici\u00f3n pide a CPI interceda por liberaci\u00f3n de encarcelados tras comicios<\/a><\/h5>\n\n\n\n<ul class=\"wp-block-list\">\n<li><a href=\"https:\/\/facebook.com\/sharer.php?u=https%3a%2f%2fwww.vozdeamerica.com%2fa%2f7883637.html\" target=\"_blank\" rel=\"noreferrer noopener\">Comparta en Facebook<\/a><\/li>\n\n\n\n<li><a href=\"https:\/\/twitter.com\/share?url=https%3a%2f%2fwww.vozdeamerica.com%2fa%2f7883637.html&amp;text=Venezuela%3a+Oposici%c3%b3n+pide+a+CPI+interceda+por++liberaci%c3%b3n+de+encarcelados+tras+comicios\" target=\"_blank\" rel=\"noreferrer noopener\">Comparta en Twitter<\/a><\/li>\n<\/ul>\n\n\n\n<hr class=\"wp-block-separator has-alpha-channel-opacity\"\/>\n\n\n\n<p><a href=\"https:\/\/www.vozdeamerica.com\/embed\/player\/Article\/7883637.html?type=video&amp;FullScreenMode=True\" target=\"_blank\" rel=\"noreferrer noopener\"><\/a><\/p>\n\n\n\n<p>&nbsp;Descargar&nbsp;<\/p>\n\n\n\n<p>Amnist\u00eda Internacional (AI) asegur\u00f3 la pasada semana que la \u201ctortura, detenci\u00f3n arbitraria y abusos contra decenas de ni\u00f1os y ni\u00f1as\u201d tras las elecciones presidenciales en Venezuela,&nbsp;<strong><em><a href=\"https:\/\/www.vozdeamerica.com\/a\/amnistia-internacional-pide-incluir-actos-contra-menores-de-edad-arrestados-venezuela-en-investigacion-de-la-cpi\/7880259.html\" target=\"_blank\" rel=\"noreferrer noopener\">deben movilizar a la justicia internacional<\/a>&nbsp;<\/em><\/strong>y consider\u00f3 que los hechos deben sumarse a la investigaci\u00f3n abierta por la Fiscal\u00eda de la CPI.<\/p>\n\n\n\n<p>AI ha contabilizado al menos 198 ni\u00f1os y ni\u00f1as arrestados, de los cuales fueron excarcelados m\u00e1s de 100 en septiembre y unos 25 en noviembre, aunque precis\u00f3 que estos siguen sometidos a medidas cautelares y procesos judiciales por cargos de terrorismo.<\/p>\n\n\n\n<p>El fiscal general de Venezuela, Tarek William Saab, ha&nbsp;<strong><em><a href=\"https:\/\/www.vozdeamerica.com\/a\/el-fiscal-general-de-venezuela-niega-que-haya-ninios-detenidos-por-protestas-si-hay-adolescentes\/7860817.html\" target=\"_blank\" rel=\"noreferrer noopener\">descartado que en el pa\u00eds haya ni\u00f1os arrestados,<\/a><\/em><\/strong>&nbsp;pero admiti\u00f3 que s\u00ed detuvieron a adolescentes que, seg\u00fan asegur\u00f3, participaron en actos de violencia postelectoral.<\/p>\n\n\n\n<p>El presidente Nicol\u00e1s Maduro&nbsp;<em><strong><a href=\"https:\/\/www.vozdeamerica.com\/a\/vencido-horario-oficial-cne-no-precisa-cuando-cierran-centros-venezuela\/7716247.html\" target=\"_blank\" rel=\"noreferrer noopener\">fue proclamado ganador de los comicios<\/a>,<\/strong><\/em>&nbsp;pero la oposici\u00f3n public\u00f3 copias de las actas conservadas por sus testigos de mesa, denunci\u00f3 fraude y le atribuy\u00f3 la victoria al excandidato Edmundo Gonz\u00e1lez Urrutia, actualmente en un exilio \u201cforzado\u201d en Espa\u00f1a.<\/p>\n\n\n\n<p><a href=\"https:\/\/www.vozdeamerica.com\/a\/amnistia-internacional-pide-incluir-actos-contra-menores-de-edad-arrestados-venezuela-en-investigacion-de-la-cpi\/7880259.html\"><\/a><\/p>\n\n\n\n<p><a href=\"https:\/\/www.vozdeamerica.com\/a\/amnistia-internacional-pide-incluir-actos-contra-menores-de-edad-arrestados-venezuela-en-investigacion-de-la-cpi\/7880259.html\">Tambi\u00e9n lea<\/a><\/p>\n\n\n\n<h4 class=\"wp-block-heading\"><a href=\"https:\/\/www.vozdeamerica.com\/a\/amnistia-internacional-pide-incluir-actos-contra-menores-de-edad-arrestados-venezuela-en-investigacion-de-la-cpi\/7880259.html\">Amnist\u00eda Internacional pide incluir actos contra menores de edad arrestados en Venezuela en investigaci\u00f3n de la CPI<\/a><\/h4>\n\n\n\n<p>Parte de la comunidad internacional no ha reconocido a Maduro como ganador y ha pedido una verificaci\u00f3n independiente de los resultados que causaron protestas que dejaron 28 personas muertas y m\u00e1s de 2.400 detenidas.<\/p>\n\n\n\n<p>El m\u00e1s reciente informe de la Misi\u00f3n Internacional Independiente de Determinaci\u00f3n de los Hechos sobre Venezuela (FFM por sus siglas en ingl\u00e9s) advirti\u00f3 que las violaciones a los Derechos Humanos en el pa\u00eds se han agravado tras los comicios.<\/p>\n\n\n\n<h3 class=\"wp-block-heading\">Complementariedad finita<\/h3>\n\n\n\n<p>Khan sostuvo que el Estado venezolano debe cooperar de manera \u201cm\u00e1s tangible\u201d con su oficina y advirti\u00f3 que el mecanismo de cooperaci\u00f3n entre el sistema de Justicia venezolano y la CPI corre peligro.<\/p>\n\n\n\n<p>\u201cNo he visto la implementaci\u00f3n concreta que esperaba de leyes y pr\u00e1cticas en Venezuela. Quiero dejar claro que la pelota est\u00e1 en el lado de la cancha de Venezuela y que la v\u00eda de la complementariedad se est\u00e1 quedando sin camino\u201d, manifest\u00f3.<\/p>\n\n\n\n<p>Khan, que en abril de este a\u00f1o instal\u00f3 en Caracas una oficina que tiene funciones de asesor\u00eda t\u00e9cnica, capacitaci\u00f3n y formaci\u00f3n de fiscales y jueces venezolanos, insisti\u00f3 adem\u00e1s en que el gobierno de Maduro debe permitir el reingreso de la Oficina del Alto Comisionado de la ONU para Derechos Humanos (ACNUDH), tal y como se le prometi\u00f3.<\/p>\n\n\n\n<p>El gobierno venezolano decidi\u00f3 suspender las actividades de la oficina del ACNUDH en febrero de este a\u00f1o, luego de acusarla de un \u201cente imparcial\u201d, tras las afirmaciones por el ente internacional de que&nbsp;<em><strong><a href=\"https:\/\/www.vozdeamerica.com\/a\/fiscalia-de-venezuela-acusa-de-terrorismo-a-la-activista-de-ddhh-rocio-san-miguel-\/7485494.html\" target=\"_blank\" rel=\"noreferrer noopener\">la detenci\u00f3n de la abogada experta en asuntos militares, Roc\u00edo San Miguel<\/a><\/strong><\/em>, podr\u00eda calificar en ese entonces como una desaparici\u00f3n forzada, lo que fue negado por la Fiscal\u00eda venezolana.<\/p>\n\n\n\n<p><video poster=\"https:\/\/gdb.voanews.com\/4cf93e26-1641-4ba5-9e4d-418f568965ea_tv_w650_r1.jpg\" src=\"blob:https:\/\/www.vozdeamerica.com\/e78bc77e-c06f-4a53-aeba-9530530f1be3\" height=\"381\" width=\"676\"><\/video><\/p>\n\n\n\n<h5 class=\"wp-block-heading\"><a href=\"https:\/\/www.vozdeamerica.com\/a\/fiscal-de-la-cpi-pide-liberacion-de-ninios-en-venezuela-\/7872485.html\" target=\"_blank\" rel=\"noreferrer noopener\">Comisi\u00f3n de la CPI verifica en Venezuela estado de presos pol\u00edticos<\/a><\/h5>\n\n\n\n<ul class=\"wp-block-list\">\n<li><a href=\"https:\/\/facebook.com\/sharer.php?u=https%3a%2f%2fwww.vozdeamerica.com%2fa%2f7872485.html\" target=\"_blank\" rel=\"noreferrer noopener\">Comparta en Facebook<\/a><\/li>\n\n\n\n<li><a href=\"https:\/\/twitter.com\/share?url=https%3a%2f%2fwww.vozdeamerica.com%2fa%2f7872485.html&amp;text=Comisi%c3%b3n+de+la+CPI+verifica+en+Venezuela+estado+de+presos+pol%c3%adticos\" target=\"_blank\" rel=\"noreferrer noopener\">Comparta en Twitter<\/a><\/li>\n<\/ul>\n\n\n\n<hr class=\"wp-block-separator has-alpha-channel-opacity\"\/>\n\n\n\n<p><a href=\"https:\/\/www.vozdeamerica.com\/embed\/player\/Article\/7872485.html?type=video&amp;FullScreenMode=True\" target=\"_blank\" rel=\"noreferrer noopener\"><\/a><\/p>\n\n\n\n<p>&nbsp;Descargar&nbsp;<\/p>\n\n\n\n<p>Fiscales de la CPI anunciaron en 2021 su decisi\u00f3n de abrir una investigaci\u00f3n formal a Venezuela por presuntos cr\u00edmenes de lesa humanidad y firm\u00f3 con el Estado un memorando de entendimiento basado en el principio de la complementariedad positiva establecido en el Estatuto de Roma.<\/p>\n\n\n\n<p>La investigaci\u00f3n abarca, entre otros, casos de asesinatos, torturas, ejecuciones extrajudiciales, detenciones arbitrarias, desapariciones forzadas, persecuci\u00f3n y uso excesivo de fuerza en el contexto de manifestaciones antigubernamentales desde abril de 2017.<\/p>\n\n\n\n<p>El gobierno de Maduro ha asegurado que se busca \u201cinstrumentalizar\u201d los mecanismos de justicia penal internacional con fines pol\u00edticos y sostiene que los presuntos cr\u00edmenes de lesa humanidad \u201cnunca han ocurrido\u201d.<\/p>\n","protected":false},"excerpt":{"rendered":"<p>ARCHIVO &#8211; El fiscal de la Corte Penal Internacional, Karim Khan, habla durante una entrevista con Reuters en La Haya, Pa\u00edses Bajos, el 12 de febrero de 2024. diciembre 02, 2024 &nbsp;Vea comentarios El fiscal de la Corte Penal Internacional, Karim Khan, pidi\u00f3 la liberaci\u00f3n de ni\u00f1os detenidos por motivos pol\u00edticos en Venezuela, as\u00ed como [&hellip;]<\/p>\n","protected":false},"author":28,"featured_media":579286,"comment_status":"closed","ping_status":"closed","sticky":true,"template":"","format":"standard","meta":{"footnotes":""},"categories":[23,24],"tags":[],"class_list":["post-579285","post","type-post","status-publish","format-standard","has-post-thumbnail","hentry","category-internacional","category-justicia-y-derecho"],"_links":{"self":[{"href":"https:\/\/diariodominicano.com\/index.php?rest_route=\/wp\/v2\/posts\/579285","targetHints":{"allow":["GET"]}}],"collection":[{"href":"https:\/\/diariodominicano.com\/index.php?rest_route=\/wp\/v2\/posts"}],"about":[{"href":"https:\/\/diariodominicano.com\/index.php?rest_route=\/wp\/v2\/types\/post"}],"author":[{"embeddable":true,"href":"https:\/\/diariodominicano.com\/index.php?rest_route=\/wp\/v2\/users\/28"}],"replies":[{"embeddable":true,"href":"https:\/\/diariodominicano.com\/index.php?rest_route=%2Fwp%2Fv2%2Fcomments&post=579285"}],"version-history":[{"count":2,"href":"https:\/\/diariodominicano.com\/index.php?rest_route=\/wp\/v2\/posts\/579285\/revisions"}],"predecessor-version":[{"id":579289,"href":"https:\/\/diariodominicano.com\/index.php?rest_route=\/wp\/v2\/posts\/579285\/revisions\/579289"}],"wp:featuredmedia":[{"embeddable":true,"href":"https:\/\/diariodominicano.com\/index.php?rest_route=\/wp\/v2\/media\/579286"}],"wp:attachment":[{"href":"https:\/\/diariodominicano.com\/index.php?rest_route=%2Fwp%2Fv2%2Fmedia&parent=579285"}],"wp:term":[{"taxonomy":"category","embeddable":true,"href":"https:\/\/diariodominicano.com\/index.php?rest_route=%2Fwp%2Fv2%2Fcategories&post=579285"},{"taxonomy":"post_tag","embeddable":true,"href":"https:\/\/diariodominicano.com\/index.php?rest_route=%2Fwp%2Fv2%2Ftags&post=579285"}],"curies":[{"name":"wp","href":"https:\/\/api.w.org\/{rel}","templated":true}]}}