{"id":57925,"date":"2020-10-30T22:57:09","date_gmt":"2020-10-30T22:57:09","guid":{"rendered":"http:\/\/diariodominicano.ddns.net\/?p=57925"},"modified":"2020-10-30T22:57:09","modified_gmt":"2020-10-30T22:57:09","slug":"magnicidios-en-r-d-y-iv-sanchez-duverge-y-manolo","status":"publish","type":"post","link":"https:\/\/diariodominicano.com\/?p=57925","title":{"rendered":"MAGNICIDIOS EN R.D. (y IV) S\u00c1NCHEZ, DUVERG\u00c9 Y MANOLO"},"content":{"rendered":"<p><body><\/p>\n<p><img decoding=\"async\" src=\"img3\/Magnicidios En RD IV Sanchez Duverge Tavarez 1.jpg\" \/>  <\/p>\n<p><strong>Diariodominicano.com<\/strong><\/p>\n<p><strong>MAGNICIDIOS EN R.D. (y IV) S\u00c1NCHEZ, DUVERG\u00c9 Y MANOLO<\/strong><\/p>\n<p><strong>POR TE\u00d3FILO LAPPOT ROBLES<\/strong><\/p>\n<p><strong>Francisco del Rosario S\u00e1nchez<\/strong><\/p>\n<\/p>\n<p>Francisco del Rosario S\u00e1nchez forma junto con Juan Pablo Duarte Diez y Mat\u00edas Ram\u00f3n Mella Castillo la trilog\u00eda de los Padres de la Patria. Otros ilustres dominicanos tambi\u00e9n tienen dimensiones proceras, cuya evocaci\u00f3n es de justicia resaltar permanentemente. <\/p>\n<p>S\u00e1nchez, nacido en la ciudad de Santo Domingo el 9 de marzo de 1817 y asesinado  el 4 de julio de 1861 en San Juan de la Maguana, tuvo el m\u00e9rito y la dicha hist\u00f3rica, para prez de su memoria, de ser uno de los fundadores de la sociedad secreta La Trinitaria, cuna de la Independencia Nacional.<\/p>\n<p>Sus condiciones excepcionales de guerrero y organizador le permitieron dirigir la lucha separatista cuando Juan Pablo Duarte, luego de evadir una tenaz persecuci\u00f3n en su contra, pudo salir del pa\u00eds en el 1843.<\/p>\n<p>S\u00e1nchez, con palabras y con hechos, siempre reconoci\u00f3 la prevalencia de la figura de Juan Pablo Duarte ante los dem\u00e1s independentistas, a pesar de que algunos en un evidente exceso lanzaron al aire la peregrina idea de que \u00e9l lo superaba en m\u00e9ritos. <\/p>\n<p>Le correspondi\u00f3 ser el primero en proclamar a Duarte como Padre de la Patria. Lo hizo in absentia del patricio, que entonces estaba exiliado en Curazao. Fue en la Puerta del Conde, a las tres de la madrugada, horas despu\u00e9s de producirse el trabucazo redentor de Mella en la Puerta de la Misericordia. <\/p>\n<p>Ese tributo es un ejemplo m\u00e1s que ha permitido con el paso del tiempo sostener que S\u00e1nchez mantuvo invariable su visi\u00f3n respecto al esplendor de la figura de mayor proceridad que encarna Duarte en la historia dominicana.<\/p>\n<p>El 15 de marzo siguiente, obviamente inspirado en la previa alabanza de S\u00e1nchez, el prelado Tom\u00e1s de Portes e Infante, entonces Vicario General de la Arquidi\u00f3cesis de Santo Domingo, al recibir a Duarte en su retorno del exilio, lo salud\u00f3 jubilosamente dici\u00e9ndoles a los presentes \u00abSalve el Padre de la Patria.\u00bb<\/p>\n<p>En una etapa tan convulsa como la que sigui\u00f3 a los acontecimientos del 27 de febrero de 1844 no todos los pasos de S\u00e1nchez fueron lineales, pues hizo algunos meandros casi obligatorios con las fuerzas conservadoras que controlaban los poderes de la naciente Rep\u00fablica.<\/p>\n<p>No obstante alg\u00fan zigzag, coyuntural y por t\u00e1ctica obligatoria, en lo fundamental S\u00e1nchez mantuvo inconmovible, hasta el momento postrero de su vida, su fe en los destinos nacionales. Eso es lo que vale como sustancia de su itinerario vital en favor de las mejores causas para el pueblo dominicano.<\/p>\n<p>Francisco del Rosario S\u00e1nchez del Rosario entr\u00f3 al largo martirologio de los dominicanos que ofrendaron sus vidas en la etapa en que el pa\u00eds hab\u00eda perdido su soberan\u00eda luego de que un grupo de renegados encabezados por Pedro Santana decidi\u00f3 matar y sepultar la Rep\u00fablica Dominicana.<\/p>\n<p>La posici\u00f3n anti anexionista de S\u00e1nchez comenz\u00f3 meses antes de que se materializara el macabro acto de la Anexi\u00f3n. Estaba enfermo y postrado en la peque\u00f1a y hermosa  Charlotte Amalie, la poblaci\u00f3n principal de la isla caribe\u00f1a de Saint Thomas. Con \u00abcarencia de todo recurso para sostenerse.\u00bb<\/p>\n<p>Manuel Rodr\u00edguez Obj\u00edo dice, en su obra Relaciones Hist\u00f3ricas sobre la Guerra Restauradora, que cuando fue a visitar a S\u00e1nchez en su exilio de Saint Thomas este le habl\u00f3 \u00aben el idioma del amigo, del padre y del patriota inspirado. Es preciso, me dijo, que cooperes a evitar esa Anexi\u00f3n vergonzosa que no es sino una traici\u00f3n infame manejada por Santana y sus esbirros.\u00bb1     <\/p>\n<p>Antes de cumplirse tres meses de que las tropas espa\u00f1olas ocuparan el pa\u00eds, arriando  el pabell\u00f3n tricolor dominicano e izando la bandera del reino de Espa\u00f1a, Francisco del Rosario S\u00e1nchez penetr\u00f3 al territorio nacional a luchar por la restauraci\u00f3n de la soberan\u00eda vendida por Pedro Santana y sus secuaces.<\/p>\n<p>Cuando finalizaba el mes de mayo de 1861 el patricio y m\u00e1rtir S\u00e1nchez entr\u00f3 por Hondo Valle, en la frontera con Hait\u00ed. Estaba acompa\u00f1ado de otros patriotas que por su n\u00famero formaban lo que en el argot militar se denomina una unidad con categor\u00eda de Secci\u00f3n. <\/p>\n<p>Son de larga narraci\u00f3n los hechos entonces ocurridos en torno a la expedici\u00f3n libertaria de referencia, la cual inclu\u00eda los combatientes que encabezados por el General Jos\u00e9 Mar\u00eda Cabral penetraron por la tierra fronteriza de Comendador y el General Fernando Tabera, quien deb\u00eda apoderarse de Neiba. Sobre eso he hecho otros comentarios en este mismo espacio, a los cuales remito a quienes tengan inter\u00e9s en m\u00e1s detalles.<\/p>\n<p>S\u00e1nchez  fue  gravemente herido y capturado, por un acto de traici\u00f3n, en un lugar llamado Los Guineos, en territorio de El Cercado.<\/p>\n<p>Fue llevado a la ciudad de San Juan de la Maguana, donde se produjo su magnicidio la tarde del 4 de julio de 1861, luego de que el d\u00eda anterior hicieran un juicio carente de sustento legal. <\/p>\n<p>Junto a S\u00e1nchez fueron asesinados m\u00e1s de 20 otros patriotas que luchaban por la Restauraci\u00f3n de la Rep\u00fablica Dominicana. Paradojas del destino, el fuego criminal que seg\u00f3 la vida de esos valientes sali\u00f3 de fusiles accionados por dominicanos anexionistas.<\/p>\n<p>El responsable de esa hecatombe fue Pedro Santana, quien en la ocasi\u00f3n actuaba al servicio de la Reina de Espa\u00f1a, como Capit\u00e1n General de la neo colonia. <\/p>\n<p>Era \u00e9l quien desde Azua mov\u00eda los hilos de la muerte violenta de S\u00e1nchez y sus compa\u00f1eros de lucha patri\u00f3tica. Los M\u00e1rtires de San Juan los fueron por su macabra decisi\u00f3n. Ni siquiera los santanistas m\u00e1s tercos se han atrevido a negar la decisiva participaci\u00f3n de ese caudillo en los hechos referidos. <\/p>\n<p>El 4 de julio de 1861 el vendepatria que luego ser\u00eda revestido con la pompa del Marquesado de Las Carreras llev\u00f3 al m\u00e1s alto nivel su \u00e1nimo criminal, incluso contra la voluntad de experimentados oficiales espa\u00f1oles que consideraron que no era prudente cometer esa masacre cuando todav\u00eda las tropas espa\u00f1olas ni siquiera ten\u00edan pleno dominio del escenario b\u00e9lico.<\/p>\n<p>Un hombre tan cruel como el General Jos\u00e9 de la G\u00e1ndara Navarro confirm\u00f3 que los cr\u00edmenes de S\u00e1nchez, y los dem\u00e1s patriotas que con \u00e9l murieron, fueron obra de Santana.<\/p>\n<p>En su libro Anexi\u00f3n y Guerra de Santo Domingo el pol\u00edtico y militar aragon\u00e9s expuso sobre eso, entre otras cosas, lo siguiente: \u00abSe les sujet\u00f3 por orden de Santana a un sumar\u00edsimo e irregular procedimiento y fueron fusilados el 4 de julio, contra la opini\u00f3n y las reclamaciones escritas del Brigadier Pel\u00e1ez que pas\u00f3 quiz\u00e1s los l\u00edmites de la subordinaci\u00f3n&#8230;\u00bb2 <\/p>\n<p> Tal vez la muerte de S\u00e1nchez (que ten\u00eda 44 a\u00f1os de edad), y dem\u00e1s h\u00e9roes que pagaron con su vida el amor a la Patria, fue el punto de partida para que tiempo despu\u00e9s se produjera el Campo de Agramante en que termin\u00f3 el v\u00ednculo entre Santana y las autoridades espa\u00f1olas de la Anexi\u00f3n.   <\/p>\n<p>El Congreso Nacional, al ponderar la pertinencia de honrar la memoria de S\u00e1nchez y los dem\u00e1s m\u00e1rtires del nefasto d\u00eda en que fueron abatidos,  resolut\u00f3  en  su sesi\u00f3n del 19 de junio de 1889 lo siguiente: \u00ab\u00danico: Se declara solemnemente D\u00eda de Duelo Nacional el 4 de julio de cada  a\u00f1o, conmemor\u00e1ndose esta fecha el 3 del mismo mes.\u00bb Ocho d\u00edas despu\u00e9s el Poder Ejecutivo emiti\u00f3 el Decreto de promulgaci\u00f3n de esa decisi\u00f3n congresual.3 <\/p>\n<p>El 6 de julio del a\u00f1o 1889 el Vicepresidente de la Rep\u00fablica, Manuel Mar\u00eda Gautier, pronunci\u00f3 un discurso con motivo de la proclamaci\u00f3n del referido D\u00eda de Duelo. Explic\u00f3 que estaban congregados, como muchos otros en otros lugares del pa\u00eds: \u00abpara rendir parias a vuestro patriotismo y mantener vivos en el coraz\u00f3n de los que a\u00fan os sobrevivimos y en la generaci\u00f3n del porvenir, el ejemplo de vuestras virtudes c\u00edvicas y el reflejo de vuestras glorias. Paz, honra y gloria a vuestros manes.\u00bb4 <\/p>\n<p>  Esa recordaci\u00f3n de duelo nacional se mantuvo durante 54 a\u00f1os, hasta que el 28 de abril de 1943 una ley suprimi\u00f3 el referido decreto de 1889.<\/p>\n<\/p>\n<p><strong>Antonio Duverg\u00e9 Duval<\/strong><\/p>\n<p>                                                                                                                                                                                                                                                                                                                                                                                                         El magnicidio de Antonio Duverg\u00e9 Duval se produjo el 11 de abril de 1855. Fue en el cementerio de El Seibo, pueblo del oriente del pa\u00eds donde llevaba 6 a\u00f1os confinado en condiciones de total precariedad y consumiendo su genio militar en forzada pasividad.<\/p>\n<p>Los registros hist\u00f3ricos consignan que el cad\u00e1ver del adalid de mil batallas en el largo tramo de consolidaci\u00f3n de la independencia nacional fue cobardemente profanado por su principal verdugo. Santana, con m\u00fasculos faciales tensos por el hecho execrable que hab\u00eda dirigido, le dio varias patadas.<\/p>\n<p>El  polifac\u00e9tico poeta sanjuanero V\u00edctor Garrido plasm\u00f3 en letras sentidas, para que no quedara en el olvido, esa acci\u00f3n del general Pedro Santana frente al cad\u00e1ver del h\u00e9roe y m\u00e1rtir cuya leyenda hist\u00f3rica se aproxima al nivel hom\u00e9rico.<\/p>\n<p>En su obra po\u00e9tica titulada Romance de Antonio Duverg\u00e9 escribi\u00f3: \u00abCuando el h\u00e9roe legendario\/cay\u00f3 bajo el tiro negro\/el dictador sin entra\u00f1as\/se aperson\u00f3 al cementerio\/donde a pie firme aguardaba\/el pelot\u00f3n carnicero.\/Con ir\u00f3nica sonrisa\/ pate\u00f3 al rival, en silencio\/y se alej\u00f3 del recinto\/en su caballo bermejo.\u00bb5   <\/p>\n<p>Junto a Duverg\u00e9 tambi\u00e9n fueron fusilados el fat\u00eddico d\u00eda 11 de abril de 1855 (en el pueblo natal de Manuela Diez) su hijo veintea\u00f1ero Alcides, as\u00ed como el luchador independentista Tom\u00e1s de la Concha, novio de la hero\u00edna Rosa Protom\u00e1rtir Duarte Diez, hermana de nuestro principal patricio, a quien ella inspir\u00f3 para que escribiera sobre la cruel muerte de su prometido; brot\u00e1ndole de su congoja a Juan Pablo Duarte esta estrofa \u00abde alta poes\u00eda\u00bb:<\/p>\n<p>\u00abPens\u00e9 cantar mi desventura imp\u00eda\/y airado, el numen se neg\u00f3 a mi intento; \/pens\u00e9 cantar y en la garganta m\u00eda\/opreso el canto se troc\u00f3 en lamento.\u00bb6    <\/p>\n<p>La realidad incontestable es que la vida de Antonio Duverg\u00e9 Duval est\u00e1 enmarcada con el brillo de la proceridad, por el rol principal que tuvo en muchas de las batallas que libr\u00f3 el pueblo dominicano en armas contra los invasores haitianos que pretend\u00edan ocupar de nuevo el pa\u00eds despu\u00e9s que fueron expulsados a partir del 27 de febrero de 1844.<\/p>\n<p>Sobre uno de los resonantes triunfos de Antonio Duverg\u00e9 Duval, ocurrido el 17 de abril de 1849 en un altozano azuano, escribi\u00f3 el historiador Ram\u00f3n Marrero Aristy lo siguiente: \u00abEl N\u00famero fue el primer rev\u00e9s que rompi\u00f3 el sortilegio de los avances y las victorias f\u00e1ciles de los haitianos, habituados ya a empujar a un ej\u00e9rcito defensor que, pareciendo fuerte en su estructura, se disolv\u00eda inexplicablemente cada vez que se le somet\u00eda a la prueba de un ataque.\u00bb7  <\/p>\n<p>\u00abEn la frontera, como avanzada ventajosa estaba una gigantesca personalidad de acrisolado patriotismo y entereza personal legendaria: el general Antonio Duverg\u00e9.\u00bb As\u00ed figura descrito en Historia de la Cultura Dominicana, un monumental esfuerzo de investigaci\u00f3n de Mariano Lebr\u00f3n Savi\u00f1\u00f3n.8 <\/p>\n<p>El paso del tiempo y el an\u00e1lisis de sus hechos han demostrado que sin ning\u00fan resquicio de duda Antonio Duverg\u00e9 Duval era portador de un criterio militar que Santana envidiaba y era una de las causas eficientes de su fijaci\u00f3n criminosa en su contra.<\/p>\n<p>Una prueba de lo anterior es un relato que est\u00e1 en el libro Duarte y otros temas. El comentario se le atribuye a la independentista Dolores Soto, quien ya en los estertores de su muerte dijo que en una reuni\u00f3n efectuada en la villa de Ban\u00ed Pedro Santana (al parecer buscando alguna equiparaci\u00f3n tangencial con Duverg\u00e9) le espet\u00f3 lo siguiente: \u00abUsted es m\u00e1s valiente que yo, pero yo soy m\u00e1s militar que usted.\u00bb9    <\/p>\n<p>Antonio Duverg\u00e9 Duval no solamente era m\u00e1s valiente que Santana, sino tambi\u00e9n m\u00e1s ducho en el manejo de las armas, y con mayores y mejores atributos militares que su verdugo. Los hechos as\u00ed lo demuestran. Sus conocimientos de t\u00e1ctica y estrategia militar superaban al que luego vendi\u00f3 la soberan\u00eda nacional en la abominable Anexi\u00f3n a Espa\u00f1a.<\/p>\n<p>Pero como si lo anterior fuera poco hay que resaltar el compromiso indisoluble que Antonio Duverg\u00e9 Duval ten\u00eda con el futuro de la Patria, muy diferente a la actitud disoluta de Santana. No es una apreciaci\u00f3n de quien escribe, sino demostraciones del pasado que constan en las p\u00e1ginas amarillas de la historia dominicana.<\/p>\n<p>Francisco So\u00f1\u00e9, el combatiente franc\u00e9s que integr\u00f3 las filas del ej\u00e9rcito de Napole\u00f3n en la batalla de Marengo, avecindado en Azua y participante en enfrentamientos armados en favor de los dominicanos, escribi\u00f3 en sus memorias lo siguiente:<\/p>\n<p>\u00ab&#8230;cuando Duverg\u00e9 libraba la batalla de El N\u00famero, Santana y sus amigos estaban en fiesta en Sabana Buey con lindas aldeanas de los contornos en un movido baile que dur\u00f3 toda la noche&#8230;\u00bb10   <\/p>\n<p>Sobre la vibrante personalidad de Antonio Duverg\u00e9 Duval escrib\u00ed hace 3 a\u00f1os algo que creo es importante reiterar ahora, por corresponderse a la verdad: \u00abLa hoja de ruta de su vida permite decir de \u00e9l que pose\u00eda en demas\u00eda los atributos de un centuri\u00f3n&#8230;Al analizar los combates en los que \u00e9l particip\u00f3 de manera decisiva se comprueba que su genio militar iba a la par con su siempre reconocida bravura. En valles y mogotes, entre monter\u00edas y matorrales Duverg\u00e9 acumulaba en cascada triunfos t\u00e1cticos que conclu\u00edan en victorias estrat\u00e9gicas.\u00bb11 <\/p>\n<p>El primer encausamiento judicial contra Duverg\u00e9 lo orden\u00f3 Santana en el 1849.Era una acusaci\u00f3n monstruosa. Por el ambiente enrarecido que exist\u00eda para aquella \u00e9poca no es descartable que el fiscal fuera presionado por el espad\u00f3n presidencial de la fecha para que concluyera pidiendo la condena del h\u00e9roe; pero ante el apabullante impacto de la verdad de los hechos concernidos al caso lo que ocurri\u00f3 fue que el acusador, en una actitud gallarda, termin\u00f3 solicitando el descargo del acusado, como en efecto ocurri\u00f3.12  <\/p>\n<\/p>\n<p>El abogado de Duverg\u00e9 en esa ocasi\u00f3n fue el pr\u00f3cer F\u00e9lix Mar\u00eda del Monte, gran defensor y dramaturgo que pon\u00eda el acento hist\u00f3rico en sus obras teatrales de car\u00e1cter dram\u00e1tico. En esa farsa de juicio lo llam\u00f3 \u00abel Cat\u00f3n del Sur\u00bb, en obvia referencia a Marco Porcio Cat\u00f3n, el Joven, el legendario romano de \u00datica.<\/p>\n<p>Esa vez se impuso el descargo, pero como el juicio era una pura pantomima Santana decidi\u00f3 confinar a Duverg\u00e9 en El Seybo hasta que 6 a\u00f1os despu\u00e9s le arm\u00f3 otra acusaci\u00f3n ante un tribunal formado por caricaturas de endriagos que formaban parte de su corte de matones y entreguistas. <\/p>\n<p>En la ocasi\u00f3n se produjo su condena a muerte. En un r\u00e9gimen de fuerza encabezado por un hombre de mentalidad montaraz como Santana los argumentos y epifonemas jur\u00eddicos no ten\u00edan ning\u00fan valor.<\/p>\n<p>Esos cr\u00edmenes, que quisieron justificarse con una decisi\u00f3n judicial ordenada de antemano por el d\u00e9spota nacido en el poblado de Hincha y due\u00f1o de grandes hatos en el Seibo, permiten recordar que m\u00e1s de cien a\u00f1os despu\u00e9s James Baldwin, un escritor estadounidense de reconocida fama, escribi\u00f3 algo que se ajusta perfectamente a lo vivido el 11 de abril de 1855 en la comarca oriental de la Cruz de Asomante y de calles onduladas: \u00abLa ignorancia, aliada con el poder, es el mayor enemigo de la justicia.\u00bb <\/p>\n<p><strong>Manolo Tav\u00e1rez Justo<\/strong><\/p>\n<\/p>\n<p>Manuel Aurelio Tav\u00e1rez Justo naci\u00f3 en Montecristi el viernes 2 de enero de 1931, cuando ya la Rep\u00fablica Dominicana estaba bajo las garras de un r\u00e9gimen de fuerza bajo el cual \u00e9l tuvo que vivir sus primeros 30 a\u00f1os.<\/p>\n<p>Las comodidades materiales que pod\u00eda proveerle su familia no lo convirtieron en un ser indiferente a la situaci\u00f3n econ\u00f3mica y pol\u00edtica de su pueblo natal y de su pa\u00eds. Al contrario, desde la adolescencia fue tomando conciencia de la dura realidad en que viv\u00edan los dominicanos. Fue forjando en su interior el compromiso de luchar, como lo hizo luego, por la libertad.<\/p>\n<p>La uni\u00f3n matrimonial y la coincidencia de ideales revolucionarios que tuvo con Minerva Mirabal fueron la m\u00e1s s\u00f3lida fragua para moldear su lucha en favor del oprimido pueblo dominicano. <\/p>\n<p>La extraordinaria, inteligente y valiente Minerva se convirti\u00f3 en una potente inyecci\u00f3n para vigorizar sus ideales redentores. El asesinato de ella, sus hermanas Patria y Mar\u00eda Teresa, y su chofer Rufino de la Cruz, ocurrido el 25 de noviembre de 1960, fue para \u00e9l un acicate para no desmayar jam\u00e1s en sus prop\u00f3sitos patri\u00f3ticos.<\/p>\n<p>Manuel Aurelio Tav\u00e1rez Justo fue en su \u00e9poca el m\u00e1s prominente l\u00edder pol\u00edtico de una parte considerable de la juventud criolla. Su magn\u00e9tica personalidad simbolizaba, en los primeros a\u00f1os de la sexta d\u00e9cada del siglo pasado, los m\u00e1s puros ideales de bien com\u00fan para el pueblo dominicano; despu\u00e9s de m\u00e1s de 30 a\u00f1os de opresi\u00f3n y tiran\u00eda.<\/p>\n<p>El 10 de enero de 1960, con la dictadura de Trujillo todav\u00eda en pie, se fund\u00f3 en un lugar rural llamado Guayacanes, dentro del municipio de Mao, provincia Valverde, el Movimiento Revolucionario 14 de Junio. Manolo fue escogido como presidente de la directiva de esa audaz entidad de origen patri\u00f3tico, cuyo principal objetivo era enfrentar con las armas al nauseabundo r\u00e9gimen que llevaba 30 largos a\u00f1os cometiendo tropel\u00edas en todo el pa\u00eds.<\/p>\n<p>El jurista Rafael Valera Ben\u00edtez, en la obra Complot Develado, recoge m\u00e1s ampliamente el resultado de aquella asamblea embrionaria: \u00abEl Comit\u00e9 Central qued\u00f3 mientras tanto integrado por el doctor Manuel Aurelio Tav\u00e1rez Justo, en calidad de Presidente; Rafael Faxas Canto, como Secretario; ingeniero Leandro Guzm\u00e1n, Tesorero; y los dem\u00e1s asistentes fueron nombrados vocales.\u00bb13    <\/p>\n<p>Dos d\u00edas despu\u00e9s de aquella intr\u00e9pida reuni\u00f3n de gran envergadura pol\u00edtica, por las circunstancias imperantes en el pa\u00eds, Manolo fue apresado y sometido a crueles torturas en varias c\u00e1rceles. Esos vej\u00e1menes contra su persona no disminuyeron su decisi\u00f3n de no cejar hasta ver caer la tiran\u00eda. Su figura se elevaba cada d\u00eda m\u00e1s entre sus seguidores presos, perseguidos o clandestinos. No saldr\u00eda de la prisi\u00f3n sino poco despu\u00e9s de la hist\u00f3rica noche del 30 de mayo de 1960, cuando Trujillo fue abatido por plomo heroico.<\/p>\n<p>El 30 de julio de 1961 Manolo fue confirmado como l\u00edder de la organizaci\u00f3n (entonces renombrada como Agrupaci\u00f3n Pol\u00edtica 14 de Junio) cuyo nombre era en memoria a los h\u00e9roes y m\u00e1rtires que llegaron al pa\u00eds el 14 de junio de 1959 y d\u00edas siguientes para combatir sobre el terreno al nefasto r\u00e9gimen que hab\u00eda comenzado en el lejano 1930.<\/p>\n<p>Si alguien albergaba alguna duda sobre la determinaci\u00f3n de Manolo de luchar por crear una sociedad donde prevaleciera la libertad y la justicia ella qued\u00f3 despejada cuando en un vibrante discurso, que pronunci\u00f3 en el Parque Independencia, en la capital dominicana, el 14 de junio de 1962, dijo entre otras cosas, lo siguiente:<\/p>\n<p>\u00abEl 14 de Junio sabe muy bien donde est\u00e1n las escarpadas monta\u00f1as de Quisqueya, y a ellas iremos, siguiendo el ejemplo y para realizar la obra de los h\u00e9roes de junio del 59, y en ellas mantendremos encendida la antorcha de la libertad, de la justicia, el esp\u00edritu de la revoluci\u00f3n, porque no nos quedar\u00e1 entonces otra alternativa que la de libertad o Muerte.\u00bb14 <\/p>\n<p> Es importante se\u00f1alar que el movimiento que Manolo dirig\u00eda no ten\u00eda simpat\u00edas iniciales con Bosch, pero \u00e9l comprendi\u00f3 r\u00e1pidamente la pertinencia de apoyar las iniciativas de car\u00e1cter social emprendidas por el breve gobierno que aqu\u00e9l encabez\u00f3.<\/p>\n<p>En el segundo tomo de Personajes Dominicanos Roberto Cass\u00e1 pone este ejemplo que refuerza lo que se\u00f1alo en el p\u00e1rrafo anterior: \u00abEn una conferencia pronunciada en Padres Las Casas, a escasos d\u00edas de Bosch llegar a la presidencia, Tav\u00e1rez Justo hizo el sorpresivo anuncio de que el 14 de Junio apoyar\u00eda las medidas del nuevo gobierno tendentes a favorecer los intereses populares.\u00bb15   <\/p>\n<p>Dentro de la agrupaci\u00f3n pol\u00edtica que Manolo Tav\u00e1rez  lidereaba hab\u00eda divergencias con relaci\u00f3n a iniciar una guerra de guerrilla contra los golpistas que usurpaban el poder luego de derrocar al gobierno constitucional de Juan Bosch. Unos consideraban que no exist\u00edan condiciones para ello y otros, como el mismo Manolo, sosten\u00edan lo contrario. As\u00ed comenz\u00f3 el descenso prematuro hacia la tumba el m\u00e1s brillante dirigente pol\u00edtico de su generaci\u00f3n.<\/p>\n<p>Tav\u00e1rez Justo dirigi\u00f3 varios frentes guerrilleros que buscaban restablecer la constitucionalidad cercenada por las fuerzas que el 25 de septiembre de 1963 destruyeron los anhelos democr\u00e1ticos del pueblo dominicano.<\/p>\n<p>Muchos de los guerrilleros alzados bajo la direcci\u00f3n directa de Manolo cayeron en la ingenuidad de creerle al Triunvirato que desgobernaba el pa\u00eds su promesa de que iba a respetar la vida de los combatientes que se rindieran.<\/p>\n<p> Al  izar bandera blanca, por una mir\u00edada de factores adversos, sin percatarse de que siniestros personajes criollos y extranjeros eran los que en realidad dirig\u00edan las acciones en su contra, entregaron sus valiosas vidas para fest\u00edn de asesinos desalmados, que los masacraron ya estando ellos inermes.<\/p>\n<p>El magnicidio de Manolo Tav\u00e1rez Justo se produjo el 21 de diciembre de 1963, en el lugar denominado Alto de la Diferencia, cerca del poblado de Las Manaclas, en la jurisdicci\u00f3n de San Jos\u00e9 de Las Matas.<\/p>\n<p>El eminente historiador y ex guerrillero Emilio Cordero Michel, preso en la Solitaria No.9 del Palacio de la Polic\u00eda Nacional, le dirigi\u00f3 desde all\u00ed el 27 de diciembre de 1963 una carta al director del peri\u00f3dico List\u00edn Diario, Rafael Herrera (quien no la public\u00f3) en la cual desminti\u00f3 la infundada noticia propalada por el gobierno de facto en el sentido de que Manolo Tav\u00e1rez Justo y varios de sus compa\u00f1eros de lucha murieron en combates con las fuerzas militares desplazadas en esa zona monta\u00f1osa del pa\u00eds, con motivo del alzamiento guerrillero de la organizaci\u00f3n pol\u00edtica 14 de Junio.<\/p>\n<p>As\u00ed de contundente fue Cordero Michel: \u00abManolo Tav\u00e1rez y 14 compa\u00f1eros fueron asesinados por las tropas de la Aviaci\u00f3n. Desde una solitaria de la c\u00e1rcel del Palacio de la Polic\u00eda acuso al Gobierno y a los militares de San Isidro de la muerte de esos compa\u00f1eros.\u00bb16 <\/p>\n<\/p>\n<p>En su obra Vivas en su jard\u00edn, Ded\u00e9 Mirabal, quien fuera su cu\u00f1ada y \u00fanica de las cuatro hermanas Mirabal Reyes que sobrevivi\u00f3 a la tiran\u00eda trujillista, dice de Manolo Tav\u00e1rez Justo lo siguiente: \u00abManolo fue un l\u00edder de gran carisma que aglutin\u00f3 a todo el pueblo dominicano. Irse a la monta\u00f1a fue cumplir un compromiso con su pueblo, y yo dir\u00eda que con sus compa\u00f1eros. Tom\u00f3 la decisi\u00f3n consciente de que le costar\u00eda la vida.\u00bb<\/p>\n<p>Al describir el cad\u00e1ver de Manolo do\u00f1a Ded\u00e9 expresa que: \u00abEn la cabeza, cerca de la frente, ten\u00eda la quemaz\u00f3n de una bala. Estaba sin camisa; conservaba el pantal\u00f3n, pero roto. Era un coladero de balas. Ten\u00eda heridas de bayoneta por varias partes. Lo mataron con sa\u00f1a.17 <\/p>\n<p>La amplitud de miras que caracterizaba al doctor Manuel Aurelio Tav\u00e1rez Justo, de cara a la libertad y el bienestar del pueblo dominicano, qued\u00f3 demostrada tanto en sus discursos y di\u00e1logos como en sus actuaciones durante el trujillato y tambi\u00e9n ante los golpistas que el 25 de septiembre de 1963 cercenaron nuestra incipiente democracia.<\/p>\n<p>La siguiente expresi\u00f3n suya lo pinta como lo que era, un patriota de pies a cabeza: \u00abEsta lucha no la hace un hombre ni un grupo de hombres. Es la lucha del pueblo y todo el pueblo, en diversos grados, debe participar en ella para que el triunfo sea el fruto del esfuerzo com\u00fan.\u00bb18<\/p>\n<p><strong>Bibliograf\u00eda:<\/strong><\/p>\n<p>1-Relaciones hist\u00f3ricas sobre la guerra restauradora. Editora Montalvo, 1951. Manuel Rodr\u00edguez Obj\u00edo.<\/p>\n<p>2-Anexi\u00f3n y guerra de Santo Domingo.Tomo I, libro tercero, cap\u00edtulo I.Pp 204-207. Jos\u00e9 de la G\u00e1ndara Navarro.<\/p>\n<p>3-Decreto del 27 de junio de 1889.M.M. Gautier, Vicepresidente de la Rep\u00fablica en ejercicio de la Presidencia.<\/p>\n<p>4-Discurso.6 de julio de 1889. Manuel Mar\u00eda Gautier. Vaciado en Acerca de Francisco del Rosario S\u00e1nchez.Editora Taller,1976.P216.Editor Emilio Rodr\u00edguez Demorizi.<\/p>\n<p>5- Romance de Antonio Duverg\u00e9. Poes\u00edas completas, Argentina,1954. V\u00edctor Garrido.<\/p>\n<p>6-Primera estrofa de un poema de Duarte.Vaciada en Historia de la Cultura Dominicana. Editora Amigo del Hogar,2016.P200. Mariano Lebr\u00f3n Savi\u00f1\u00f3n.<\/p>\n<p>7- La Rep\u00fablica Dominicana. Origen y destino del pueblo cristiano m\u00e1s antiguo de Am\u00e9rica.Editora del Caribe,1957.Ram\u00f3n Marrero Aristy.<\/p>\n<p>8-Historia de la Cultura Dominicana. Impresora Amigo del Hogar, 2016.P 216. Mariano Lebr\u00f3n Savi\u00f1\u00f3n.<\/p>\n<p>9-Duarte y otros temas. Editora del Caribe, 1971.P340. Alcides Garc\u00eda Lluberes.<\/p>\n<p>10-Memorias de un capit\u00e1n de artiller\u00eda de los ej\u00e9rcitos napole\u00f3nicos. P91.Francisco So\u00f1\u00e9 (Francois Sogne.)<\/p>\n<p>11- El Suroeste Dominicano, su franja m\u00e1s al Sur. Impresora Amigo del Hogar, 2017.P197.Te\u00f3filo Lappot Robles.<\/p>\n<p>12- S\u00e1nchez, defensor p\u00fablico. Revista Cl\u00edo No.71, julio-diciembre.Pp 94-103.A\u00f1o 1945. Emilio Rodr\u00edguez Demorizi.<\/p>\n<p>13-Complot develado. Segunda edici\u00f3n. Impresora Mediabyte,2005. P206. Rafael Valera Ben\u00edtez.<\/p>\n<p>14-Discurso.14 de junio de 1962.Discursos Pol\u00edticos (1961-1963). Editorial Santo Domingo, 2006.Manolo Tav\u00e1rez Justo.<\/p>\n<p>15-Personajes dominicanos.Tomo II.Editora Alfa y Omega,2013. P428. Roberto Cass\u00e1.<\/p>\n<p>16- Carta al director del List\u00edn Diario, Rafael Herrera. 27 de diciembre de 1963. Emilio Cordero Michel.<\/p>\n<p>17-Vivas en su jard\u00edn. Editora Corripio, 2009.Pp216 y 217. Ded\u00e9 Mirabal.<\/p>\n<p>18-Fragmento de discurso de Manuel Aurelio Tav\u00e1rez Justo.Obras escogidas.Ensayos I.Editora Corripio,2015.P42. Emilio Cordero Michel.<\/p>\n<p>-Fusilamiento de S\u00e1nchez.LD.27 de julio de 1926. Cayetano Armando Rodr\u00edguez.<\/p>\n<p>-La guerrilla del decoro. Editora Taller, 1994. Rafael Chaljub Mej\u00eda.<\/p>\n<p>-Movimiento 14 de junio. Historia y documentos. Editora B\u00faho, 2007.Recopilador Tony Raful.<\/p>\n<p>-Diccionario biogr\u00e1fico-hist\u00f3rico dominicano. Editora UASD,1971.Rufino Mart\u00ednez.<\/p>\n<p>-El centinela de la frontera.Impresora Centeno.Segunda edici\u00f3n,1974. Joaqu\u00edn Balaguer.<\/p>\n<p>S\u00e1nchez. Editora Montalvo,1947.II vol\u00famenes. Ram\u00f3n Lugo Lovat\u00f3n.<\/p>\n<h6> 2020-10-30 22:57:09 <\/h6>\n<p><!--\n<link rel=\"stylesheet\" href=\"css\/bootstrap.min.css\">\n\n\n<ul class=\"pagination\">\n\t    \n\t\n\n<li >\n\t<a href='?page_no=96'>Previous<\/a>\n\t<\/li>\n\n\n       \n    \n\n<li><a href='?page_no=1'>1<\/a><\/li>\n\n\n\n<li><a href='?page_no=2'>2<\/a><\/li>\n\n\n\n<li><a>...<\/a><\/li>\n\n\n\n<li><a href='?page_no=95'>95<\/a><\/li>\n\n\n\n<li><a href='?page_no=96'>96<\/a><\/li>\n\n\n\n<li class='active'><a>97<\/a><\/li>\n\n\n\n<li><a href='?page_no=98'>98<\/a><\/li>\n\n\n\n<li><a href='?page_no=99'>99<\/a><\/li>\n\n\n\n<li><a>...<\/a><\/li>\n\n\n\n<li><a href='?page_no=22911'>22911<\/a><\/li>\n\n\n\n<li><a href='?page_no=22912'>22912<\/a><\/li>\n\n    \n\t\n\n<li >\n\t<a href='?page_no=98'>Next<\/a>\n\t<\/li>\n\n\n    \n\n<li><a href='?page_no=22912'>Last &rsaquo;&rsaquo;<\/a><\/li>\n\n<\/ul>\n\n\n--><br \/>\n<\/body><\/p>\n","protected":false},"excerpt":{"rendered":"<p>Diariodominicano.com MAGNICIDIOS EN R.D. (y IV) S\u00c1NCHEZ, DUVERG\u00c9 Y MANOLO POR TE\u00d3FILO LAPPOT ROBLES Francisco del Rosario S\u00e1nchez Francisco del Rosario S\u00e1nchez forma junto con Juan Pablo Duarte Diez y Mat\u00edas Ram\u00f3n Mella Castillo la trilog\u00eda de los Padres de la Patria. Otros ilustres dominicanos tambi\u00e9n tienen dimensiones proceras, cuya evocaci\u00f3n es de justicia resaltar [&hellip;]<\/p>\n","protected":false},"author":3,"featured_media":0,"comment_status":"open","ping_status":"open","sticky":false,"template":"","format":"standard","meta":{"footnotes":""},"categories":[21],"tags":[],"class_list":["post-57925","post","type-post","status-publish","format-standard","hentry","category-cultura"],"_links":{"self":[{"href":"https:\/\/diariodominicano.com\/index.php?rest_route=\/wp\/v2\/posts\/57925","targetHints":{"allow":["GET"]}}],"collection":[{"href":"https:\/\/diariodominicano.com\/index.php?rest_route=\/wp\/v2\/posts"}],"about":[{"href":"https:\/\/diariodominicano.com\/index.php?rest_route=\/wp\/v2\/types\/post"}],"author":[{"embeddable":true,"href":"https:\/\/diariodominicano.com\/index.php?rest_route=\/wp\/v2\/users\/3"}],"replies":[{"embeddable":true,"href":"https:\/\/diariodominicano.com\/index.php?rest_route=%2Fwp%2Fv2%2Fcomments&post=57925"}],"version-history":[{"count":0,"href":"https:\/\/diariodominicano.com\/index.php?rest_route=\/wp\/v2\/posts\/57925\/revisions"}],"wp:attachment":[{"href":"https:\/\/diariodominicano.com\/index.php?rest_route=%2Fwp%2Fv2%2Fmedia&parent=57925"}],"wp:term":[{"taxonomy":"category","embeddable":true,"href":"https:\/\/diariodominicano.com\/index.php?rest_route=%2Fwp%2Fv2%2Fcategories&post=57925"},{"taxonomy":"post_tag","embeddable":true,"href":"https:\/\/diariodominicano.com\/index.php?rest_route=%2Fwp%2Fv2%2Ftags&post=57925"}],"curies":[{"name":"wp","href":"https:\/\/api.w.org\/{rel}","templated":true}]}}